{"id":268766,"date":"2025-12-03T09:47:09","date_gmt":"2025-12-03T09:47:09","guid":{"rendered":"https:\/\/www.europesays.com\/es\/268766\/"},"modified":"2025-12-03T09:47:09","modified_gmt":"2025-12-03T09:47:09","slug":"jorge-ponce-saca-la-ikurrina-en-la-revuelta-y-bromea-con-las-palabras-de-ayuso-sobre-el-asalto-de-eta-a-navarra","status":"publish","type":"post","link":"https:\/\/www.europesays.com\/es\/268766\/","title":{"rendered":"Jorge Ponce saca la ikurri\u00f1a en \u00abLa Revuelta\u00bb y bromea con las palabras de Ayuso sobre el asalto de ETA a Navarra"},"content":{"rendered":"<p>\n        En la entrega de <a href=\"https:\/\/www.deia.eus\/tags\/la-revuelta\/\" title=\"La Revuelta\" rel=\"nofollow noopener\" target=\"_blank\" class=\"link copy\">La Revuelta<\/a> emitida ayer por la noche, <strong>Jorge Ponce<\/strong> llev\u00f3 al programa una pieza sobre <strong>v\u00eddeos creados con inteligencia artificial<\/strong> y c\u00f3mo cada vez es m\u00e1s dif\u00edcil distinguirlos de los reales. En su secci\u00f3n mostr\u00f3 primero un clip claramente generado por IA en el que <strong>un mono le roba un paraguas a un turista y sale planeando ladera abajo<\/strong>, como si fuera Mary Poppins. El c\u00f3mico lo coment\u00f3 con su tono habitual, usando ese v\u00eddeo como base del gag sobre la IA en redes.\n<\/p>\n<blockquote class=\"twitter-tweet\" data-lang=\"es\" wp_automatic_readability=\"3.7735849056604\">\n<p lang=\"es\" dir=\"ltr\">\u2602\ufe0f\ud83d\udc35 Acu\u00e9rdate a partir de ahora con el mono con paraguas <a href=\"https:\/\/twitter.com\/hashtag\/LaRevuelta?src=hash&amp;ref_src=twsrc%5Etfw\" rel=\"nofollow noopener\" target=\"_blank\">#LaRevuelta<\/a> <a href=\"https:\/\/t.co\/N00JPleTje\" rel=\"nofollow\">pic.twitter.com\/N00JPleTje<\/a><\/p>\n<p>\u2014 La Revuelta (@LaRevuelta_TVE) <a href=\"https:\/\/twitter.com\/LaRevuelta_TVE\/status\/1995963935925960803?ref_src=twsrc%5Etfw\" rel=\"nofollow noopener\" target=\"_blank\">2 de diciembre de 2025<\/a><\/p><\/blockquote>\n<p class=\"article-body__text \">\n        Despu\u00e9s, Ponce enlaz\u00f3 la broma con la actualidad pol\u00edtica y, en concreto, con las <strong>declaraciones de Isabel D\u00edaz Ayuso<\/strong> sobre ETA . A partir de ah\u00ed ense\u00f1\u00f3 una segunda versi\u00f3n del mismo v\u00eddeo, tambi\u00e9n hecha con IA, en la que el mono aparec\u00eda caracterizado como \u201cvasco\u201d: <strong>con txapela<\/strong> y con un paraguas con los colores de la <strong>ikurri\u00f1a<\/strong>. La escena repet\u00eda la acci\u00f3n del primer clip, pero con esos elementos visuales a\u00f1adidos, que fueron el remate del momento en plat\u00f3.\u00a0\n<\/p>\n<p class=\"article-photo__footer\">\n            Jos\u00e9 Mar\u00eda Aznar, Isabel D\u00edaz Ayuso y Alberto N\u00fa\u00f1ez Feij\u00f3o durante la concentraci\u00f3n del PP            E.P.        <\/p>\n<p>  Una revoluci\u00f3n tecnol\u00f3gica<\/p>\n<p class=\"article-body__text \">\n        Los v\u00eddeos hechos con <strong>inteligencia artificial<\/strong> est\u00e1n ya por todas partes: te salen en redes, en grupos de WhatsApp, en TikTok, en X, en Instagram, y muchas veces ni te das cuenta de que son falsos. La calidad ha subido una barbaridad en muy poco tiempo y ahora es normal ver clips de animales haciendo cosas imposibles, famosos diciendo frases que nunca dijeron o escenas espectaculares que parecen de <a href=\"https:\/\/www.deia.eus\/ciencia-y-tecnologia\/2025\/11\/29\/viajes-google-maps-gastar-datos-moviles-10413861.html\" title=\"m\u00f3vil\" target=\"_blank\" class=\"link copy\" rel=\"nofollow noopener\">m\u00f3vil <\/a>pero est\u00e1n generadas a ordenador. El problema es que cada vez son <strong>m\u00e1s realistas y m\u00e1s f\u00e1ciles de producir<\/strong>, as\u00ed que se mezclan con el contenido aut\u00e9ntico y pasan como si nada, sobre todo cuando los ves r\u00e1pido, sin contexto, o con mala compresi\u00f3n.\n<\/p>\n<p class=\"article-body__text \">\n        Entre filtros, edici\u00f3n y IA, hay v\u00eddeos que son casi <strong>indistinguibles a simple vista<\/strong>, y al final mucha gente los comparte porque le sorprenden o le hacen gracia, no porque se pare a comprobar si son reales.\n<\/p>\n<p>            <script async src=\"https:\/\/platform.twitter.com\/widgets.js\" charset=\"utf-8\"><\/script><\/p>\n","protected":false},"excerpt":{"rendered":"En la entrega de La Revuelta emitida ayer por la noche, Jorge Ponce llev\u00f3 al programa una pieza&hellip;\n","protected":false},"author":2,"featured_media":268767,"comment_status":"","ping_status":"","sticky":false,"template":"","format":"standard","meta":{"footnotes":""},"categories":[171],"tags":[6984,30439,146,147,25,24,2152,32070,2224,708,1298,14791,528,12850,23,214],"class_list":{"0":"post-268766","1":"post","2":"type-post","3":"status-publish","4":"format-standard","5":"has-post-thumbnail","7":"category-tv","8":"tag-ayuso","9":"tag-bromea","10":"tag-entertainment","11":"tag-entretenimiento","12":"tag-es","13":"tag-espana","14":"tag-eta","15":"tag-ikurrina","16":"tag-jorge","17":"tag-navarra","18":"tag-palabras","19":"tag-ponce","20":"tag-revuelta","21":"tag-saca","22":"tag-spain","23":"tag-tv"},"share_on_mastodon":{"url":"https:\/\/pubeurope.com\/@es\/115655006384531730","error":""},"_links":{"self":[{"href":"https:\/\/www.europesays.com\/es\/wp-json\/wp\/v2\/posts\/268766","targetHints":{"allow":["GET"]}}],"collection":[{"href":"https:\/\/www.europesays.com\/es\/wp-json\/wp\/v2\/posts"}],"about":[{"href":"https:\/\/www.europesays.com\/es\/wp-json\/wp\/v2\/types\/post"}],"author":[{"embeddable":true,"href":"https:\/\/www.europesays.com\/es\/wp-json\/wp\/v2\/users\/2"}],"replies":[{"embeddable":true,"href":"https:\/\/www.europesays.com\/es\/wp-json\/wp\/v2\/comments?post=268766"}],"version-history":[{"count":0,"href":"https:\/\/www.europesays.com\/es\/wp-json\/wp\/v2\/posts\/268766\/revisions"}],"wp:featuredmedia":[{"embeddable":true,"href":"https:\/\/www.europesays.com\/es\/wp-json\/wp\/v2\/media\/268767"}],"wp:attachment":[{"href":"https:\/\/www.europesays.com\/es\/wp-json\/wp\/v2\/media?parent=268766"}],"wp:term":[{"taxonomy":"category","embeddable":true,"href":"https:\/\/www.europesays.com\/es\/wp-json\/wp\/v2\/categories?post=268766"},{"taxonomy":"post_tag","embeddable":true,"href":"https:\/\/www.europesays.com\/es\/wp-json\/wp\/v2\/tags?post=268766"}],"curies":[{"name":"wp","href":"https:\/\/api.w.org\/{rel}","templated":true}]}}