{"id":268768,"date":"2025-12-03T09:48:28","date_gmt":"2025-12-03T09:48:28","guid":{"rendered":"https:\/\/www.europesays.com\/es\/268768\/"},"modified":"2025-12-03T09:48:28","modified_gmt":"2025-12-03T09:48:28","slug":"turbo-3-angel-stanich-091-bloc-party-triangulo-de-amor-bizarro","status":"publish","type":"post","link":"https:\/\/www.europesays.com\/es\/268768\/","title":{"rendered":"Turbo 3 &#8211; \u00c1ngel Stanich | 091 | Bloc Party | Tri\u00e1ngulo de Amor Bizarro"},"content":{"rendered":"<p>\u00c1ngel Stanich vuelve a la carga: en Radio (180 Grados y Turbo 3) estrenamos &#8216;Poquita fe&#8217;, tercer adelanto del pr\u00f3ximo y esperado disco de nuestro admirado bardo; esta vez, Stanich muestra su cara m\u00e1s groovy demostrando c\u00f3mo combinar con maestr\u00eda una letra de tintes existencialistas (una animosa par\u00e1bola del des\u00e1nimo) con un esp\u00edritu bailable perfecto para sudar en sus conciertos -o para saltar al comp\u00e1s de sus brincos marca de la casa-, y todo ello creando un crossover entre dos series de \u00e9pocas dispares y sus protagonistas: el Michael Landon de &#8216;Autopista hacia el cielo&#8217; y el Ra\u00fal Cimas de &#8216;Poquita fe&#8217;. Adem\u00e1s, en esta sesi\u00f3n te presentamos el primer avance del nuevo \u00e1lbum de 091, nos sumergimos en la reedici\u00f3n 20\u00ba aniversario del debut de Bloc Party, y escuchamos a Tri\u00e1ngulo de Amor Bizarro adaptando al castellano la emblem\u00e1tica canci\u00f3n de New Order que les dio nombre y sentido. <\/p>\n<p>Playlist:<\/p>\n<p>TRI\u00c1NGULO DE AMOR BIZARRO &#8211; Tri\u00e1ngulo de amor bizarro<\/p>\n<p>RUFUS T. FIREFLY &#8211; Estrella solitaria<\/p>\n<p>MONSTRUO LABERINTO &#8211; Humo humano<\/p>\n<p>LE\u00d3N BENAVENTE &#8211; Nada<\/p>\n<p>ULTRALIGERA &#8211; Matanza en el hotel<\/p>\n<p>LA M.O.D.A. &#8211; No te necesito para ser feliz (feat. Repion)<\/p>\n<p>\u00c1NGEL STANICH &#8211; Os traigo amor<\/p>\n<p>\u00c1NGEL STANICH &#8211; Poquita fe<\/p>\n<p>ZAHARA &#8211; Tus michis<\/p>\n<p>BALU BRIGADA &#8211; Backseat<\/p>\n<p>REPION &#8211; El sue\u00f1o dura una semana [Disco Gourmet de la semana]<\/p>\n<p>LADY BANANA &#8211; Tashirojima (feat. Marina I\u00f1esta)<\/p>\n<p>BLOC PARTY &#8211; Helicopter<\/p>\n<p>BLOC PARTY &#8211; Banquet (Demo)<\/p>\n<p>BLOC PARTY &#8211; So Here We Are (BBC 1 Rob Da Bank &#8211; Peel Session)<\/p>\n<p>BLOC PARTY &#8211; Tulips<\/p>\n<p>091 &#8211; Vengo a terminar lo que empec\u00e9<\/p>\n<p>091 &#8211; No tiene sentido escapar<\/p>\n<p>091 &#8211; \u00bfQu\u00e9 fue del siglo XX?<\/p>\n<p>LUZ CASAL &#8211; Me voy a permitir<\/p>\n<p>LARKIN POE &#8211; Bluephoria<\/p>\n<p>CAITLIN KRISKO &amp; THE BROADCAST &#8211; Everything I Need<\/p>\n<p>THE LEMON TWIGS &#8211; I&#8217;ve Got A Broken Cast<\/p>\n<p>RONNIE D&#8217;ADDARIO &#8211; Not Today (feat. The Lemon Twigs)<\/p>\n<p>THE BYRDS &#8211; Turn! Turn! Turn! (To Everything There Is a Season)<\/p>\n<p>DJO &#8211; Charlie&#8217;s Garden<\/p>\n","protected":false},"excerpt":{"rendered":"\u00c1ngel Stanich vuelve a la carga: en Radio (180 Grados y Turbo 3) estrenamos &#8216;Poquita fe&#8217;, tercer adelanto&hellip;\n","protected":false},"author":2,"featured_media":268769,"comment_status":"","ping_status":"","sticky":false,"template":"","format":"standard","meta":{"footnotes":""},"categories":[170],"tags":[66214,146,147,25,24,184,185,133,1448,1986,1987,23,34421],"class_list":{"0":"post-268768","1":"post","2":"type-post","3":"status-publish","4":"format-standard","5":"has-post-thumbnail","7":"category-musica","8":"tag-angel-stanich-091-bloc-party-triangulo-de-amor-bizarro","9":"tag-entertainment","10":"tag-entretenimiento","11":"tag-es","12":"tag-espana","13":"tag-music","14":"tag-musica","15":"tag-online","16":"tag-radio","17":"tag-rne","18":"tag-rtve-play","19":"tag-spain","20":"tag-turbo-3"},"share_on_mastodon":{"url":"https:\/\/pubeurope.com\/@es\/115655010348059122","error":""},"_links":{"self":[{"href":"https:\/\/www.europesays.com\/es\/wp-json\/wp\/v2\/posts\/268768","targetHints":{"allow":["GET"]}}],"collection":[{"href":"https:\/\/www.europesays.com\/es\/wp-json\/wp\/v2\/posts"}],"about":[{"href":"https:\/\/www.europesays.com\/es\/wp-json\/wp\/v2\/types\/post"}],"author":[{"embeddable":true,"href":"https:\/\/www.europesays.com\/es\/wp-json\/wp\/v2\/users\/2"}],"replies":[{"embeddable":true,"href":"https:\/\/www.europesays.com\/es\/wp-json\/wp\/v2\/comments?post=268768"}],"version-history":[{"count":0,"href":"https:\/\/www.europesays.com\/es\/wp-json\/wp\/v2\/posts\/268768\/revisions"}],"wp:featuredmedia":[{"embeddable":true,"href":"https:\/\/www.europesays.com\/es\/wp-json\/wp\/v2\/media\/268769"}],"wp:attachment":[{"href":"https:\/\/www.europesays.com\/es\/wp-json\/wp\/v2\/media?parent=268768"}],"wp:term":[{"taxonomy":"category","embeddable":true,"href":"https:\/\/www.europesays.com\/es\/wp-json\/wp\/v2\/categories?post=268768"},{"taxonomy":"post_tag","embeddable":true,"href":"https:\/\/www.europesays.com\/es\/wp-json\/wp\/v2\/tags?post=268768"}],"curies":[{"name":"wp","href":"https:\/\/api.w.org\/{rel}","templated":true}]}}