{"id":268777,"date":"2025-12-03T09:53:14","date_gmt":"2025-12-03T09:53:14","guid":{"rendered":"https:\/\/www.europesays.com\/es\/268777\/"},"modified":"2025-12-03T09:53:14","modified_gmt":"2025-12-03T09:53:14","slug":"tiene-panel-qled-y-es-compatible-con-alexa","status":"publish","type":"post","link":"https:\/\/www.europesays.com\/es\/268777\/","title":{"rendered":"tiene panel QLED y es compatible con Alexa"},"content":{"rendered":"<p>PcComponentes sigue con su <a rel=\"nofollow, sponsored, noopener, noreferrer\" target=\"_blank\" class=\"js-ecommerce\" id=\"link-ecommerce-1\" href=\"https:\/\/www.xataka.com\/redirect?url=https%3A%2F%2Fwww.pccomponentes.com%2Fcyber-monday&amp;category=seleccion&amp;ecomPostExpiration=perish&amp;postId=328199\" data-vars-affiliate-url=\"https:\/\/www.pccomponentes.com\/cyber-monday\">Cyber Week<\/a> lanzando descuentos de lo m\u00e1s interesantes en todo tipo de dispositivos, incluso en televisores. Ahora, la smart TV <strong>Samsung Q7F<\/strong> ha bajado hasta los <a rel=\"nofollow, sponsored, noopener, noreferrer\" target=\"_blank\" class=\"js-ecommerce\" id=\"link-ecommerce-2\" href=\"https:\/\/www.xataka.com\/redirect?url=https%3A%2F%2Fwww.pccomponentes.com%2Ftelevisor-samsung-q7f-qe43q7faau-43-qled-4k-ultra-hd-smart-tv-wifi-negro&amp;category=seleccion&amp;ecomPostExpiration=perish&amp;postId=328199\" data-vars-affiliate-url=\"https:\/\/www.pccomponentes.com\/televisor-samsung-q7f-qe43q7faau-43-qled-4k-ultra-hd-smart-tv-wifi-negro\">299 euros<\/a>, un precio de lo m\u00e1s ajustado que llega con el descuento del 40% (200 euros al cambio).<\/p>\n<p> <a rel=\"nofollow, sponsored, noopener, noreferrer\" target=\"_blank\" href=\"https:\/\/www.xataka.com\/redirect?site=xataka&amp;url=https%3A%2F%2Fwww.pccomponentes.com%2Ftelevisor-samsung-q7f-qe43q7faau-43-qled-4k-ultra-hd-smart-tv-wifi-negro&amp;affiliate_id=&amp;ecomPostExpiration=perish&amp;postId=328199\"><br \/>\n     <img loading=\"lazy\" decoding=\"async\" src=\"https:\/\/www.europesays.com\/es\/wp-content\/uploads\/2025\/12\/1764755592_311_original.jpeg\" alt=\"Samsung Q7F (QLED, 43 pulgadas)\" width=\"900\" height=\"900\"\/><br \/>\n   <\/a><\/p>\n<p class=\"pivot-ecommerce-desc\">Samsung Q7F (QLED, 43 pulgadas)<\/p>\n<p>El precio podr\u00eda variar. Obtenemos comisi\u00f3n por estos enlaces<\/p>\n<p>Una tele con Alexa<\/p>\n<p>                    <a rel=\"nofollow, sponsored, noopener, noreferrer\" target=\"_blank\" class=\"js-ecommerce\" id=\"link-ecommerce-3\" href=\"https:\/\/www.xataka.com\/redirect?url=https%3A%2F%2Fwww.pccomponentes.com%2Ftelevisor-samsung-q7f-qe43q7faau-43-qled-4k-ultra-hd-smart-tv-wifi-negro&amp;category=seleccion&amp;ecomPostExpiration=perish&amp;postId=328199\" data-vars-affiliate-url=\"https:\/\/www.pccomponentes.com\/televisor-samsung-q7f-qe43q7faau-43-qled-4k-ultra-hd-smart-tv-wifi-negro\"><br \/>\n         <img class=\"centro_sinmarco\" height=\"900\" width=\"1600\" loading=\"lazy\" decoding=\"async\"  fetchpriority=\"high\"  src=\"https:\/\/www.europesays.com\/es\/wp-content\/uploads\/2025\/12\/1764755593_88_450_1000.jpeg\" alt=\"Pccomponentes\"\/><\/p>\n<p>     <\/a><\/p>\n<p>La Samsung Q7F es una <a class=\"text-outboundlink\" href=\"https:\/\/www.xataka.com\/seleccion\/buscando-mejor-televisor-calidad-precio-recomendaciones-compra-funcion-uso-8-smart-tv-destacados\" data-vars-post-title=\"Mejores televisores en calidad precio. Cu\u00e1l comprar y siete smart TV 4K recomendados\" data-vars-post-url=\"https:\/\/www.xataka.com\/seleccion\/buscando-mejor-televisor-calidad-precio-recomendaciones-compra-funcion-uso-8-smart-tv-destacados\" rel=\"nofollow noopener\" target=\"_blank\">smart TV<\/a> que tiene una muy buena relaci\u00f3n calidad-precio. Por un lado, cabe destacar que, si bien es cierto que sus biseles no son los m\u00e1s ajustados del mercado, tiene un marco bastante estrecho. Adem\u00e1s, <strong>su tama\u00f1o es de 43 pulgadas<\/strong>, por lo que puede resultar interesante para salones o dormitorios.<\/p>\n<p>Su panel tiene <strong>tecnolog\u00eda QLED<\/strong>, ofrece una resoluci\u00f3n 4K y es compatible con el formato de imagen <a class=\"text-outboundlink\" href=\"https:\/\/www.xataka.com\/televisores\/biblia-hdr-que-cuales-estandares-actuales-como-no-todo-que-dicen-que-hdr-efectivamente\" data-vars-post-title=\"La biblia del HDR: qu\u00e9 es, cu\u00e1les son los est\u00e1ndares actuales y c\u00f3mo no todo lo que dicen que es HDR lo es en realidad\" data-vars-post-url=\"https:\/\/www.xataka.com\/televisores\/biblia-hdr-que-cuales-estandares-actuales-como-no-todo-que-dicen-que-hdr-efectivamente\" rel=\"nofollow noopener\" target=\"_blank\">HDR10+<\/a>. Tambi\u00e9n incorpora el <strong>modo Filmmaker<\/strong> para pel\u00edculas y series, es compatible con Q-Symphony (interesante si tenemos o queremos una barra compatible de la marca) y dispone de Adaptive Sound.<\/p>\n<p>Su sistema de altavoces ofrece una potencia de audio de 20W RMS e incluye la funci\u00f3n Multi-View para reproducir dos contenidos a la vez. Adem\u00e1s, esta tele es compatible con el <strong>asistente de voz Alexa<\/strong> y viene tanto con tres puertos HDMI como con WiFi, Bluetooth y un puerto USB.<\/p>\n<p>    <a href=\"https:\/\/www.xataka.com\/seleccion\/consum-vende-baliza-v16-que-podras-cumplir-nueva-normativa-dgt-a-partir-1-enero\" class=\"pivot-outboundlink\" data-vars-post-title=\"Consum vende una baliza V16 con la que podr\u00e1s cumplir con la nueva normativa de la DGT a partir del 1 de enero \" rel=\"nofollow noopener\" target=\"_blank\"><br \/>\n     <img loading=\"lazy\" decoding=\"async\" alt=\"Consum vende una baliza V16 con la que podr\u00e1s cumplir con la nueva normativa de la DGT a partir del 1 de enero \" width=\"375\" height=\"142\" src=\"https:\/\/www.europesays.com\/es\/wp-content\/uploads\/2025\/12\/1764755593_921_375_142.jpeg\"\/><br \/>\n    <\/a><\/p>\n<p>Tambi\u00e9n te puede interesar<\/p>\n<p> <a rel=\"nofollow, sponsored, noopener, noreferrer\" target=\"_blank\" href=\"https:\/\/www.xataka.com\/redirect?site=xataka&amp;url=https%3A%2F%2Fwww.amazon.es%2Fdp%2FB0CZTXS6C9%3Ftag%3Dxataka-21%26linkCode%3Dogi%26th%3D1%26psc%3D1&amp;affiliate_id=&amp;ecomPostExpiration=perish&amp;postId=328199\"><br \/>\n     <img loading=\"lazy\" decoding=\"async\" src=\"https:\/\/www.europesays.com\/es\/wp-content\/uploads\/2025\/12\/1764755593_638_original.jpeg\" alt=\"Samsung Barra de Sonido HW-S700D\/ZF 2024 - Dise\u00f1o Ultra Slim, Dolby Atmos Inal\u00e1mbrico, Q-Symphony, 3.1 Canales y SpaceFit Sound\" width=\"500\" height=\"500\"\/><br \/>\n   <\/a><\/p>\n<p class=\"pivot-ecommerce-desc\">Samsung Barra de Sonido HW-S700D\/ZF 2024 &#8211; Dise\u00f1o Ultra Slim, Dolby Atmos Inal\u00e1mbrico, Q-Symphony, 3.1 Canales y SpaceFit Sound<\/p>\n<p>El precio podr\u00eda variar. Obtenemos comisi\u00f3n por estos enlaces<\/p>\n<p> <a rel=\"nofollow, sponsored, noopener, noreferrer\" target=\"_blank\" href=\"https:\/\/www.xataka.com\/redirect?site=xataka&amp;url=https%3A%2F%2Fwww.amazon.es%2Fdp%2FB0F7ZFWVTC%3Ftag%3Dxataka-21%26linkCode%3Dogi%26th%3D1%26psc%3D1&amp;affiliate_id=&amp;ecomPostExpiration=perish&amp;postId=328199\"><br \/>\n     <img loading=\"lazy\" decoding=\"async\" src=\"https:\/\/www.europesays.com\/es\/wp-content\/uploads\/2025\/12\/1764755594_972_original.jpeg\" alt=\"Amazon Fire TV Stick 4K Plus, compatible con Wi-Fi 6, Dolby Vision, Dolby Atmos y HDR10+\" width=\"500\" height=\"500\"\/><br \/>\n   <\/a><\/p>\n<p class=\"pivot-ecommerce-desc\">Amazon Fire TV Stick 4K Plus, compatible con Wi-Fi 6, Dolby Vision, Dolby Atmos y HDR10+<\/p>\n<p>El precio podr\u00eda variar. Obtenemos comisi\u00f3n por estos enlaces<\/p>\n<p>Algunos de los enlaces de este art\u00edculo son afiliados y pueden reportar un beneficio a Xataka. En caso de no disponibilidad, las ofertas pueden variar.<\/p>\n<p>Im\u00e1genes |\u00a0Samsung<\/p>\n<p>En Xataka |\u00a0<a class=\"text-outboundlink\" href=\"https:\/\/www.xataka.com\/seleccion\/guia-compra-proyectores-como-elegir-modelo-ideal-24-modelos-400-24-000-euros\" data-vars-post-title=\"Mejores proyectores de cine en casa. Cu\u00e1l comprar y cinco modelos recomendados desde 299 a 18.000 euros\" data-vars-post-url=\"https:\/\/www.xataka.com\/seleccion\/guia-compra-proyectores-como-elegir-modelo-ideal-24-modelos-400-24-000-euros\" rel=\"nofollow noopener\" target=\"_blank\">Mejores proyectores de cine en casa. Cu\u00e1l comprar y cinco modelos recomendados desde 299 a 18.000 euros<\/a><\/p>\n<p>En Xataka |\u00a0<a class=\"text-outboundlink\" href=\"https:\/\/www.xataka.com\/seleccion\/mega-guia-para-montarte-cine-casa-proyector-pantalla-sistema-sonido\" data-vars-post-title=\"Mega-gu\u00eda para montarte un cine en casa: proyector, pantalla, sistema de sonido y m\u00e1s\" data-vars-post-url=\"https:\/\/www.xataka.com\/seleccion\/mega-guia-para-montarte-cine-casa-proyector-pantalla-sistema-sonido\" rel=\"nofollow noopener\" target=\"_blank\">Mega-gu\u00eda para montarte un cine en casa: proyector, pantalla, sistema de sonido y m\u00e1s<\/a><\/p>\n","protected":false},"excerpt":{"rendered":"PcComponentes sigue con su Cyber Week lanzando descuentos de lo m\u00e1s interesantes en todo tipo de dispositivos, incluso&hellip;\n","protected":false},"author":2,"featured_media":268778,"comment_status":"","ping_status":"","sticky":false,"template":"","format":"standard","meta":{"footnotes":""},"categories":[81],"tags":[119,123,124,25,24,117,121,122,23,118,120],"class_list":{"0":"post-268777","1":"post","2":"type-post","3":"status-publish","4":"format-standard","5":"has-post-thumbnail","7":"category-ciencia-y-tecnologia","8":"tag-ciencia","9":"tag-ciencia-y-tecnologia","10":"tag-cienciaytecnologia","11":"tag-es","12":"tag-espana","13":"tag-science","14":"tag-science-and-technology","15":"tag-scienceandtechnology","16":"tag-spain","17":"tag-technology","18":"tag-tecnologia"},"share_on_mastodon":{"url":"https:\/\/pubeurope.com\/@es\/115655030303854798","error":""},"_links":{"self":[{"href":"https:\/\/www.europesays.com\/es\/wp-json\/wp\/v2\/posts\/268777","targetHints":{"allow":["GET"]}}],"collection":[{"href":"https:\/\/www.europesays.com\/es\/wp-json\/wp\/v2\/posts"}],"about":[{"href":"https:\/\/www.europesays.com\/es\/wp-json\/wp\/v2\/types\/post"}],"author":[{"embeddable":true,"href":"https:\/\/www.europesays.com\/es\/wp-json\/wp\/v2\/users\/2"}],"replies":[{"embeddable":true,"href":"https:\/\/www.europesays.com\/es\/wp-json\/wp\/v2\/comments?post=268777"}],"version-history":[{"count":0,"href":"https:\/\/www.europesays.com\/es\/wp-json\/wp\/v2\/posts\/268777\/revisions"}],"wp:featuredmedia":[{"embeddable":true,"href":"https:\/\/www.europesays.com\/es\/wp-json\/wp\/v2\/media\/268778"}],"wp:attachment":[{"href":"https:\/\/www.europesays.com\/es\/wp-json\/wp\/v2\/media?parent=268777"}],"wp:term":[{"taxonomy":"category","embeddable":true,"href":"https:\/\/www.europesays.com\/es\/wp-json\/wp\/v2\/categories?post=268777"},{"taxonomy":"post_tag","embeddable":true,"href":"https:\/\/www.europesays.com\/es\/wp-json\/wp\/v2\/tags?post=268777"}],"curies":[{"name":"wp","href":"https:\/\/api.w.org\/{rel}","templated":true}]}}