{"id":268783,"date":"2025-12-03T09:56:07","date_gmt":"2025-12-03T09:56:07","guid":{"rendered":"https:\/\/www.europesays.com\/es\/268783\/"},"modified":"2025-12-03T09:56:07","modified_gmt":"2025-12-03T09:56:07","slug":"perez-llorca-anuncia-la-composicion-del-nuevo-consell","status":"publish","type":"post","link":"https:\/\/www.europesays.com\/es\/268783\/","title":{"rendered":"P\u00e9rez Llorca anuncia la composici\u00f3n del nuevo Consell"},"content":{"rendered":"<p>El president de la Generalitat Valenciana, <strong>Juanfran P\u00e9rez Llorca<\/strong>, anunciar\u00e1 este mi\u00e9rcoles la composici\u00f3n del nuevo Consell en el Palau de la Generalitat, un d\u00eda despu\u00e9s de pedir perd\u00f3n a las v\u00edctimas de la <strong>dana<\/strong> y llamar a la \u00abreconciliaci\u00f3n entre las administraciones\u00bb en el acto de toma posesi\u00f3n como president ante el pleno de Les Corts. <\/p>\n<p>P\u00e9rez Llorca, investido la semana pasada con los votos de <strong>PP<\/strong> y <strong>Vox<\/strong>, releva como octavo president a Carlos Maz\u00f3n, dimitido el pasado 3 de noviembre ante la creciente presi\u00f3n y cr\u00edticas por su gesti\u00f3n de la emergencia del 29 de octubre en la que <strong>murieron 230 personas,<\/strong> solo en la provincia de Valencia, y otras ocho perdieron la vida en Castilla-La Mancha y Andaluc\u00eda.<\/p>\n<p>P\u00e9rez Llorca ya avanz\u00f3 que quer\u00eda medir los tiempos y que esperar\u00eda a la toma de posesi\u00f3n del cargo para concretar su nuevo Consell, y el pasado viernes, tras su investidura en Les Corts, manifest\u00f3 que ya estaba trabajando en nombres y \u00aben ponerse a la faena cuanto antes posible\u00bb. <\/p>\n<p>Por parte de <strong>Vox<\/strong>, su socio de investidura, su portavoz Jos\u00e9 Mar\u00eda Llanos, advert\u00eda al nuevo president de la Generalitat, Juanfran P\u00e9rez Llorca, que el apoyo de su partido a la investidura no es \u00abun cheque en blanco\u00bb y que \u00abvigilar\u00e1n\u00bb que cumpla con \u00abtodos los compromisos\u00bb pactados con  el PP contra la \u00ab<strong>inmigraci\u00f3n<\/strong> ilegal\u00bb o el <strong>Pacto Verde<\/strong> Europeo. <\/p>\n<p>Cr\u00edticas de la oposici\u00f3n al discurso del nuevo president<\/p>\n<p>Los grupos de la oposici\u00f3n en Les Corts se mostraron cr\u00edticos hacia el discurso del nuevo president por pedir perd\u00f3n a las v\u00edctimas sin haber exigido antes a su antecesor en el cargo que abandone el acto de diputado \u2014como reivindican las asociaciones de damnificados\u2014 y habi\u00e9ndole designado adem\u00e1s portavoz de una comisi\u00f3n en Les Corts.<\/p>\n<p>El s\u00edndic del <strong>PSPV<\/strong>, <strong>Jos\u00e9 Mu\u00f1oz<\/strong>, instaba a P\u00e9rez Llorca a explicar cu\u00e1l iba a ser su \u00abagenda oculta\u00bb de gobierno tras ser investido con el apoyo de Vox y el de <strong>Comprom\u00eds<\/strong>, <strong>Joan Baldov\u00ed<\/strong>, advert\u00eda que lo primero que ha hecho el president no ha sido pedir perd\u00f3n a las v\u00edctimas como se hab\u00eda comprometido, sino \u00abdarle un sobresueldo\u00bb a Maz\u00f3n \u00abpara que no haga absolutamente nada\u00bb.<\/p>\n","protected":false},"excerpt":{"rendered":"El president de la Generalitat Valenciana, Juanfran P\u00e9rez Llorca, anunciar\u00e1 este mi\u00e9rcoles la composici\u00f3n del nuevo Consell en&hellip;\n","protected":false},"author":2,"featured_media":268784,"comment_status":"","ping_status":"","sticky":false,"template":"","format":"standard","meta":{"footnotes":""},"categories":[8],"tags":[17,18,25,24,13,14,11,19,20,9,10,15,16,23,12,21,22],"class_list":{"0":"post-268783","1":"post","2":"type-post","3":"status-publish","4":"format-standard","5":"has-post-thumbnail","7":"category-espana","8":"tag-breaking-news","9":"tag-breakingnews","10":"tag-es","11":"tag-espana","12":"tag-featured-news","13":"tag-featurednews","14":"tag-headlines","15":"tag-latest-news","16":"tag-latestnews","17":"tag-news","18":"tag-noticias","19":"tag-noticias-destacadas","20":"tag-noticiasdestacadas","21":"tag-spain","22":"tag-titulares","23":"tag-ultimas-noticias","24":"tag-ultimasnoticias"},"share_on_mastodon":{"url":"https:\/\/pubeurope.com\/@es\/115655041738190117","error":""},"_links":{"self":[{"href":"https:\/\/www.europesays.com\/es\/wp-json\/wp\/v2\/posts\/268783","targetHints":{"allow":["GET"]}}],"collection":[{"href":"https:\/\/www.europesays.com\/es\/wp-json\/wp\/v2\/posts"}],"about":[{"href":"https:\/\/www.europesays.com\/es\/wp-json\/wp\/v2\/types\/post"}],"author":[{"embeddable":true,"href":"https:\/\/www.europesays.com\/es\/wp-json\/wp\/v2\/users\/2"}],"replies":[{"embeddable":true,"href":"https:\/\/www.europesays.com\/es\/wp-json\/wp\/v2\/comments?post=268783"}],"version-history":[{"count":0,"href":"https:\/\/www.europesays.com\/es\/wp-json\/wp\/v2\/posts\/268783\/revisions"}],"wp:featuredmedia":[{"embeddable":true,"href":"https:\/\/www.europesays.com\/es\/wp-json\/wp\/v2\/media\/268784"}],"wp:attachment":[{"href":"https:\/\/www.europesays.com\/es\/wp-json\/wp\/v2\/media?parent=268783"}],"wp:term":[{"taxonomy":"category","embeddable":true,"href":"https:\/\/www.europesays.com\/es\/wp-json\/wp\/v2\/categories?post=268783"},{"taxonomy":"post_tag","embeddable":true,"href":"https:\/\/www.europesays.com\/es\/wp-json\/wp\/v2\/tags?post=268783"}],"curies":[{"name":"wp","href":"https:\/\/api.w.org\/{rel}","templated":true}]}}