{"id":268789,"date":"2025-12-03T10:03:22","date_gmt":"2025-12-03T10:03:22","guid":{"rendered":"https:\/\/www.europesays.com\/es\/268789\/"},"modified":"2025-12-03T10:03:22","modified_gmt":"2025-12-03T10:03:22","slug":"presion-maxima-sobre-el-coi","status":"publish","type":"post","link":"https:\/\/www.europesays.com\/es\/268789\/","title":{"rendered":"presi\u00f3n m\u00e1xima sobre el COI"},"content":{"rendered":"<p>Tadej Poga\u010dar se une al movimiento liderado por la UCI y World Athletics para que el ciclocross entre en los Juegos Ol\u00edmpicos de invierno de 2030. La presi\u00f3n aumenta antes de la decisi\u00f3n clave del COI, prevista para febrero de 2026.<\/p>\n<blockquote class=\"quote-card lateral\">\n<p>\u201cEl ciclocross es una gran escuela para cualquier disciplina. Tambi\u00e9n para m\u00ed lo fue\u201d, Tadej Poga\u010dar<\/p>\n<\/blockquote>\n<p>El ciclocross sigue ganando apoyos en su intento de <a href=\"https:\/\/esmtb.com\/el-ciclocross-podria-debutar-en-los-jj-oo-de-2030-este-es-el-plan\/\" target=\"_blank\" rel=\"noopener nofollow\">entrar en el programa de los Juegos Ol\u00edmpicos de invierno de 2030<\/a>, y lo hace con una de las voces m\u00e1s potentes del ciclismo mundial: Tadej Poga\u010dar. El doble ganador del Tour de Francia se ha unido p\u00fablicamente a la campa\u00f1a que impulsa la UCI, junto con World Athletics y otras figuras como Mathieu van der Poel y Puck Pieterse, para que esta disciplina tenga por fin su sitio en unos Juegos.<\/p>\n<p>La presi\u00f3n institucional y medi\u00e1tica se ha intensificado en los \u00faltimos meses. El objetivo es claro: convencer al Comit\u00e9 Ol\u00edmpico Internacional (COI) antes de su sesi\u00f3n clave de febrero de 2026, previa a los Juegos de Mil\u00e1n-Cortina, en la que se decidir\u00e1n los deportes adicionales que se incorporar\u00e1n a los JJ. OO. de invierno en los Alpes franceses.<\/p>\n<p>\t Contin\u00faa tras los patrocinadores<\/p>\n<blockquote class=\"quote-card lateral\">\n<p>La UCI ha pedido a estrellas como Van der Poel y Poga\u010dar que participen en v\u00eddeos para el COI<\/p>\n<\/blockquote>\n<p>Desde su sede en Suiza, el director deportivo de la UCI Peter Van den Abeele lleva a\u00f1os trabajando en esta candidatura. Tras intentar sin \u00e9xito que el ciclocross fuese deporte de exhibici\u00f3n en Mil\u00e1n 2026, ahora todas las energ\u00edas se centran en 2030. Van den Abeele ha confirmado que figuras como Poga\u010dar, Van der Poel y Pieterse han grabado v\u00eddeos de apoyo destinados al comit\u00e9 organizador y al propio COI.<\/p>\n<p>Poga\u010dar, que tambi\u00e9n practic\u00f3 ciclocross en sus inicios, ha destacado su valor formativo: \u201cEs una gran escuela para todas las disciplinas. Tambi\u00e9n para m\u00ed lo fue\u201d, afirm\u00f3 el esloveno. La UCI busca que estas declaraciones p\u00fablicas sumen peso a la candidatura, especialmente tras el rechazo frontal expresado por las federaciones de deportes de invierno, agrupadas en la FIS.<\/p>\n<p><a href=\"https:\/\/esmtb.com\/wp-content\/uploads\/2025\/12\/tadej1.jpg\" rel=\"nofollow noopener\" target=\"_blank\"><img fetchpriority=\"high\" decoding=\"async\" class=\"size-large wp-image-158185 \" src=\"https:\/\/www.europesays.com\/es\/wp-content\/uploads\/2025\/12\/tadej1-1024x682.jpg\" alt=\"\" width=\"1024\" height=\"682\"  \/><\/a><\/p>\n<p class=\"wp-caption-text\">Tadej Poga\u010dar<\/p>\n<blockquote class=\"quote-card lateral\">\n<p>La FIS acusa a la propuesta de \u201cdiluir la identidad de los Juegos de invierno\u201d<\/p>\n<\/blockquote>\n<p>El pasado 13 de noviembre, estas federaciones emitieron un comunicado en el que rechazan cualquier intento de incluir deportes que no se practiquen espec\u00edficamente sobre nieve o hielo. \u201cEl programa actual celebra una cultura \u00fanica y no deber\u00eda verse comprometido por deportes de verano\u201d, afirmaron. La carta ol\u00edmpica actual exige precisamente ese requisito: que los deportes invernales se desarrollen sobre nieve o hielo.<\/p>\n<p>No obstante, desde la UCI y World Athletics se defiende que el ciclocross es una disciplina <strong>eminentemente invernal<\/strong>, con calendario que va de octubre a febrero, condiciones clim\u00e1ticas extremas y carreras como la de Val di Sole ya consolidadas sobre nieve. Adem\u00e1s, el plan incluye compartir circuito con el cross-country running, otra disciplina impulsada por Sebastian Coe, presidente de World Athletics, que ha trabajado codo con codo con la UCI para construir una candidatura conjunta.<\/p>\n<p><a href=\"https:\/\/esmtb.com\/wp-content\/uploads\/2022\/12\/nieve2.jpg\" rel=\"nofollow noopener\" target=\"_blank\"><img loading=\"lazy\" decoding=\"async\" class=\"size-large wp-image-117517 \" src=\"https:\/\/www.europesays.com\/es\/wp-content\/uploads\/2025\/12\/nieve2-1024x941.jpg\" alt=\"\" width=\"1024\" height=\"941\"  \/><\/a><\/p>\n<p class=\"wp-caption-text\">Val di Sole<\/p>\n<blockquote class=\"quote-card lateral\">\n<p>La Planche des Belles Filles se mantiene como sede preferente para albergar la prueba<\/p>\n<\/blockquote>\n<p>La nueva presidenta del COI, Kirsty Coventry, ha promovido la creaci\u00f3n del grupo de trabajo Fit for the Future, cuya misi\u00f3n es evaluar qu\u00e9 deportes pueden enriquecer el programa ol\u00edmpico y atraer a nuevas audiencias. Coe ha reconocido p\u00fablicamente que Coventry pidi\u00f3 acelerar el proceso de innovaci\u00f3n, y que ve con buenos ojos la entrada de disciplinas como el ciclocross y el cross-country, incluso aunque requieran ajustar el reglamento ol\u00edmpico.<\/p>\n<p>En paralelo al debate reglamentario, la candidatura francesa para acoger la prueba de ciclocross en La Planche des Belles Filles sigue en pie, impulsada por el departamento de Haute-Sa\u00f4ne y con apoyos como Thibaut Pinot, David Lappartient o el ex primer ministro Michel Barnier. Ya en junio se formaliz\u00f3 la propuesta, que ha sido reforzada ahora con los v\u00eddeos de las estrellas del pelot\u00f3n.<\/p>\n<p>La f\u00f3rmula para que el ciclocross entre en los Juegos est\u00e1 casi trazada: mismo circuito que el cross-country, periodo invernal, espectacularidad probada y apoyo popular y medi\u00e1tico. Solo falta que el COI d\u00e9 luz verde en febrero. Poga\u010dar, Van der Poel y compa\u00f1\u00eda ya han hecho su parte.<\/p>\n","protected":false},"excerpt":{"rendered":"Tadej Poga\u010dar se une al movimiento liderado por la UCI y World Athletics para que el ciclocross entre&hellip;\n","protected":false},"author":2,"featured_media":268790,"comment_status":"","ping_status":"","sticky":false,"template":"","format":"standard","meta":{"footnotes":""},"categories":[273],"tags":[313,44324,312,168,25,24,23,167],"class_list":{"0":"post-268789","1":"post","2":"type-post","3":"status-publish","4":"format-standard","5":"has-post-thumbnail","7":"category-ciclismo","8":"tag-ciclismo","9":"tag-ciclocross","10":"tag-cycling","11":"tag-deportes","12":"tag-es","13":"tag-espana","14":"tag-spain","15":"tag-sports"},"share_on_mastodon":{"url":"https:\/\/pubeurope.com\/@es\/115655069516390437","error":""},"_links":{"self":[{"href":"https:\/\/www.europesays.com\/es\/wp-json\/wp\/v2\/posts\/268789","targetHints":{"allow":["GET"]}}],"collection":[{"href":"https:\/\/www.europesays.com\/es\/wp-json\/wp\/v2\/posts"}],"about":[{"href":"https:\/\/www.europesays.com\/es\/wp-json\/wp\/v2\/types\/post"}],"author":[{"embeddable":true,"href":"https:\/\/www.europesays.com\/es\/wp-json\/wp\/v2\/users\/2"}],"replies":[{"embeddable":true,"href":"https:\/\/www.europesays.com\/es\/wp-json\/wp\/v2\/comments?post=268789"}],"version-history":[{"count":0,"href":"https:\/\/www.europesays.com\/es\/wp-json\/wp\/v2\/posts\/268789\/revisions"}],"wp:featuredmedia":[{"embeddable":true,"href":"https:\/\/www.europesays.com\/es\/wp-json\/wp\/v2\/media\/268790"}],"wp:attachment":[{"href":"https:\/\/www.europesays.com\/es\/wp-json\/wp\/v2\/media?parent=268789"}],"wp:term":[{"taxonomy":"category","embeddable":true,"href":"https:\/\/www.europesays.com\/es\/wp-json\/wp\/v2\/categories?post=268789"},{"taxonomy":"post_tag","embeddable":true,"href":"https:\/\/www.europesays.com\/es\/wp-json\/wp\/v2\/tags?post=268789"}],"curies":[{"name":"wp","href":"https:\/\/api.w.org\/{rel}","templated":true}]}}