{"id":268793,"date":"2025-12-03T10:06:15","date_gmt":"2025-12-03T10:06:15","guid":{"rendered":"https:\/\/www.europesays.com\/es\/268793\/"},"modified":"2025-12-03T10:06:15","modified_gmt":"2025-12-03T10:06:15","slug":"la-preocupante-estadistica-de-lewandowski-desde-el-punto-de-penalti","status":"publish","type":"post","link":"https:\/\/www.europesays.com\/es\/268793\/","title":{"rendered":"La preocupante estad\u00edstica de Lewandowski desde el punto de penalti"},"content":{"rendered":"<p class=\"ft-text\">No est\u00e1 acertado Robert Lewandowski <strong>desde el punto de penalti esta temporada<\/strong>: el encargado de lanzar las <a class=\"ft-link ft-link--decoration\" href=\"https:\/\/www.sport.es\/es\/noticias\/barca\/barcelona-atletico-madrid-directo-hoy-vivo-124366979\" rel=\"nofollow noopener\" target=\"_blank\">penas m\u00e1ximas del Bar\u00e7a<\/a> solo ha anotado uno de los tres penaltis que ha ejecutado esta temporada, concretamente ante el Celta en Vigo.<\/p>\n<p class=\"ft-text\"><a class=\"ft-link ft-link--decoration\" href=\"https:\/\/www.sport.es\/es\/noticias\/barca\/barcelona-atletico-madrid-directo-hoy-vivo-124366979\" rel=\"nofollow noopener\" target=\"_blank\">Frente al Atl\u00e9tico<\/a>, Lewandowski pudo poner por delante al Bar\u00e7a. Ocurri\u00f3 en el minuto 36, cuando el \u00e1rbitro del partido se\u00f1al\u00f3 como penalti el derribo de Barrios a Olmo, previa consulta con el VAR.<\/p>\n<p class=\"ft-text\"><strong>El polaco del Bar\u00e7a agarr\u00f3 el bal\u00f3n <\/strong>y se responsabiliz\u00f3 del lanzamiento, como es costumbre en el Bar\u00e7a. Flick le ha designado como lanzador oficial de penaltis, y solo si Lewandowski no est\u00e1 en el campo, son otros jugadores, como Lamine u Olmo, quienes se encargan de lanzar.<\/p>\n<p class=\"ft-text\">En esta ocasi\u00f3n, con su carrerilla habitual y su t\u00edpica &#8216;paradinha&#8217;, Lewandowski golpe\u00f3 el bal\u00f3n demasiado abajo, como si el c\u00e9sped le hubiera jugado una mala pasada. El bal\u00f3n sali\u00f3 muy desviado, por encima del larguero de la porter\u00eda que defiende Oblak.<\/p>\n<p class=\"ft-text\"><a class=\"ft-link ft-link--decoration\" href=\"https:\/\/www.sport.es\/es\/noticias\/barca\/sigue-directo-reacciones-polemica-barca-124374842\" rel=\"nofollow noopener\" target=\"_blank\">De los tres penaltis que ha ejecutado Lewandowski<\/a>, solo ha convertido uno: marc\u00f3 ante el Celta, gol decisivo para que el Bar\u00e7a sumase los tres puntos,<strong> y err\u00f3 ante el Sevilla y el Atl\u00e9tico. <\/strong><\/p>\n<p class=\"ft-text\">Adem\u00e1s, Lewandowski <strong>se convierte en el primer jugador de la historia del Bar\u00e7a<\/strong> que env\u00eda fuera dos penaltis en una misma temporada de Liga, seg\u00fan el analista de datos de Onda Cero, Mister Chip.<\/p>\n","protected":false},"excerpt":{"rendered":"No est\u00e1 acertado Robert Lewandowski desde el punto de penalti esta temporada: el encargado de lanzar las penas&hellip;\n","protected":false},"author":2,"featured_media":268794,"comment_status":"","ping_status":"","sticky":false,"template":"","format":"standard","meta":{"footnotes":""},"categories":[268],"tags":[3409,2296,168,25,24,20666,280,282,38542,17435,6346,24784,2320,17499,281,23,167],"class_list":{"0":"post-268793","1":"post","2":"type-post","3":"status-publish","4":"format-standard","5":"has-post-thumbnail","7":"category-futbol","8":"tag-atletico-de-madrid","9":"tag-barca","10":"tag-deportes","11":"tag-es","12":"tag-espana","13":"tag-estadistica","14":"tag-football","15":"tag-futbol","16":"tag-jan-oblak","17":"tag-lewandowski","18":"tag-penalti","19":"tag-preocupante","20":"tag-punto","21":"tag-robert-lewandowski","22":"tag-soccer","23":"tag-spain","24":"tag-sports"},"share_on_mastodon":{"url":"https:\/\/pubeurope.com\/@es\/115655081104436707","error":""},"_links":{"self":[{"href":"https:\/\/www.europesays.com\/es\/wp-json\/wp\/v2\/posts\/268793","targetHints":{"allow":["GET"]}}],"collection":[{"href":"https:\/\/www.europesays.com\/es\/wp-json\/wp\/v2\/posts"}],"about":[{"href":"https:\/\/www.europesays.com\/es\/wp-json\/wp\/v2\/types\/post"}],"author":[{"embeddable":true,"href":"https:\/\/www.europesays.com\/es\/wp-json\/wp\/v2\/users\/2"}],"replies":[{"embeddable":true,"href":"https:\/\/www.europesays.com\/es\/wp-json\/wp\/v2\/comments?post=268793"}],"version-history":[{"count":0,"href":"https:\/\/www.europesays.com\/es\/wp-json\/wp\/v2\/posts\/268793\/revisions"}],"wp:featuredmedia":[{"embeddable":true,"href":"https:\/\/www.europesays.com\/es\/wp-json\/wp\/v2\/media\/268794"}],"wp:attachment":[{"href":"https:\/\/www.europesays.com\/es\/wp-json\/wp\/v2\/media?parent=268793"}],"wp:term":[{"taxonomy":"category","embeddable":true,"href":"https:\/\/www.europesays.com\/es\/wp-json\/wp\/v2\/categories?post=268793"},{"taxonomy":"post_tag","embeddable":true,"href":"https:\/\/www.europesays.com\/es\/wp-json\/wp\/v2\/tags?post=268793"}],"curies":[{"name":"wp","href":"https:\/\/api.w.org\/{rel}","templated":true}]}}