{"id":268795,"date":"2025-12-03T10:07:13","date_gmt":"2025-12-03T10:07:13","guid":{"rendered":"https:\/\/www.europesays.com\/es\/268795\/"},"modified":"2025-12-03T10:07:13","modified_gmt":"2025-12-03T10:07:13","slug":"sonsoles-onega-revela-a-pablo-motos-el-origen-de-su-caracteristico-peinado-pura-casualidad","status":"publish","type":"post","link":"https:\/\/www.europesays.com\/es\/268795\/","title":{"rendered":"Sonsoles \u00d3nega revela a Pablo Motos el origen de su caracter\u00edstico peinado: \u201cPura casualidad\u201d"},"content":{"rendered":"<p class=\"\">Anoche acudieron a El Hormiguero <b>la periodista Sonsoles \u00d3nega y la actriz Ver\u00f3nica S\u00e1nchez<\/b>, quienes presentaron <b>la serie que adapta la novela con la que la primera gan\u00f3 el Premio Planeta en 2023, <\/b><b>Las hijas de la criada<\/b>, el gran estreno de ficci\u00f3n de la temporada en Atresplayer. La ficci\u00f3n nos traslada a un pazo gallego de principios del siglo XX y puede disfrutarse en la plataforma desde el 30 de noviembre.<\/p>\n<p class=\"\">\u00d3nega cont\u00f3 a Pablo Motos que est\u00e1 muy contenta con el resultado, aunque al principio tuvo sus reticencias al respecto: \u201cLuego digo cosas y mis editoras me rega\u00f1an, pero voy a dar mi opini\u00f3n y es que <b>hay cosas de la serie que mejoran la novela<\/b>. El cap\u00edtulo dos tiene una trama que no est\u00e1 en la novela y yo creo que la mejora\u201d, dijo. <\/p>\n<p class=\"\">\u201cNo puedo hacer spoilers, pero me parece todo fenomenal. Es verdad que al principio me <b>despert\u00f3 un instinto asesino<\/b> al escuchar a las actrices decir los di\u00e1logos de mi novela, luego lo proces\u00e9 ya bien. Me provoc\u00f3 una sensaci\u00f3n extra\u00f1a, como si me robaran lo m\u00edo, que en realidad es absurdo, porque al hacer la adaptaci\u00f3n lo cedes todo y luego ellos hacen lo que quieren. El final est\u00e1 muy bien, ya lo ver\u00e9is\u201d, agregaba.<\/p>\n<p><img decoding=\"async\" src=\"https:\/\/www.europesays.com\/es\/wp-content\/uploads\/2025\/12\/IV7YLCSY5BG4DJZLH5FERQW7GM.jpg\" alt=\"Sonsoles \u00d3nega revela a Pablo Motos el origen de su caracter\u00edstico peinado: \u201cPura casualidad\u201d\" height=\"4000\" width=\"6000\"   loading=\"lazy\"\/>Sin papel en la serie<\/p>\n<p class=\"\">Motos brome\u00f3 con la presentadora de Y ahora Sonsoles, compa\u00f1era de cadena, acerca de que no le hab\u00edan dado ning\u00fan papel, por peque\u00f1o que fuera, en su propia serie: \u201cMe hubiera encantado hacer un papel de figurante, de obrera, de la conservera o algo, pero no puedo ser, por falta de tiempo creo, pero ah\u00ed lo dejo\u201d. <b>Motos hizo chanza con que quiz\u00e1 la dejaron fuera por su flequillo<\/b>, lo que dio lugar a que le preguntase el origen de su caracter\u00edstico peinado. <\/p>\n<p>Noticias relacionadas<a href=\"https:\/\/as.com\/tikitakas\/famosos\/la-dura-acusacion-de-kiko-matamoros-contra-una-famosa-excompanera-de-television-me-lo-he-callado-muchos-anos-f202512-n\/\" class=\"s_m_w\" title=\"El colaborador de \u2018No somos nadie\u2019 (Ten) tambi\u00e9n se refiri\u00f3 a Paz Padilla como \u201cignorante\u201d y \u201cmuy mala persona\u201d. \" data-tb-link=\"\" rel=\"nofollow noopener\" target=\"_blank\"><img decoding=\"async\" src=\"https:\/\/www.europesays.com\/es\/wp-content\/uploads\/2025\/12\/SRYIARWPFJGHLJTKKAR6HE6ZHY.jpg\" alt=\"La dura acusaci\u00f3n de Kiko Matamoros contra una famosa excompa\u00f1era de televisi\u00f3n: \u201cMe lo he callado muchos a\u00f1os\u201d\" class=\"\" height=\"9\" width=\"16\"   loading=\"lazy\" data-tb-thumbnail=\"\"\/><\/a><a href=\"https:\/\/as.com\/tikitakas\/famosos\/nervios-entre-los-beckham-ante-el-inminente-encuentro-con-su-hijo-brooklyn-no-lo-vio-venir-f202511-n\/\" class=\"s_m_w\" title=\"David y Victoria Beckham se ver\u00e1n con su primog\u00e9nito en la boda de Holly Ramsay, hija del famoso chef brit\u00e1nico, despu\u00e9s que este confirmara su asistencia.\" data-tb-link=\"\" rel=\"nofollow noopener\" target=\"_blank\"><img decoding=\"async\" src=\"https:\/\/www.europesays.com\/es\/wp-content\/uploads\/2025\/12\/HFRYD5HZMRA3ZMCEC4CFXG6ABY.jpg\" alt=\"Nervios entre los Beckham ante el inminente encuentro con su hijo Brooklyn: \u201cNo lo vio venir\u201d\" class=\"\" height=\"9\" width=\"16\"   loading=\"lazy\" data-tb-thumbnail=\"\"\/><\/a><\/p>\n<p class=\"\">\u201cCreo que fue pura casualidad\u201d, revel\u00f3 la periodista, \u00edntima amiga de la reina Letizia. La hija de Fernando \u00d3nega cont\u00f3 que ella normalmente <b>se peinaba con la ayuda de los espejos retrovisores y que alguien le sugiri\u00f3 que se lo dejase as\u00ed<\/b>: \u201cEl peinado era c\u00f3mod\u2026 Te lo peinas un poquito as\u00ed, para el lado, y queda bien\u201d.<\/p>\n<p class=\"\"><b>\u00a1Tus opiniones importan!<\/b> Comenta en los art\u00edculos y suscr\u00edbete gratis a nuestra <a href=\"https:\/\/asfan.as.com\/newsletters\/\" target=\"_blank\" rel=\"nofollow noopener\" title=\"https:\/\/asfan.as.com\/newsletters\/\">newsletter<\/a> y a las alertas informativas en la <a href=\"https:\/\/as.com\/aplicacion-de-as-n\/\" target=\"_blank\" rel=\"nofollow noopener\" title=\"https:\/\/as.com\/aplicacion-de-as-n\/\">App<\/a> o el canal de <a href=\"https:\/\/www.whatsapp.com\/channel\/0029VaAasdA7j6g745nz9M10\" target=\"_blank\" rel=\"nofollow noopener\" title=\"https:\/\/www.whatsapp.com\/channel\/0029VaAasdA7j6g745nz9M10\">WhatsApp<\/a>. \u00bfBuscas licenciar contenido? Haz clic <a href=\"https:\/\/profesional.elpais.com\/soluciones-sindicacion?utm_medium=interno&amp;utm_source=crosslinking&amp;utm_campaign=sindicacion_as_pie_articulos\" target=\"_blank\" rel=\"nofollow noopener\" title=\"https:\/\/profesional.elpais.com\/soluciones-sindicacion?utm_medium=interno&amp;utm_source=crosslinking&amp;utm_campaign=sindicacion_as_pie_articulos\">aqu\u00ed<\/a><\/p>\n","protected":false},"excerpt":{"rendered":"Anoche acudieron a El Hormiguero la periodista Sonsoles \u00d3nega y la actriz Ver\u00f3nica S\u00e1nchez, quienes presentaron la serie&hellip;\n","protected":false},"author":2,"featured_media":268796,"comment_status":"","ping_status":"","sticky":false,"template":"","format":"standard","meta":{"footnotes":""},"categories":[174],"tags":[255,146,147,25,24,256,23],"class_list":{"0":"post-268795","1":"post","2":"type-post","3":"status-publish","4":"format-standard","5":"has-post-thumbnail","7":"category-famosos","8":"tag-celebrities","9":"tag-entertainment","10":"tag-entretenimiento","11":"tag-es","12":"tag-espana","13":"tag-famosos","14":"tag-spain"},"share_on_mastodon":{"url":"https:\/\/pubeurope.com\/@es\/115655085253626984","error":""},"_links":{"self":[{"href":"https:\/\/www.europesays.com\/es\/wp-json\/wp\/v2\/posts\/268795","targetHints":{"allow":["GET"]}}],"collection":[{"href":"https:\/\/www.europesays.com\/es\/wp-json\/wp\/v2\/posts"}],"about":[{"href":"https:\/\/www.europesays.com\/es\/wp-json\/wp\/v2\/types\/post"}],"author":[{"embeddable":true,"href":"https:\/\/www.europesays.com\/es\/wp-json\/wp\/v2\/users\/2"}],"replies":[{"embeddable":true,"href":"https:\/\/www.europesays.com\/es\/wp-json\/wp\/v2\/comments?post=268795"}],"version-history":[{"count":0,"href":"https:\/\/www.europesays.com\/es\/wp-json\/wp\/v2\/posts\/268795\/revisions"}],"wp:featuredmedia":[{"embeddable":true,"href":"https:\/\/www.europesays.com\/es\/wp-json\/wp\/v2\/media\/268796"}],"wp:attachment":[{"href":"https:\/\/www.europesays.com\/es\/wp-json\/wp\/v2\/media?parent=268795"}],"wp:term":[{"taxonomy":"category","embeddable":true,"href":"https:\/\/www.europesays.com\/es\/wp-json\/wp\/v2\/categories?post=268795"},{"taxonomy":"post_tag","embeddable":true,"href":"https:\/\/www.europesays.com\/es\/wp-json\/wp\/v2\/tags?post=268795"}],"curies":[{"name":"wp","href":"https:\/\/api.w.org\/{rel}","templated":true}]}}