{"id":268801,"date":"2025-12-03T10:11:23","date_gmt":"2025-12-03T10:11:23","guid":{"rendered":"https:\/\/www.europesays.com\/es\/268801\/"},"modified":"2025-12-03T10:11:23","modified_gmt":"2025-12-03T10:11:23","slug":"judas-priest-ya-tiene-fechas-para-sus-dos-unicos-conciertos-en-espana","status":"publish","type":"post","link":"https:\/\/www.europesays.com\/es\/268801\/","title":{"rendered":"Judas Priest ya tiene fechas para sus dos \u00fanicos conciertos en Espa\u00f1a"},"content":{"rendered":"<p><a class=\"v-mdl-ath__fig-a\" href=\"https:\/\/www.elcomercio.es\/autor\/jose-luis-ruiz-3238.html\" title=\"Jos\u00e9 Luis Ruiz\" rel=\"nofollow noopener\" target=\"_blank\"><br \/>\n<img decoding=\"async\" class=\"v-mdl-ath__img\" src=\"https:\/\/www.europesays.com\/es\/wp-content\/uploads\/2025\/08\/autor-3238-foto-1.jpeg\" alt=\"Jos\u00e9 Luis Ruiz\"\/><br \/>\n<\/a><\/p>\n<p class=\"v-mdl-ath__p v-mdl-ath__p--6\">\nLunes, 1 de diciembre 2025, 19:57<\/p>\n<p class=\"v-p\"><a href=\"https:\/\/www.elcomercio.es\/culturas\/musica\/judas-priest-ozzy-Download-20180701011446-ntrc.html\" title=\"www.elcomercio.es\" data-voc-vtm-id=\"in-text-traffic\" data-mrf-link=\"www.elcomercio.es\" rel=\"nofollow noopener\" target=\"_blank\">Judas Priest<\/a> recalar\u00e1 en Espa\u00f1a el pr\u00f3ximo verano con su gira <strong>Faithkeepers <\/strong>en la que est\u00e1n presentando su \u00faltimo disco &#8216;<strong>Invincible Shield<\/strong>&#8216; y celebran sus 56 a\u00f1os sobre los escenarios. <\/p>\n<p class=\"v-p\">De momento la banda ha confirmado dos fechas en nuestro pa\u00eds: el <strong>18 de agosto<\/strong> en el Navarra Arena de <strong>Pamplona <\/strong>y <strong>20 de agosto <\/strong>en el Roig Arena de <strong>Valencia<\/strong>. <\/p>\n<p class=\"v-p\">La venta de entradas para el p\u00fablico en general se abrir\u00e1 el 4 de diciembre y para socios de la web de venta de las mismas, el d\u00eda 3. <\/p>\n<p class=\"v-p\">Los l\u00edderes del heavy metal mundial, art\u00edfices de discos legendarios como &#8216;<strong>British Steel<\/strong>&#8216; o &#8216;<strong>Painkiller<\/strong>&#8216; cumplen ya m\u00e1s de medio siglo sobre los escenarios desde sus inicios en Birmingham en 1969. <\/p>\n<p class=\"v-p\">En estos dos conciertos estar\u00e1n acompa\u00f1ados por <strong>Airbourne<\/strong>, la banda australiana que vive el hard rock en su forma m\u00e1s salvaje, y por los alemanes <strong>Accept<\/strong>, que celebran el 40 aniversario de &#8216;Balls To The Wall&#8217;.<\/p>\n<p>Reporta un error<\/p>\n","protected":false},"excerpt":{"rendered":"Lunes, 1 de diciembre 2025, 19:57 Judas Priest recalar\u00e1 en Espa\u00f1a el pr\u00f3ximo verano con su gira Faithkeepers&hellip;\n","protected":false},"author":2,"featured_media":268802,"comment_status":"","ping_status":"","sticky":false,"template":"","format":"standard","meta":{"footnotes":""},"categories":[170],"tags":[208,1563,146,147,25,24,4400,30109,184,185,66219,23,66220],"class_list":{"0":"post-268801","1":"post","2":"type-post","3":"status-publish","4":"format-standard","5":"has-post-thumbnail","7":"category-musica","8":"tag-conciertos","9":"tag-dos","10":"tag-entertainment","11":"tag-entretenimiento","12":"tag-es","13":"tag-espana","14":"tag-fechas","15":"tag-judas","16":"tag-music","17":"tag-musica","18":"tag-priest","19":"tag-spain","20":"tag-unicos"},"share_on_mastodon":{"url":"https:\/\/pubeurope.com\/@es\/115655104827112478","error":""},"_links":{"self":[{"href":"https:\/\/www.europesays.com\/es\/wp-json\/wp\/v2\/posts\/268801","targetHints":{"allow":["GET"]}}],"collection":[{"href":"https:\/\/www.europesays.com\/es\/wp-json\/wp\/v2\/posts"}],"about":[{"href":"https:\/\/www.europesays.com\/es\/wp-json\/wp\/v2\/types\/post"}],"author":[{"embeddable":true,"href":"https:\/\/www.europesays.com\/es\/wp-json\/wp\/v2\/users\/2"}],"replies":[{"embeddable":true,"href":"https:\/\/www.europesays.com\/es\/wp-json\/wp\/v2\/comments?post=268801"}],"version-history":[{"count":0,"href":"https:\/\/www.europesays.com\/es\/wp-json\/wp\/v2\/posts\/268801\/revisions"}],"wp:featuredmedia":[{"embeddable":true,"href":"https:\/\/www.europesays.com\/es\/wp-json\/wp\/v2\/media\/268802"}],"wp:attachment":[{"href":"https:\/\/www.europesays.com\/es\/wp-json\/wp\/v2\/media?parent=268801"}],"wp:term":[{"taxonomy":"category","embeddable":true,"href":"https:\/\/www.europesays.com\/es\/wp-json\/wp\/v2\/categories?post=268801"},{"taxonomy":"post_tag","embeddable":true,"href":"https:\/\/www.europesays.com\/es\/wp-json\/wp\/v2\/tags?post=268801"}],"curies":[{"name":"wp","href":"https:\/\/api.w.org\/{rel}","templated":true}]}}