{"id":26881,"date":"2025-08-05T09:22:11","date_gmt":"2025-08-05T09:22:11","guid":{"rendered":"https:\/\/www.europesays.com\/es\/26881\/"},"modified":"2025-08-05T09:22:11","modified_gmt":"2025-08-05T09:22:11","slug":"asi-ha-sido-el-rescate-de-un-ciclista-tras-sufrir-una-caida-en-burgos","status":"publish","type":"post","link":"https:\/\/www.europesays.com\/es\/26881\/","title":{"rendered":"As\u00ed ha sido el rescate de un ciclista tras sufrir una ca\u00edda en Burgos"},"content":{"rendered":"<p class=\"paragraph\">El Centro Coordinador de Emergencias ha dirigido el rescate\u00a0que comenz\u00f3 al recibirse una llamada en la sala de operaciones del 1-1-2 de Castilla y Le\u00f3n a las 10:19 horas informando de que un ciclista de 53 a\u00f1os hab\u00eda resultado herido al sufrir una ca\u00edda en la Loma de Santa B\u00e1rbara, una senda que va desde Santo Domingo de Silos (Burgos) hacia La Yecla. Seg\u00fan indica el alertante, el ciclista se ha lesionado el hombro y se encuentra en una zona inaccesible para veh\u00edculos.<\/p>\n<p class=\"paragraph\">El gestor del 112 realiza inmediatamente una multiconferencia con Emergencias Sanitarias -Sacyl-, que se encarga de realizar una primera valoraci\u00f3n e indica al alertante lo que debe hacer hasta que lleguen los servicios de emergencia, y con el Centro Coordinador de Emergencias, que se encarga de coordinar el incidente localizando la ubicaci\u00f3n exacta de la v\u00edctima y movilizando el helic\u00f3ptero de rescate de la Junta de Castilla y Le\u00f3n con dos rescatadores, una de ellas enfermera.<\/p>\n<p class=\"paragraph\">Adem\u00e1s, desde el 1-1-2 se da aviso del incidente a la Guardia Civil y, por protocolo, a los bomberos de Burgos.<\/p>\n<p class=\"paragraph\">Al llegar, los rescatadores acceden a la zona en gr\u00faa doble. En el lugar, tratan el dolor e inmovilizan el brazo del ciclista. A continuaci\u00f3n, es izado hasta el helic\u00f3ptero en camilla mediante gr\u00faa y acompa\u00f1ado por la rescatadora enfermera.<\/p>\n<p class=\"paragraph\">El helic\u00f3ptero de rescate traslada a la v\u00edctima hasta el campo de f\u00fatbol de Salas de los Infantes, el el punto de traspaso pactado entre el t\u00e9cnico del Centro Coordinador de Emergencias y Emergencias Sanitarias -Sacyl-.All\u00ed espera el personal sanitario que se encarga de evacuar al ciclista a un centro hospitalario.<\/p>\n","protected":false},"excerpt":{"rendered":"El Centro Coordinador de Emergencias ha dirigido el rescate\u00a0que comenz\u00f3 al recibirse una llamada en la sala de&hellip;\n","protected":false},"author":2,"featured_media":26882,"comment_status":"","ping_status":"","sticky":false,"template":"","format":"standard","meta":{"footnotes":""},"categories":[273],"tags":[623,313,312,168,25,24,14811,14812,23,167],"class_list":{"0":"post-26881","1":"post","2":"type-post","3":"status-publish","4":"format-standard","5":"has-post-thumbnail","7":"category-ciclismo","8":"tag-burgos","9":"tag-ciclismo","10":"tag-cycling","11":"tag-deportes","12":"tag-es","13":"tag-espana","14":"tag-la-yecla","15":"tag-santo-domingo-de-silos","16":"tag-spain","17":"tag-sports"},"share_on_mastodon":{"url":"","error":""},"_links":{"self":[{"href":"https:\/\/www.europesays.com\/es\/wp-json\/wp\/v2\/posts\/26881","targetHints":{"allow":["GET"]}}],"collection":[{"href":"https:\/\/www.europesays.com\/es\/wp-json\/wp\/v2\/posts"}],"about":[{"href":"https:\/\/www.europesays.com\/es\/wp-json\/wp\/v2\/types\/post"}],"author":[{"embeddable":true,"href":"https:\/\/www.europesays.com\/es\/wp-json\/wp\/v2\/users\/2"}],"replies":[{"embeddable":true,"href":"https:\/\/www.europesays.com\/es\/wp-json\/wp\/v2\/comments?post=26881"}],"version-history":[{"count":0,"href":"https:\/\/www.europesays.com\/es\/wp-json\/wp\/v2\/posts\/26881\/revisions"}],"wp:featuredmedia":[{"embeddable":true,"href":"https:\/\/www.europesays.com\/es\/wp-json\/wp\/v2\/media\/26882"}],"wp:attachment":[{"href":"https:\/\/www.europesays.com\/es\/wp-json\/wp\/v2\/media?parent=26881"}],"wp:term":[{"taxonomy":"category","embeddable":true,"href":"https:\/\/www.europesays.com\/es\/wp-json\/wp\/v2\/categories?post=26881"},{"taxonomy":"post_tag","embeddable":true,"href":"https:\/\/www.europesays.com\/es\/wp-json\/wp\/v2\/tags?post=26881"}],"curies":[{"name":"wp","href":"https:\/\/api.w.org\/{rel}","templated":true}]}}