{"id":268817,"date":"2025-12-03T10:19:08","date_gmt":"2025-12-03T10:19:08","guid":{"rendered":"https:\/\/www.europesays.com\/es\/268817\/"},"modified":"2025-12-03T10:19:08","modified_gmt":"2025-12-03T10:19:08","slug":"si-hubiera-tenido-algun-asesor-se-la-habrian-quitado-la-frase-mas-demoledora-de-las-memorias-del-rey-emerito-gente","status":"publish","type":"post","link":"https:\/\/www.europesays.com\/es\/268817\/","title":{"rendered":"\u00abSi hubiera tenido alg\u00fan asesor, se la habr\u00edan quitado\u00bb: la frase m\u00e1s demoledora de las memorias del rey em\u00e9rito | Gente"},"content":{"rendered":"<p class=\"loc\">Madrid<\/p>\n<p>Las memorias del <a href=\"https:\/\/cadenaser.com\/video\/nacional\/2025\/12\/03\/video-memorias-y-polemicas-por-que-la-relacion-entre-felipe-vi-y-el-rey-emerito-pasa-por-su-momento-mas-complejo-cadena-ser\/\" target=\"_blank\" rel=\"noreferrer nofollow noopener\" title=\"https:\/\/cadenaser.com\/video\/nacional\/2025\/12\/03\/video-memorias-y-polemicas-por-que-la-relacion-entre-felipe-vi-y-el-rey-emerito-pasa-por-su-momento-mas-complejo-cadena-ser\/\">rey em\u00e9rito Juan Carlos I <\/a>han llegado este mi\u00e9rcoles a Espa\u00f1a. Hace cerca de un mes, concretamente el pasado 5 de noviembre, la editorial Stock publicaba el libro en Francia bajo el nombre de Reconciliaci\u00f3n. Desde entonces, el que fuera rey de Espa\u00f1a ha concedido varias entrevistas a los medios franceses, en las que ha hecho un repaso a toda una vida repleta de altibajos. Varias semanas m\u00e1s tarde, y despu\u00e9s de que la prensa tanto nacional como internacional haya desgranado gran parte del libro, este ha salido a la venta en castellano de la mano de la editorial Planeta. <\/p>\n<p>M\u00e1s informaci\u00f3n<\/p>\n<p><a href=\"https:\/\/cadenaser.com\/nacional\/2025\/12\/01\/juan-carlos-i-graba-un-video-pidiendo-a-los-jovenes-que-apoyen-al-rey-unir-a-todos-los-espanoles-es-un-duro-trabajo-cadena-ser\/\" target=\"_blank\" rel=\"noreferrer nofollow noopener\" title=\"https:\/\/cadenaser.com\/nacional\/2025\/12\/01\/juan-carlos-i-graba-un-video-pidiendo-a-los-jovenes-que-apoyen-al-rey-unir-a-todos-los-espanoles-es-un-duro-trabajo-cadena-ser\/\">Un lanzamiento marcado por un v\u00eddeo,<\/a> cuanto menos pol\u00e9mico, en el que podemos ver a Juan Carlos I pidiendo a los j\u00f3venes que apoyen al actual rey. De hecho, Zarzuela se desvinculaba r\u00e1pidamente del mismo y <a href=\"https:\/\/cadenaser.com\/nacional\/2025\/12\/01\/zarzuela-se-desvincula-del-video-de-juan-carlos-i-y-senala-que-no-entiende-el-objetivo-del-mensaje-del-emerito-cadena-ser\/\" target=\"_blank\" rel=\"noreferrer nofollow noopener\" title=\"https:\/\/cadenaser.com\/nacional\/2025\/12\/01\/zarzuela-se-desvincula-del-video-de-juan-carlos-i-y-senala-que-no-entiende-el-objetivo-del-mensaje-del-emerito-cadena-ser\/\">reconoc\u00eda no entender el objetivo del mensaje del em\u00e9rito<\/a>. Pero esta no es, ni mucho menos, la \u00fanica pol\u00e9mica en torno a este libro que acaba de llegar a las librer\u00edas de todo el pa\u00eds. As\u00ed nos lo ha contado Mar\u00eda Manjavacas, experta en la Casa Real, quien ha desgranado en El Faro algunos de los tramos m\u00e1s controvertidos de las memorias.<\/p>\n<p>La loa a Franco<\/p>\n<p>Despu\u00e9s de leerse el libro, la periodista de la Cadena SER ha llegado a la conclusi\u00f3n de que Juan Carlos I no tiene asesores ni nadie que le aconseje: \u00abQue no te extra\u00f1e que uno de sus asesores sea su nieto Froil\u00e1n o sus amigos y colegas\u00bb. Principalmente, porque el rey em\u00e9rito comete unos errores de bulto que no habr\u00eda cometido si no estuviera respaldado en todo momento por un equipo de comunicaci\u00f3n que le ayudara como lo ha hecho a lo largo de toda su vida. Sobre todo, en el cap\u00edtulo en el que habla acerca de la figura de Francisco Franco: \u00abYo pensaba que iba a tener una referencia a Franco y ya est\u00e1\u00bb. <\/p>\n<p><img decoding=\"async\" src=\"https:\/\/www.europesays.com\/es\/wp-content\/uploads\/2025\/12\/https:\/\/sdmedia.playser.cadenaser.com\/playser\/image\/202510\/10\/1760091993_asset_still.png\" alt=\"Bandeja\" width=\"655\"   loading=\"lazy\"\/><\/p>\n<p>El c\u00f3digo iframe se ha copiado en el portapapeles<\/p>\n<p>FacebookTwitterLinkedinWhatsAppCerrar<\/p>\n<p>Pero ha ido mucho m\u00e1s all\u00e1: \u00abYo nunca pens\u00e9 que iba a llegar tan lejos en el blanqueamiento de la figura de Franco. No contaba con eso. Es innecesario decir que no dejaba que nadie le criticara delante de \u00e9l o que era un se\u00f1or estadista e inteligente\u00bb. Pero hay una frase que le ha dolido por encima del resto: \u00abLa frase que me duele profundamente es esa en la que dice que no dej\u00f3 que nadie le criticara delante de \u00e9l. Esa frase encierra mucho, es totalmente improcedente. Si hubiera tenido alg\u00fan asesor, se la habr\u00edan quitado, porque es demoledora\u00bb. <\/p>\n<p>\u00abEl prestigio que le quedaba se lo carga \u00e9l solo\u00bb<\/p>\n<p>Porque supone un nuevo traspi\u00e9 en la vida de un rey em\u00e9rito que sigue ofreciendo m\u00e1s sombras que luces desde que decidiera abdicar en el a\u00f1o 2014: \u00abTen\u00edamos amortizado que ha tenido muchos esc\u00e1ndalos amorosos y el tema de que era un mujeriego. Tambi\u00e9n que ha estado implicado en una trama de corrupci\u00f3n. Pero no ten\u00edamos amortizado su papel en la transici\u00f3n, que hasta el momento parec\u00eda impoluto, con alguna mancha o alguna sombra. Pero claro, el prestigio que le quedaba se lo carga \u00e9l solo\u00bb. <\/p>\n<p>Por todo ello, Mar\u00eda Manjavacas ha llegado a la conclusi\u00f3n de que la falta de asesores ha condenado a Juan Carlos I a mostrar una cara in\u00e9dita hasta la fecha delante de una sociedad que le juzga m\u00e1s que nunca por sus acciones tanto como monarca como por su vida despu\u00e9s de su abdicaci\u00f3n.<\/p>\n","protected":false},"excerpt":{"rendered":"Madrid Las memorias del rey em\u00e9rito Juan Carlos I han llegado este mi\u00e9rcoles a Espa\u00f1a. Hace cerca de&hellip;\n","protected":false},"author":2,"featured_media":268818,"comment_status":"","ping_status":"","sticky":false,"template":"","format":"standard","meta":{"footnotes":""},"categories":[8],"tags":[17,18,25,24,13,14,11,19,20,9,10,15,16,23,12,21,22],"class_list":{"0":"post-268817","1":"post","2":"type-post","3":"status-publish","4":"format-standard","5":"has-post-thumbnail","7":"category-espana","8":"tag-breaking-news","9":"tag-breakingnews","10":"tag-es","11":"tag-espana","12":"tag-featured-news","13":"tag-featurednews","14":"tag-headlines","15":"tag-latest-news","16":"tag-latestnews","17":"tag-news","18":"tag-noticias","19":"tag-noticias-destacadas","20":"tag-noticiasdestacadas","21":"tag-spain","22":"tag-titulares","23":"tag-ultimas-noticias","24":"tag-ultimasnoticias"},"share_on_mastodon":{"url":"https:\/\/pubeurope.com\/@es\/115655132415153424","error":""},"_links":{"self":[{"href":"https:\/\/www.europesays.com\/es\/wp-json\/wp\/v2\/posts\/268817","targetHints":{"allow":["GET"]}}],"collection":[{"href":"https:\/\/www.europesays.com\/es\/wp-json\/wp\/v2\/posts"}],"about":[{"href":"https:\/\/www.europesays.com\/es\/wp-json\/wp\/v2\/types\/post"}],"author":[{"embeddable":true,"href":"https:\/\/www.europesays.com\/es\/wp-json\/wp\/v2\/users\/2"}],"replies":[{"embeddable":true,"href":"https:\/\/www.europesays.com\/es\/wp-json\/wp\/v2\/comments?post=268817"}],"version-history":[{"count":0,"href":"https:\/\/www.europesays.com\/es\/wp-json\/wp\/v2\/posts\/268817\/revisions"}],"wp:featuredmedia":[{"embeddable":true,"href":"https:\/\/www.europesays.com\/es\/wp-json\/wp\/v2\/media\/268818"}],"wp:attachment":[{"href":"https:\/\/www.europesays.com\/es\/wp-json\/wp\/v2\/media?parent=268817"}],"wp:term":[{"taxonomy":"category","embeddable":true,"href":"https:\/\/www.europesays.com\/es\/wp-json\/wp\/v2\/categories?post=268817"},{"taxonomy":"post_tag","embeddable":true,"href":"https:\/\/www.europesays.com\/es\/wp-json\/wp\/v2\/tags?post=268817"}],"curies":[{"name":"wp","href":"https:\/\/api.w.org\/{rel}","templated":true}]}}