{"id":268819,"date":"2025-12-03T10:20:22","date_gmt":"2025-12-03T10:20:22","guid":{"rendered":"https:\/\/www.europesays.com\/es\/268819\/"},"modified":"2025-12-03T10:20:22","modified_gmt":"2025-12-03T10:20:22","slug":"la-comunidad-de-madrid-expone-en-chicago-ee-uu-su-modelo-de-excelencia-en-sanidad-ante-sociedades-cientificas-de-mas-de-20-paises","status":"publish","type":"post","link":"https:\/\/www.europesays.com\/es\/268819\/","title":{"rendered":"La Comunidad de Madrid expone en Chicago (EE.UU.) su modelo de excelencia en Sanidad ante sociedades cient\u00edficas de m\u00e1s de 20 pa\u00edses"},"content":{"rendered":"<p>La consejera de Sanidad de la Comunidad de Madrid, F\u00e1tima Matute, ha expuesto el modelo sanitario regional de excelencia ante expertos en Radiolog\u00eda de m\u00e1s de 20 pa\u00edses, en la reuni\u00f3n del Colegio Interamericano de Radiolog\u00eda (CIR) en el marco del Congreso de la Radiological Society of North America (RSNA). El CIR es una organizaci\u00f3n sin \u00e1nimo de lucro en el que participan sociedades cient\u00edficas de radiolog\u00eda de Am\u00e9rica Latina, Caribe, Espa\u00f1a y Portugal. Fundado en 1943, tiene como objetivo elevar la calidad m\u00e9dica, t\u00e9cnica, cient\u00edfica y humana de la pr\u00e1ctica profesional de esta disciplina.<\/p>\n","protected":false},"excerpt":{"rendered":"La consejera de Sanidad de la Comunidad de Madrid, F\u00e1tima Matute, ha expuesto el modelo sanitario regional de&hellip;\n","protected":false},"author":2,"featured_media":268820,"comment_status":"","ping_status":"","sticky":false,"template":"","format":"standard","meta":{"footnotes":""},"categories":[5],"tags":[17,18,25,24,13,14,11,19,20,9,10,15,16,23,12,21,22],"class_list":{"0":"post-268819","1":"post","2":"type-post","3":"status-publish","4":"format-standard","5":"has-post-thumbnail","7":"category-titulares","8":"tag-breaking-news","9":"tag-breakingnews","10":"tag-es","11":"tag-espana","12":"tag-featured-news","13":"tag-featurednews","14":"tag-headlines","15":"tag-latest-news","16":"tag-latestnews","17":"tag-news","18":"tag-noticias","19":"tag-noticias-destacadas","20":"tag-noticiasdestacadas","21":"tag-spain","22":"tag-titulares","23":"tag-ultimas-noticias","24":"tag-ultimasnoticias"},"share_on_mastodon":{"url":"https:\/\/pubeurope.com\/@es\/115655135899746212","error":""},"_links":{"self":[{"href":"https:\/\/www.europesays.com\/es\/wp-json\/wp\/v2\/posts\/268819","targetHints":{"allow":["GET"]}}],"collection":[{"href":"https:\/\/www.europesays.com\/es\/wp-json\/wp\/v2\/posts"}],"about":[{"href":"https:\/\/www.europesays.com\/es\/wp-json\/wp\/v2\/types\/post"}],"author":[{"embeddable":true,"href":"https:\/\/www.europesays.com\/es\/wp-json\/wp\/v2\/users\/2"}],"replies":[{"embeddable":true,"href":"https:\/\/www.europesays.com\/es\/wp-json\/wp\/v2\/comments?post=268819"}],"version-history":[{"count":0,"href":"https:\/\/www.europesays.com\/es\/wp-json\/wp\/v2\/posts\/268819\/revisions"}],"wp:featuredmedia":[{"embeddable":true,"href":"https:\/\/www.europesays.com\/es\/wp-json\/wp\/v2\/media\/268820"}],"wp:attachment":[{"href":"https:\/\/www.europesays.com\/es\/wp-json\/wp\/v2\/media?parent=268819"}],"wp:term":[{"taxonomy":"category","embeddable":true,"href":"https:\/\/www.europesays.com\/es\/wp-json\/wp\/v2\/categories?post=268819"},{"taxonomy":"post_tag","embeddable":true,"href":"https:\/\/www.europesays.com\/es\/wp-json\/wp\/v2\/tags?post=268819"}],"curies":[{"name":"wp","href":"https:\/\/api.w.org\/{rel}","templated":true}]}}