{"id":268821,"date":"2025-12-03T10:26:25","date_gmt":"2025-12-03T10:26:25","guid":{"rendered":"https:\/\/www.europesays.com\/es\/268821\/"},"modified":"2025-12-03T10:26:25","modified_gmt":"2025-12-03T10:26:25","slug":"es-curioso-que-biniam-girmay-no-firme-por-un-equipo-top","status":"publish","type":"post","link":"https:\/\/www.europesays.com\/es\/268821\/","title":{"rendered":"Es curioso que Biniam Girmay no firme por un equipo top\u00a0"},"content":{"rendered":"<p><img fetchpriority=\"high\" decoding=\"async\" class=\"aligncenter size-full wp-image-67398\" src=\"data:image\/svg+xml,%3Csvg%20xmlns=\" http:=\"\" alt=\"\" width=\"1025\" height=\"400\" data-lazy- data-lazy- data-lazy-src=\"https:\/\/www.europesays.com\/es\/wp-content\/uploads\/2025\/11\/anunci-generic-bla-1-1024x120-px-v3-02.jpg\"\/><\/p>\n<p>Es curioso que el potencial de Biniam Girmay no le haya valido un equipo top<\/p>\n<p>Hay decisiones en el ciclismo que, m\u00e1s que movimientos de mercado, son peque\u00f1as paradojas que explican c\u00f3mo funciona realmente este deporte.<\/p>\n<p>Lo de Biniam Girmay al NSN Cycling Team pertenece a esa categor\u00eda.<\/p>\n<p><a class=\"wppaslink\" href=\"https:\/\/joanseguidor.com\/pas\/ccmm-valenciana\/44016\/0\" target=\"_blank\" rel=\"nofollow noopener\"><img decoding=\"async\" src=\"data:image\/svg+xml,%3Csvg%20xmlns=\" http:=\"\" alt=\"CCMM Valenciana\" border=\"0\" data-lazy-src=\"https:\/\/www.europesays.com\/es\/wp-content\/uploads\/2025\/12\/1764757584_36_tl-joanseguidorcom-1024x140-1.png\"\/><\/a><\/p>\n<p><strong>Un ciclista capaz de mirar a los ojos a los mejores del mundo<\/strong>, uno de los poqu\u00edsimos que, en un buen d\u00eda, puede sentarse a la mesa de los Van der Poel, Van Aert o Philipsen\u2026 y, sin embargo, vuelve a elegir un camino que no pasa por los grandes imperios del ciclismo.<\/p>\n<p>Y eso es lo sorprendente.<\/p>\n<p>Porque <strong>Girmay, con 25 a\u00f1os, con un verde del Tour y victorias que otros envidian, no aterriza en Ineos, UAE, Visma o Soudal<\/strong>.<\/p>\n<p>No. Se va al NSN, un equipo cuya propiedad \u00faltima no acaba de estar del todo clara, que prepara una nueva etapa, s\u00ed, pero que no figura en el escal\u00f3n de los gigantes.<\/p>\n<p>Lo mismo que aquel Intermarch\u00e9 que lo vio explotar: un equipo humilde, modesto en presupuesto, pero que encontr\u00f3 en \u00e9l una joya.<\/p>\n<p>El fichaje tiene algo casi po\u00e9tico.<\/p>\n<p>Como si Girmay fuese un recordatorio de que el ciclismo a\u00fan puede escribir historias que desaf\u00eden las l\u00f3gicas del dinero.<\/p>\n<p>Pocos corredores con su perfil \u2014vers\u00e1til, ganador, magn\u00e9tico para la afici\u00f3n\u2014 renuncian a las grandes estructuras.<\/p>\n<p><strong>Lo habitual ser\u00eda verlo envuelto en el engranaje perfecto de un superequipo<\/strong>, con trenes milimetrados y presupuestos ilimitados.<\/p>\n<p>Pero no: vuelve a apostar por un proyecto que quiere ser grande sin haberlo sido nunca.<\/p>\n<p>En cierto modo, <strong>Girmay encarna una contradicci\u00f3n preciosa: el talento de clase mundial que elige caminos laterales<\/strong>.<\/p>\n<p>Y NSN, con ambici\u00f3n y discurso, aparece como ese equipo que promete futuro, pero que a\u00fan no pertenece al c\u00edrculo de poder.<\/p>\n<p>Su llegada habla tanto de \u00e9l como del propio ciclismo africano: un corredor que no s\u00f3lo piensa en ganar, sino en construir, en empujar un proyecto que conecta con su ra\u00edz y con la idea de transformar realidades en Ruanda y quiz\u00e1 tambi\u00e9n en Eritrea.<\/p>\n<p>El pelot\u00f3n, mientras tanto, observa con una ceja levantada. Porque si algo ha demostrado Girmay es que no necesita vestir el maillot de un gigante para tumbar gigantes.<\/p>\n<p>Y quiz\u00e1 ah\u00ed resida la verdadera paradoja: <strong>que uno de los pocos capaces de desafiar a los mejores siga apostando por equipos que, sobre el papel, nunca deber\u00edan tener acceso a un talento como el suyo<\/strong>.<\/p>\n<p>Pero as\u00ed es Girmay: un ciclista que rompe jerarqu\u00edas simplemente existiendo.<\/p>\n<p>Imagen: A.S.O.\/Charly Lopez<\/p>\n<p><strong><a href=\"https:\/\/terresdelebre.travel\/cycling\/es\/deportivo\" target=\"_blank\" rel=\"noopener nofollow\"><img loading=\"lazy\" decoding=\"async\" class=\"aligncenter\" src=\"data:image\/svg+xml,%3Csvg%20xmlns=\" http:=\"\" alt=\"\" width=\"1024\" height=\"400\" data-lazy-src=\"https:\/\/www.europesays.com\/es\/wp-content\/uploads\/2025\/10\/1024x400-cicloturisme-joanseguidor.jpg\"\/><\/a><\/strong><\/p>\n","protected":false},"excerpt":{"rendered":"Es curioso que el potencial de Biniam Girmay no le haya valido un equipo top Hay decisiones en&hellip;\n","protected":false},"author":2,"featured_media":268822,"comment_status":"","ping_status":"","sticky":false,"template":"","format":"standard","meta":{"footnotes":""},"categories":[273],"tags":[58344,313,312,168,25,24,2548,23,167],"class_list":{"0":"post-268821","1":"post","2":"type-post","3":"status-publish","4":"format-standard","5":"has-post-thumbnail","7":"category-ciclismo","8":"tag-biniam-girmay","9":"tag-ciclismo","10":"tag-cycling","11":"tag-deportes","12":"tag-es","13":"tag-espana","14":"tag-featured","15":"tag-spain","16":"tag-sports"},"share_on_mastodon":{"url":"https:\/\/pubeurope.com\/@es\/115655159513107959","error":""},"_links":{"self":[{"href":"https:\/\/www.europesays.com\/es\/wp-json\/wp\/v2\/posts\/268821","targetHints":{"allow":["GET"]}}],"collection":[{"href":"https:\/\/www.europesays.com\/es\/wp-json\/wp\/v2\/posts"}],"about":[{"href":"https:\/\/www.europesays.com\/es\/wp-json\/wp\/v2\/types\/post"}],"author":[{"embeddable":true,"href":"https:\/\/www.europesays.com\/es\/wp-json\/wp\/v2\/users\/2"}],"replies":[{"embeddable":true,"href":"https:\/\/www.europesays.com\/es\/wp-json\/wp\/v2\/comments?post=268821"}],"version-history":[{"count":0,"href":"https:\/\/www.europesays.com\/es\/wp-json\/wp\/v2\/posts\/268821\/revisions"}],"wp:featuredmedia":[{"embeddable":true,"href":"https:\/\/www.europesays.com\/es\/wp-json\/wp\/v2\/media\/268822"}],"wp:attachment":[{"href":"https:\/\/www.europesays.com\/es\/wp-json\/wp\/v2\/media?parent=268821"}],"wp:term":[{"taxonomy":"category","embeddable":true,"href":"https:\/\/www.europesays.com\/es\/wp-json\/wp\/v2\/categories?post=268821"},{"taxonomy":"post_tag","embeddable":true,"href":"https:\/\/www.europesays.com\/es\/wp-json\/wp\/v2\/tags?post=268821"}],"curies":[{"name":"wp","href":"https:\/\/api.w.org\/{rel}","templated":true}]}}