{"id":268829,"date":"2025-12-03T10:31:54","date_gmt":"2025-12-03T10:31:54","guid":{"rendered":"https:\/\/www.europesays.com\/es\/268829\/"},"modified":"2025-12-03T10:31:54","modified_gmt":"2025-12-03T10:31:54","slug":"la-transformacion-de-cullera-que-plasmo-el-fotografo-juan-piris","status":"publish","type":"post","link":"https:\/\/www.europesays.com\/es\/268829\/","title":{"rendered":"La transformaci\u00f3n de Cullera que plasm\u00f3 el fot\u00f3grafo Juan Piris"},"content":{"rendered":"<p class=\"ft-text\">El fot\u00f3grafo de Cullera Jordi Piris ha recopilado en un v\u00eddeo una selecci\u00f3n de las fotograf\u00edas antiguas a trav\u00e9s de las que su padre, Juan Piris, plasm\u00f3 la transformaci\u00f3n de su ciudad y su conversi\u00f3n en un enclave tur\u00edstico. La muestra se ha podido contemplar este fin de semana durante las jornadas de estudios de Cullera. Jordi Piris trabaja en la recuperaci\u00f3n de alrededor de 1.500 archivos de aquellos a\u00f1os para preparar nuevos proyectos.<\/p>\n<p><a href=\"https:\/\/www.levante-emv.com\/videos\/internacional\/2025\/12\/03\/trump-advierte-pais-trafique-droga-124390434.html\" target=\"_self\" title=\"Trump advierte que cualquier pa\u00eds que trafique droga hacia EEUU &quot;est\u00e1 sujeto a ataques&quot;\" rel=\"nofollow noopener\"><img decoding=\"async\" src=\"https:\/\/www.europesays.com\/es\/wp-content\/uploads\/2025\/12\/078738c1-4d22-4075-93f8-bf2a8320f67d_16-9-discover-aspect-ratio_default_0.webp.webp\" width=\"1200\" height=\"675\" alt=\"Trump advierte que cualquier pa\u00eds que trafique droga hacia EEUU &quot;est\u00e1 sujeto a ataques&quot;\" class=\"ft-helper-img-rd\" loading=\"eager\" fetchpriority=\"high\"\/><\/a><\/p>\n<p class=\"ft-org-cardHome__mainPretitle\">INTERNACIONAL<\/p>\n<p>3\/12\/2025, 10:17:14<\/p>\n<p>3\/12\/2025, 10:17:14<a href=\"https:\/\/www.levante-emv.com\/videos\/lhorta\/2025\/12\/03\/condecoracion-policia-local-ciudadania-dana-124387033.html\" target=\"_self\" title=\"Condecoraci\u00f3n de la Polic\u00eda Local a la ciudadan\u00eda tras la dana en Paiporta\" rel=\"nofollow noopener\"><img decoding=\"async\" src=\"https:\/\/www.europesays.com\/es\/wp-content\/uploads\/2025\/12\/6d143634-b59f-4b63-b1d1-5c56cb8d7748_16-9-aspect-ratio_default_0.webp.webp\" width=\"880\" height=\"495\" alt=\"Condecoraci\u00f3n de la Polic\u00eda Local a la ciudadan\u00eda tras la dana en Paiporta\" class=\"ft-helper-img-rd\" loading=\"lazy\"\/><\/a><\/p>\n<p class=\"ft-org-cardHome__mainPretitle\"><a href=\"https:\/\/www.levante-emv.com\/videos\/lhorta\/\" target=\"_self\" title=\"\" class=\"ft-link ft-link--secondary\" rel=\"nofollow noopener\">L&#8217;Horta<\/a><\/p>\n<p>3\/12\/2025, 9:20:09<\/p>\n<p>3\/12\/2025, 9:20:09<a href=\"https:\/\/www.levante-emv.com\/espana\/2025\/12\/03\/junts-rechaza-acercamiento-sanchez-psoe-124387105.html\" target=\"_self\" title=\"Junts rechaza el acercamiento de S\u00e1nchez: &quot;El PSOE ha bloqueado la legislatura con sus incumplimientos&quot;\" rel=\"nofollow noopener\"><img decoding=\"async\" src=\"https:\/\/www.europesays.com\/es\/wp-content\/uploads\/2025\/12\/bfa4b2ab-568e-4688-bb75-539edefb5b11_16-9-discover-aspect-ratio_default_0.webp.webp\" width=\"1200\" height=\"675\" alt=\"Junts rechaza el acercamiento de S\u00e1nchez: &quot;El PSOE ha bloqueado la legislatura con sus incumplimientos&quot;\" class=\"ft-helper-img-rd\" loading=\"lazy\"\/><\/a><\/p>\n<p class=\"ft-org-cardHome__mainPretitle\">REACCI\u00d3N DE JUNTS<\/p>\n<p>3\/12\/2025, 10:04:48<\/p>\n<p>3\/12\/2025, 10:04:48 <\/p>\n","protected":false},"excerpt":{"rendered":"El fot\u00f3grafo de Cullera Jordi Piris ha recopilado en un v\u00eddeo una selecci\u00f3n de las fotograf\u00edas antiguas a&hellip;\n","protected":false},"author":2,"featured_media":268830,"comment_status":"","ping_status":"","sticky":false,"template":"","format":"standard","meta":{"footnotes":""},"categories":[173],"tags":[229,233,231,230,45176,232,234,146,147,25,24,10957,6638,409,16843,66221,23,8447],"class_list":{"0":"post-268829","1":"post","2":"type-post","3":"status-publish","4":"format-standard","5":"has-post-thumbnail","7":"category-arte-y-diseno","8":"tag-arte","9":"tag-arte-y-diseno","10":"tag-arts","11":"tag-arts-and-design","12":"tag-cullera","13":"tag-design","14":"tag-diseno","15":"tag-entertainment","16":"tag-entretenimiento","17":"tag-es","18":"tag-espana","19":"tag-fin-de-semana","20":"tag-fotografo","21":"tag-juan","22":"tag-la-ribera","23":"tag-plasmo","24":"tag-spain","25":"tag-transformacion"},"share_on_mastodon":{"url":"https:\/\/pubeurope.com\/@es\/115655183530578249","error":""},"_links":{"self":[{"href":"https:\/\/www.europesays.com\/es\/wp-json\/wp\/v2\/posts\/268829","targetHints":{"allow":["GET"]}}],"collection":[{"href":"https:\/\/www.europesays.com\/es\/wp-json\/wp\/v2\/posts"}],"about":[{"href":"https:\/\/www.europesays.com\/es\/wp-json\/wp\/v2\/types\/post"}],"author":[{"embeddable":true,"href":"https:\/\/www.europesays.com\/es\/wp-json\/wp\/v2\/users\/2"}],"replies":[{"embeddable":true,"href":"https:\/\/www.europesays.com\/es\/wp-json\/wp\/v2\/comments?post=268829"}],"version-history":[{"count":0,"href":"https:\/\/www.europesays.com\/es\/wp-json\/wp\/v2\/posts\/268829\/revisions"}],"wp:featuredmedia":[{"embeddable":true,"href":"https:\/\/www.europesays.com\/es\/wp-json\/wp\/v2\/media\/268830"}],"wp:attachment":[{"href":"https:\/\/www.europesays.com\/es\/wp-json\/wp\/v2\/media?parent=268829"}],"wp:term":[{"taxonomy":"category","embeddable":true,"href":"https:\/\/www.europesays.com\/es\/wp-json\/wp\/v2\/categories?post=268829"},{"taxonomy":"post_tag","embeddable":true,"href":"https:\/\/www.europesays.com\/es\/wp-json\/wp\/v2\/tags?post=268829"}],"curies":[{"name":"wp","href":"https:\/\/api.w.org\/{rel}","templated":true}]}}