{"id":268837,"date":"2025-12-03T10:38:14","date_gmt":"2025-12-03T10:38:14","guid":{"rendered":"https:\/\/www.europesays.com\/es\/268837\/"},"modified":"2025-12-03T10:38:14","modified_gmt":"2025-12-03T10:38:14","slug":"salud-aconseja-el-uso-de-mascarilla-en-centros-de-salud-y-hospitales-ante-el-repunte-de-la-gripe-en-la-region-sociedad","status":"publish","type":"post","link":"https:\/\/www.europesays.com\/es\/268837\/","title":{"rendered":"Salud aconseja el uso de mascarilla en centros de salud y hospitales ante el repunte de la gripe en la Regi\u00f3n | Sociedad"},"content":{"rendered":"<p>El consejero de Salud, Juan Jos\u00e9 Pedre\u00f1o, ha recomendado el uso de la mascarilla a quienes acudan a los centros de salud y hospitales de la Regi\u00f3n de Murcia, especialmente a las personas que tengan s\u00edntomas respiratorios o que sean vulnerables, en un contexto marcado por el incremento de los casos de gripe.<\/p>\n<p>A preguntas de los medios de comunicaci\u00f3n, Pedre\u00f1o ha afirmado que no descarta defender la obligatoriedad del uso de las mascarillas en los espacios sanitarios durante la pr\u00f3xima reuni\u00f3n de la Comisi\u00f3n Nacional de Salud P\u00fablica del Sistema Nacional de Salud, que tendr\u00e1 lugar esta semana, si la incidencia sigue en aumento.<\/p>\n<p>Ha aprovechado la ocasi\u00f3n para recordar que el Servicio Murciano de Salud (SMS) ha iniciado ya la campa\u00f1a de vacunaci\u00f3n de la gripe, animando a la ciudadan\u00eda, especialmente a las personas mayores de 60 a\u00f1os, embarazadas y con patolog\u00edas de riesgo, a que se vacunen porque \u00abes la mayor proteccion que puede tener un ciudadano\u00bb.<\/p>\n","protected":false},"excerpt":{"rendered":"El consejero de Salud, Juan Jos\u00e9 Pedre\u00f1o, ha recomendado el uso de la mascarilla a quienes acudan a&hellip;\n","protected":false},"author":2,"featured_media":268838,"comment_status":"","ping_status":"","sticky":false,"template":"","format":"standard","meta":{"footnotes":""},"categories":[92],"tags":[25,24,165,166,23],"class_list":{"0":"post-268837","1":"post","2":"type-post","3":"status-publish","4":"format-standard","5":"has-post-thumbnail","7":"category-salud","8":"tag-es","9":"tag-espana","10":"tag-health","11":"tag-salud","12":"tag-spain"},"share_on_mastodon":{"url":"https:\/\/pubeurope.com\/@es\/115655206803068604","error":""},"_links":{"self":[{"href":"https:\/\/www.europesays.com\/es\/wp-json\/wp\/v2\/posts\/268837","targetHints":{"allow":["GET"]}}],"collection":[{"href":"https:\/\/www.europesays.com\/es\/wp-json\/wp\/v2\/posts"}],"about":[{"href":"https:\/\/www.europesays.com\/es\/wp-json\/wp\/v2\/types\/post"}],"author":[{"embeddable":true,"href":"https:\/\/www.europesays.com\/es\/wp-json\/wp\/v2\/users\/2"}],"replies":[{"embeddable":true,"href":"https:\/\/www.europesays.com\/es\/wp-json\/wp\/v2\/comments?post=268837"}],"version-history":[{"count":0,"href":"https:\/\/www.europesays.com\/es\/wp-json\/wp\/v2\/posts\/268837\/revisions"}],"wp:featuredmedia":[{"embeddable":true,"href":"https:\/\/www.europesays.com\/es\/wp-json\/wp\/v2\/media\/268838"}],"wp:attachment":[{"href":"https:\/\/www.europesays.com\/es\/wp-json\/wp\/v2\/media?parent=268837"}],"wp:term":[{"taxonomy":"category","embeddable":true,"href":"https:\/\/www.europesays.com\/es\/wp-json\/wp\/v2\/categories?post=268837"},{"taxonomy":"post_tag","embeddable":true,"href":"https:\/\/www.europesays.com\/es\/wp-json\/wp\/v2\/tags?post=268837"}],"curies":[{"name":"wp","href":"https:\/\/api.w.org\/{rel}","templated":true}]}}