{"id":268839,"date":"2025-12-03T10:39:08","date_gmt":"2025-12-03T10:39:08","guid":{"rendered":"https:\/\/www.europesays.com\/es\/268839\/"},"modified":"2025-12-03T10:39:08","modified_gmt":"2025-12-03T10:39:08","slug":"dani-martin-se-arrepiente-de-animar-a-no-votar-y-se-reconcilia-con-las-urnas-en-instagram-cuando-comento-un-error-me-gusta-pedir-perdon-gente","status":"publish","type":"post","link":"https:\/\/www.europesays.com\/es\/268839\/","title":{"rendered":"Dani Mart\u00edn se arrepiente de animar a no votar y se reconcilia con las urnas en Instagram: \u201cCuando comento un error, me gusta pedir perd\u00f3n\u201d | Gente"},"content":{"rendered":"<p class=\"\">\u201cNo nos representan ninguno\u201d, dec\u00eda <a href=\"https:\/\/elpais.com\/eps\/2024-10-13\/la-verdad-de-dani-martin-vivo-en-un-desequilibrio-emocional-me-acompana-y-me-merma.html\" target=\"_blank\" rel=\"noreferrer nofollow noopener\" title=\"https:\/\/elpais.com\/eps\/2024-10-13\/la-verdad-de-dani-martin-vivo-en-un-desequilibrio-emocional-me-acompana-y-me-merma.html\">el cantante Dani Mart\u00edn<\/a> (San Sebasti\u00e1n de los Reyes, 48 a\u00f1os) subido al escenario del Movistar Arena de Madrid en <a href=\"https:\/\/elpais.com\/cultura\/2025-11-15\/dani-martin-en-madrid-tanto-en-sus-fortalezas-como-en-sus-debilidades-un-crack.html\" target=\"_blank\" rel=\"noreferrer nofollow noopener\" title=\"https:\/\/elpais.com\/cultura\/2025-11-15\/dani-martin-en-madrid-tanto-en-sus-fortalezas-como-en-sus-debilidades-un-crack.html\">uno de sus conciertos de la gira 25 p*t*s a\u00f1os.<\/a> El artista se refer\u00eda a la clase pol\u00edtica actual, con la que asegura sentirse desencantado. En su proclama, el madrile\u00f1o tambi\u00e9n alent\u00f3 a su p\u00fablico \u2014que, mientras, coreaba: \u201cDani, presidente\u201d\u2014 a plantarse en las urnas: \u201cYo os animo a que no vot\u00e9is a nadie. A nadie. Para que se den cuenta de que no nos representa ninguno, absolutamente ninguno. Todos buscan algo de nosotros y nosotros valemos demasiado. Nuestro valor y nuestro coraz\u00f3n es nuestro mayor tesoro del mundo\u201d. Ahora, a trav\u00e9s de un storie en <a href=\"https:\/\/www.instagram.com\/_danimartin_\/?hl=es\" target=\"_blank\" rel=\"noreferrer nofollow noopener\" title=\"https:\/\/www.instagram.com\/_danimartin_\/?hl=es\">su perfil de Instagram<\/a> (con 1,2 millones de seguidores), ha querido rectificar sus palabras, que no fueron bien recibidas por todos sus seguidores.<\/p>\n<p class=\"\">\u201cCuando comento un error, me gusta pedir perd\u00f3n\u201d, comienza su mensaje, y contin\u00faa matizando su soflama en el recital: \u201cSi hay algo necesario en este Estado de derecho es ir a votar, as\u00ed que quiero pedir disculpas por mis palabras equivocadas, fruto del hartazgo ante la falta de integridad y compromiso que estamos viviendo\u201d. <a href=\"https:\/\/elpais.com\/cultura\/2024-11-29\/dani-martin-revive-a-el-canto-del-loco-y-por-el-camino-despotrica-contra-la-musica-urbana.html\" target=\"_blank\" rel=\"noreferrer nofollow noopener\" title=\"https:\/\/elpais.com\/cultura\/2024-11-29\/dani-martin-revive-a-el-canto-del-loco-y-por-el-camino-despotrica-contra-la-musica-urbana.html\">El exvocalista de El Canto del Loco<\/a> ha finalizado sus palabras de rectificaci\u00f3n con un deseo: \u201cOjal\u00e1 una gesti\u00f3n m\u00e1s justa, m\u00e1s unidad y mismos derechos y oportunidades para todas y todos\u201d.<\/p>\n<p>M\u00e1s informaci\u00f3n<\/p>\n<p class=\"\"><a href=\"https:\/\/elpais.com\/cultura\/2025-01-30\/dani-martin-nunca-pense-que-duraria-tanto-en-la-musica-como-para-que-las-hijas-de-mis-fans-vinieran-a-escucharme.html\" target=\"_blank\" rel=\"noreferrer nofollow noopener\" title=\"https:\/\/elpais.com\/cultura\/2025-01-30\/dani-martin-nunca-pense-que-duraria-tanto-en-la-musica-como-para-que-las-hijas-de-mis-fans-vinieran-a-escucharme.html\">Dani Mart\u00edn<\/a> est\u00e1 inmerso desde el pasado 14 de noviembre en la gira que celebra su cuarto de siglo de carrera y que acabar\u00e1 en octubre de 2026. Los primeros conciertos han tenido lugar en Madrid (en el Movistar Arena), donde sus seguidores aplaud\u00edan sus palabras durante su reivindicativo discurso. Con ropa oscura, cara de circunstancias y tranquilamente sentado en un asiento improvisado en el escenario, el artista continuaba su alegato contra los pol\u00edticos y a favor de la clase trabajadora, sobre todo de quienes estuvieron en primera l\u00ednea en la pandemia: \u201cEl covid lo sacamos nosotros adelante. Sobre todo los que sois m\u00e9dicos, doctores, enfermeros y a los cuales no se les ha subido el sueldo. A la gente de las ambulancias, los bomberos, polic\u00edas&#8230; Creo que la dana la sac\u00f3 tambi\u00e9n adelante el pueblo. Y lo m\u00e1s acojonante es que todo es un bucle donde nadie nos da explicaciones\u201d, lanzaba. <\/p>\n<p class=\"\">Ya entonces, algunas voces en redes sociales afearon las palabras del cantante, con mensajes en TikTok como: \u201cPues si no vota, luego no tiene derecho a criticar\u201d, \u201csi no votamos a nadie, gana siempre la derecha, no es bueno tu mensaje, soy m\u00e9dico\u201d o \u201clo de no votar es la mayor tonter\u00eda. Si queremos cambiar las cosas votemos cambio\u201d, entre otros comentarios de usuarios.<\/p>\n<p class=\"\">Antes de <a href=\"https:\/\/elpais.com\/cultura\/2025-11-15\/dani-martin-en-madrid-tanto-en-sus-fortalezas-como-en-sus-debilidades-un-crack.html\" target=\"_blank\" rel=\"noreferrer nofollow noopener\" title=\"https:\/\/elpais.com\/cultura\/2025-11-15\/dani-martin-en-madrid-tanto-en-sus-fortalezas-como-en-sus-debilidades-un-crack.html\">su primer concierto de la gira<\/a>, Mart\u00edn publicaba en un mensaje en sus redes sociales: \u201cNo soy una patata frita, as\u00ed que es imposible gustar a todo el mundo. Me ha costado mucho trabajo personal entender eso. El Canto del Loco y yo: eso es lo que soy, esas canciones, ese discurso, ese respeto a m\u00ed mismo y a estos 25 a\u00f1os juntos\u201d. En la cr\u00f3nica del estreno del tour, este peri\u00f3dico escrib\u00eda que el recital fue: \u201c(&#8230;) Un repaso por la historia musical y vital de este chico (siempre lo parece a pesar de sus 48 a\u00f1os) noblote y con carencias musicales que quedan mitigadas por el abrasivo candor que desprende\u201d. Para bien o para mal, la voz de <a href=\"https:\/\/elpais.com\/cultura\/2024-11-29\/dani-martin-revive-a-el-canto-del-loco-y-por-el-camino-despotrica-contra-la-musica-urbana.html\" target=\"_blank\" rel=\"noreferrer nofollow noopener\" title=\"https:\/\/elpais.com\/cultura\/2024-11-29\/dani-martin-revive-a-el-canto-del-loco-y-por-el-camino-despotrica-contra-la-musica-urbana.html\">El \u00faltimo d\u00eda de nuestras vidas<\/a>, el disco que public\u00f3 en 2024 (su sexto \u00e1lbum en solitario), es una persona carism\u00e1tica que mueve a los suyos. El a\u00f1o pasado reconoci\u00f3 algunos de sus momentos bajos: \u201cVivo en un desequilibrio emocional. Me acompa\u00f1a y me merma\u201d. <\/p>\n<p><script async src=\"\/\/www.instagram.com\/embed.js\"><\/script><\/p>\n","protected":false},"excerpt":{"rendered":"\u201cNo nos representan ninguno\u201d, dec\u00eda el cantante Dani Mart\u00edn (San Sebasti\u00e1n de los Reyes, 48 a\u00f1os) subido al&hellip;\n","protected":false},"author":2,"featured_media":268840,"comment_status":"","ping_status":"","sticky":false,"template":"","format":"standard","meta":{"footnotes":""},"categories":[91],"tags":[3061,208,209,47099,146,147,25,24,256,260,185,952,23],"class_list":{"0":"post-268839","1":"post","2":"type-post","3":"status-publish","4":"format-standard","5":"has-post-thumbnail","7":"category-entretenimiento","8":"tag-cantantes","9":"tag-conciertos","10":"tag-cultura","11":"tag-dani-martin","12":"tag-entertainment","13":"tag-entretenimiento","14":"tag-es","15":"tag-espana","16":"tag-famosos","17":"tag-gente","18":"tag-musica","19":"tag-politica","20":"tag-spain"},"share_on_mastodon":{"url":"https:\/\/pubeurope.com\/@es\/115655210828771289","error":""},"_links":{"self":[{"href":"https:\/\/www.europesays.com\/es\/wp-json\/wp\/v2\/posts\/268839","targetHints":{"allow":["GET"]}}],"collection":[{"href":"https:\/\/www.europesays.com\/es\/wp-json\/wp\/v2\/posts"}],"about":[{"href":"https:\/\/www.europesays.com\/es\/wp-json\/wp\/v2\/types\/post"}],"author":[{"embeddable":true,"href":"https:\/\/www.europesays.com\/es\/wp-json\/wp\/v2\/users\/2"}],"replies":[{"embeddable":true,"href":"https:\/\/www.europesays.com\/es\/wp-json\/wp\/v2\/comments?post=268839"}],"version-history":[{"count":0,"href":"https:\/\/www.europesays.com\/es\/wp-json\/wp\/v2\/posts\/268839\/revisions"}],"wp:featuredmedia":[{"embeddable":true,"href":"https:\/\/www.europesays.com\/es\/wp-json\/wp\/v2\/media\/268840"}],"wp:attachment":[{"href":"https:\/\/www.europesays.com\/es\/wp-json\/wp\/v2\/media?parent=268839"}],"wp:term":[{"taxonomy":"category","embeddable":true,"href":"https:\/\/www.europesays.com\/es\/wp-json\/wp\/v2\/categories?post=268839"},{"taxonomy":"post_tag","embeddable":true,"href":"https:\/\/www.europesays.com\/es\/wp-json\/wp\/v2\/tags?post=268839"}],"curies":[{"name":"wp","href":"https:\/\/api.w.org\/{rel}","templated":true}]}}