{"id":268848,"date":"2025-12-03T10:44:14","date_gmt":"2025-12-03T10:44:14","guid":{"rendered":"https:\/\/www.europesays.com\/es\/268848\/"},"modified":"2025-12-03T10:44:14","modified_gmt":"2025-12-03T10:44:14","slug":"el-ayuntamiento-de-zaragoza-cierra-el-parque-bruil-para-acometer-una-intervencion-sanitaria-y-de-recuperacion-paisajistica","status":"publish","type":"post","link":"https:\/\/www.europesays.com\/es\/268848\/","title":{"rendered":"El Ayuntamiento de Zaragoza cierra el parque Bruil para acometer una intervenci\u00f3n sanitaria y de recuperaci\u00f3n paisaj\u00edstica"},"content":{"rendered":"<p>      Cuerpo de la noticia<\/p>\n<p>El Ayuntamiento de Zaragoza ha acordado el cierre temporal del parque Bruil con el objetivo de recuperar las condiciones de salubridad, seguridad y uso p\u00fablico de este emblem\u00e1tico espacio verde. La decisi\u00f3n se ha adoptado tras los informes emitidos por los servicios de Salud P\u00fablica e Infraestructura Verde, que han constatado la situaci\u00f3n de insalubridad del parque, as\u00ed como el deterioro de algunos elementos de esta zona verde. El vallado permanecer\u00e1 hasta la llegada de la primavera.<\/p>\n<p>A primera hora de la ma\u00f1ana, un importante dispositivo de limpieza, acompa\u00f1ado de personal de servicios sociales y Polic\u00eda Local se han traslado hasta el lugar para proceder a la retirada de colchones, muebles, residuos biol\u00f3gicos y basura, as\u00ed como a la recogida de enseres personales de las personas sintecho que dorm\u00edan en este lugar y que se han traslado al interior del Albergue Municipal. De hecho, a todas las personas que se encontraban en ese momento en el parque se les ha informado que se han abierto 40 plazas m\u00e1s en el nuevo edificio del Albergue Municipal para que hagan uso de las mismas si quieren, as\u00ed como de las 25 plazas que entrar\u00e1n en servicio la semana que viene en El Refugio tras un acuerdo de colaboraci\u00f3n con el Ayuntamiento.<\/p>\n<p>En paralelo se ha iniciado al vallado del parque y se ha habilitado una zona de paso para los vecinos, adem\u00e1s de mantener abierta la zona de ocio deportiva. Asimismo, en la zona restringida han comenzado los trabajos propios para acabar con la proliferaci\u00f3n de roedores, insectos y vectores transmisores de enfermedades.<\/p>\n<p>Cuando finalice este proceso de salud p\u00fablica comenzar\u00e1n las actuaciones espec\u00edficas para reparar el mobiliario urbano, el sistema de riego y la recuperaci\u00f3n de praderas verdes. Asimismo, dentro del proyecto del Bosque de los Zaragozanos, est\u00e1 prevista la plantaci\u00f3n de m\u00e1s de cien nuevos \u00e1rboles en el parque.<\/p>\n<p><img decoding=\"async\" alt=\"\" class=\"img-responsive\" src=\"https:\/\/www.europesays.com\/es\/wp-content\/uploads\/2025\/12\/2WhatsApp_Image_2025-12-03_at_11.06.41.jpeg\" style=\"width: 800px; height: 533px;\"\/><\/p>\n<p>El Ayuntamiento ha articulado este operativo como una acci\u00f3n transversal, con la participaci\u00f3n de Salud P\u00fablica, Limpieza P\u00fablica, Infraestructura Verde, la Oficina de Medio Ambiente y el \u00c1rea de Pol\u00edticas Sociales, adem\u00e1s de la colaboraci\u00f3n de la Polic\u00eda Local para garantizar la seguridad durante los trabajos.<\/p>\n<p>El consejero de Presidencia y Seguridad Ciudadana, \u00c1ngel Lor\u00e9n, ha querido agradecer la paciencia de los vecinos porque \u00abdetr\u00e1s hab\u00eda una situaci\u00f3n de sinhogarismo que nos ha obligado a pedir a la Delegaci\u00f3n del Gobierno en Arag\u00f3n que se hiciera cargo de las personas en situaci\u00f3n de asilo que dorm\u00edan en la calle y que est\u00e1n bajo su titularidad\u00bb y por otro lado ampliar el n\u00famero de plazas para personas sin hogar, \u00abconsigui\u00e9ndolo esta semana con 40 nuevas camas en el Albergue Municipal, cuyas obras est\u00e1n casi finalizadas, y con otras 25 m\u00e1s en El Refugio, gracias a un acuerdo de colaboraci\u00f3n\u00bb.<\/p>\n<p>El consejero ha a\u00f1adido que el dispositivo se ha preparado con especial atenci\u00f3n al acompa\u00f1amiento social. \u00abNo se trata solo de limpiar y reformar un parque, sino de ofrecer soluciones reales a quienes m\u00e1s lo necesitan. Por eso hemos trabajado para que ninguna persona quede sin una alternativa habitacional si desea aceptarla\u00bb, ha afirmado al tiempo que ha a\u00f1adido que la actuaci\u00f3n era imprescindible para garantizar la convivencia y el uso seguro de este espacio p\u00fablico.<\/p>\n<p>Durante todo el proceso, la Polic\u00eda Local prestar\u00e1 apoyo operativo para garantizar el cumplimiento de las ordenanzas y asegurar el desarrollo de las actuaciones en condiciones \u00f3ptimas de seguridad.<\/p>\n","protected":false},"excerpt":{"rendered":"Cuerpo de la noticia El Ayuntamiento de Zaragoza ha acordado el cierre temporal del parque Bruil con el&hellip;\n","protected":false},"author":2,"featured_media":268849,"comment_status":"","ping_status":"","sticky":false,"template":"","format":"standard","meta":{"footnotes":""},"categories":[5],"tags":[17,18,25,24,13,14,11,19,20,9,10,15,16,23,12,21,22],"class_list":{"0":"post-268848","1":"post","2":"type-post","3":"status-publish","4":"format-standard","5":"has-post-thumbnail","7":"category-titulares","8":"tag-breaking-news","9":"tag-breakingnews","10":"tag-es","11":"tag-espana","12":"tag-featured-news","13":"tag-featurednews","14":"tag-headlines","15":"tag-latest-news","16":"tag-latestnews","17":"tag-news","18":"tag-noticias","19":"tag-noticias-destacadas","20":"tag-noticiasdestacadas","21":"tag-spain","22":"tag-titulares","23":"tag-ultimas-noticias","24":"tag-ultimasnoticias"},"share_on_mastodon":{"url":"https:\/\/pubeurope.com\/@es\/115655230811059269","error":""},"_links":{"self":[{"href":"https:\/\/www.europesays.com\/es\/wp-json\/wp\/v2\/posts\/268848","targetHints":{"allow":["GET"]}}],"collection":[{"href":"https:\/\/www.europesays.com\/es\/wp-json\/wp\/v2\/posts"}],"about":[{"href":"https:\/\/www.europesays.com\/es\/wp-json\/wp\/v2\/types\/post"}],"author":[{"embeddable":true,"href":"https:\/\/www.europesays.com\/es\/wp-json\/wp\/v2\/users\/2"}],"replies":[{"embeddable":true,"href":"https:\/\/www.europesays.com\/es\/wp-json\/wp\/v2\/comments?post=268848"}],"version-history":[{"count":0,"href":"https:\/\/www.europesays.com\/es\/wp-json\/wp\/v2\/posts\/268848\/revisions"}],"wp:featuredmedia":[{"embeddable":true,"href":"https:\/\/www.europesays.com\/es\/wp-json\/wp\/v2\/media\/268849"}],"wp:attachment":[{"href":"https:\/\/www.europesays.com\/es\/wp-json\/wp\/v2\/media?parent=268848"}],"wp:term":[{"taxonomy":"category","embeddable":true,"href":"https:\/\/www.europesays.com\/es\/wp-json\/wp\/v2\/categories?post=268848"},{"taxonomy":"post_tag","embeddable":true,"href":"https:\/\/www.europesays.com\/es\/wp-json\/wp\/v2\/tags?post=268848"}],"curies":[{"name":"wp","href":"https:\/\/api.w.org\/{rel}","templated":true}]}}