{"id":26885,"date":"2025-08-05T09:25:07","date_gmt":"2025-08-05T09:25:07","guid":{"rendered":"https:\/\/www.europesays.com\/es\/26885\/"},"modified":"2025-08-05T09:25:07","modified_gmt":"2025-08-05T09:25:07","slug":"budimir-vuelve-a-valer-20-millones","status":"publish","type":"post","link":"https:\/\/www.europesays.com\/es\/26885\/","title":{"rendered":"Budimir vuelve a valer 20 millones"},"content":{"rendered":"<p>\n<strong>Ante Budimir<\/strong> no saldr\u00e1 de <strong>Osasuna <\/strong>salvo sorpresa may\u00fascula. Queda casi un mes de mercado por delante y en ocasiones los acontecimientos rompen los esquemas de las plantillas, pero hay un hecho relevante que permite aclarar un asunto que se volvi\u00f3 turbio cuando termin\u00f3 la pasada temporada. El plazo temporal para abonar la cl\u00e1usula de salida acaba de terminar <strong>y su precio vuelve a ser el de 20 millones.<\/strong>\n<\/p>\n<p>El delantero internacional con Croacia iniciar\u00e1 su sexta campa\u00f1a en Pamplona dispuesto a seguir engordando unas cifras realizadoras que ya son hist\u00f3ricas. Viene de firmar 21 goles y ser el tercer  artillero de la Liga despu\u00e9s de Mbapp\u00e9 y Lewandowski, adem\u00e1s de coleccionar r\u00e9cords de la instituci\u00f3n rojilla como el de m\u00e1ximo anotador en Primera.<\/p>\n<p>La afici\u00f3n navarra podr\u00e1 disfrutar de nuevo de sus remates, lo que supone un alivio tranquilizador<strong> para cerrar cap\u00edtulo de una situaci\u00f3n que en junio estaba abierta. <\/strong>En la anterior renovaci\u00f3n suscrita en 2023, el delantero acept\u00f3 alargar su contrato hasta 2027 con el mismo salario a cambio de que hubiera una ventana abierta en verano que rebajara su cl\u00e1usula de rescisi\u00f3n.<\/p>\n<p>En este caso, ha habido un periodo en el que se ha reducido a los 8 millones para entidades de Europa (10 para el resto). Es una cantidad que ha sido analizada por algunos clubes, aunque finalmente no se haya concretado en nada. <strong>Desde el 1 de agosto, esto es agua pasada. <\/strong>Carpetazo.<\/p>\n<p>En Osasuna hubo temor a su marcha durante las primeras semanas de mercado m\u00e1s si cabe cuando <strong>trascendi\u00f3 el inter\u00e9s del Real Madrid.<\/strong> El club blanco s\u00ed le ten\u00eda en el radar por su perfil de atacante, pero no movi\u00f3 ficha. La irrupci\u00f3n de Gonzalo Garc\u00eda en el Mundial de Clubes fren\u00f3 en seco esta posibilidad.<\/p>\n<p>Fueron d\u00edas tensos. Se llegaron a producir reuniones con su representante, Mladen Grgic, que lleg\u00f3 a desplazarse a El Sadar para abordar el tema. Su rendimiento y el coste a la baja pon\u00edan en alerta al osasunismo.<\/p>\n<p>Tambi\u00e9n el <strong>Besiktas <\/strong>lleg\u00f3 a plantear en el plano verbal cantidades alejadas de su cl\u00e1usula, mientras que desde Arabia y Estados Unidos ha habido contactos, aunque esta es una puerta que el croata no quiere abrir de momento por mucho que su ficha se viera incrementada.<\/p>\n<p>Adem\u00e1s de llevar a Osasuna a objetivos ambiciosos, Budimir tiene entre ceja y ceja<strong> jugar el Mundial<\/strong> el a\u00f1o que viene con Croacia. Y para eso necesita jugar en una liga competitiva como la espa\u00f1ola.<\/p>\n<p><strong>Siguen sus rutinas extra: este lunes 4 de agosto a 30 grados<\/strong><\/p>\n<p>A sus 34 a\u00f1os reci\u00e9n cumplidos (los celebr\u00f3 el 22 de julio), Ante Budimir sigue con las habituales rutinas de trabajo. El calor no es un obst\u00e1culo. Este lunes 4 de agosto, a 30 grados, el delantero balc\u00e1nico se qued\u00f3 en el campo un buen rato cuando hab\u00eda terminado el entrenamiento del grupo. Golpeos de bal\u00f3n, movimientos, giros&#8230;<strong> \u00c9l se encarga de autoentrenarse. <\/strong>La estampa se ha convertido en un cl\u00e1sico en Tajonar y ahora se vuelve a repetir en su sexto curso como rojillo.<\/p>\n<p>Budimir se incorpor\u00f3 unos d\u00edas m\u00e1s tarde a la pretemporada tras haber jugado con su selecci\u00f3n en junio. Junto a sus compa\u00f1eros, sigue su puesta a punto para llegar en las mejores condiciones a la primera jornada del 19 de agosto en el Santiago Bernab\u00e9u. Aclarado su futuro, se centra de pleno en Osasuna con la felicidad a\u00f1adida de haber sido padre por cuarta vez.<\/p>\n","protected":false},"excerpt":{"rendered":"Ante Budimir no saldr\u00e1 de Osasuna salvo sorpresa may\u00fascula. Queda casi un mes de mercado por delante y&hellip;\n","protected":false},"author":2,"featured_media":26886,"comment_status":"","ping_status":"","sticky":false,"template":"","format":"standard","meta":{"footnotes":""},"categories":[268],"tags":[4248,7137,168,25,24,280,282,4724,281,23,167,14813,739],"class_list":{"0":"post-26885","1":"post","2":"type-post","3":"status-publish","4":"format-standard","5":"has-post-thumbnail","7":"category-futbol","8":"tag-4248","9":"tag-budimir","10":"tag-deportes","11":"tag-es","12":"tag-espana","13":"tag-football","14":"tag-futbol","15":"tag-millones","16":"tag-soccer","17":"tag-spain","18":"tag-sports","19":"tag-valer","20":"tag-vuelve"},"share_on_mastodon":{"url":"","error":""},"_links":{"self":[{"href":"https:\/\/www.europesays.com\/es\/wp-json\/wp\/v2\/posts\/26885","targetHints":{"allow":["GET"]}}],"collection":[{"href":"https:\/\/www.europesays.com\/es\/wp-json\/wp\/v2\/posts"}],"about":[{"href":"https:\/\/www.europesays.com\/es\/wp-json\/wp\/v2\/types\/post"}],"author":[{"embeddable":true,"href":"https:\/\/www.europesays.com\/es\/wp-json\/wp\/v2\/users\/2"}],"replies":[{"embeddable":true,"href":"https:\/\/www.europesays.com\/es\/wp-json\/wp\/v2\/comments?post=26885"}],"version-history":[{"count":0,"href":"https:\/\/www.europesays.com\/es\/wp-json\/wp\/v2\/posts\/26885\/revisions"}],"wp:featuredmedia":[{"embeddable":true,"href":"https:\/\/www.europesays.com\/es\/wp-json\/wp\/v2\/media\/26886"}],"wp:attachment":[{"href":"https:\/\/www.europesays.com\/es\/wp-json\/wp\/v2\/media?parent=26885"}],"wp:term":[{"taxonomy":"category","embeddable":true,"href":"https:\/\/www.europesays.com\/es\/wp-json\/wp\/v2\/categories?post=26885"},{"taxonomy":"post_tag","embeddable":true,"href":"https:\/\/www.europesays.com\/es\/wp-json\/wp\/v2\/tags?post=26885"}],"curies":[{"name":"wp","href":"https:\/\/api.w.org\/{rel}","templated":true}]}}