{"id":268850,"date":"2025-12-03T10:49:08","date_gmt":"2025-12-03T10:49:08","guid":{"rendered":"https:\/\/www.europesays.com\/es\/268850\/"},"modified":"2025-12-03T10:49:08","modified_gmt":"2025-12-03T10:49:08","slug":"serena-williams-habla-sin-censura-de-su-cambio-fisico-tenia-el-pecho-grande-y-un-trasero-enorme","status":"publish","type":"post","link":"https:\/\/www.europesays.com\/es\/268850\/","title":{"rendered":"Serena Williams habla sin censura de su cambio f\u00edsico: \u00abTen\u00eda el pecho grande y un trasero enorme\u00bb"},"content":{"rendered":"<p><strong>Serena Williams<\/strong> es, sin duda, una de las deportistas que m\u00e1s \u00e9xito ha cosechado durante su trayectoria como <strong>tenista profesional<\/strong>. 73 t\u00edtulos individuales, entre los que destaca <strong>23 t\u00edtulos de Grand Slam<\/strong>, qued\u00e1ndose a uno del r\u00e9cord de Margaret Court y <strong>Novak Djokovic<\/strong>, adem\u00e1s de otros importantes t\u00edtulos en la categor\u00eda de dobles, la coronan como <strong>una de las mejores tenistas de la historia<\/strong>.<\/p>\n<p>Entre los rumores de una posible vuelta de <strong><a href=\"https:\/\/www.libertaddigital.com\/personajes\/serena-williams\/\" rel=\"nofollow noopener\" target=\"_blank\">Serena Williams<\/a><\/strong> para 2026, sobre todo a ra\u00edz de los movimientos realizados por parte de la jugadora, que ha vuelto a <strong>apuntarse al sistema antidopaje de la ITIA<\/strong> (paso necesario para regresar al profesionalismo), ha concedido una entrevista para NET-A-PORTER, <strong>en la que habl\u00f3 de su larga trayectoria<\/strong>.<\/p>\n<p>Una de las preguntas que abord\u00f3 fue <strong>su aspecto f\u00edsico<\/strong> que, despu\u00e9s de retirarse, <strong>ha cambiado de forma radical<\/strong>. \u00abFue dif\u00edcil porque cuando jugaba al principio, mi cuerpo era diferente\u00bb, \u00abten\u00eda <strong>pechos grandes y un trasero enorme<\/strong>\u00ab, lo que la hac\u00eda distinta a las otras deportistas.<\/p>\n<p>\u00ab<strong>Las otras eran s\u00faper planas, s\u00faper delgadas y hermosas, pero de una manera diferente<\/strong>. Y yo, como atleta, no entend\u00eda c\u00f3mo lidiar con eso\u00bb, desvel\u00f3 durante la entrevista.<\/p>\n<p>Esta idea le acompa\u00f1\u00f3 durante bastante tiempo y termin\u00f3 afectando a su rendimiento en el juego, \u00ab<strong>Me pas\u00f3 factura mentalmente<\/strong>. Crees que eres grande toda la vida y miras atr\u00e1s y piensas: &#8216;Estaba en forma&#8217;. S\u00ed, <strong>ten\u00eda m\u00fasculos grandes.<\/strong> No me parec\u00eda a las otras chicas, pero no todas somos iguales\u00bb.<\/p>\n<p>    Relacionado<\/p>\n<p>Esta situaci\u00f3n termin\u00f3 de estallar cuando gan\u00f3 por primera vez el <strong>US Open<\/strong>, fue entonces cuando la tenista decidi\u00f3 tomar cartas en el asunto: \u00ab<strong>Era muy joven, pero dije que nunca iba a leer nada sobre m\u00ed<\/strong>. En el torneo, hab\u00eda tanta positividad, y pens\u00e9: &#8216;No quiero engre\u00edrme demasiado&#8217;. <strong>Quer\u00eda mantener la humildad<\/strong>\u00ab, decisi\u00f3n que, a d\u00eda de hoy, como ella misma ha mencionado, se mantiene.<\/p>\n<p>Fue entonces cuando comenz\u00f3 a centrarse en ella misma, crecer por sus logros en el mundo del tenis, sin centrarse en nada m\u00e1s: \u00ab<strong>Crecer y ser negra en el tenis, es como, bueno, eso conlleva negatividad\u2026<\/strong> Si tienes algo malo que decir, ponte en la fila. Tienes que remontarte mucho\u00bb, confes\u00f3.<\/p>\n<p>La situaci\u00f3n ahora, seg\u00fan comenta, ha cambiado: el pensamiento de los deportistas y de la sociedad no es igual que cuando ella empez\u00f3 en este mundo. <strong>\u00abNadie llama a las chicas de hoy en d\u00eda como me llamaban a m\u00ed. La gente dec\u00eda que \u00e9ramos como hombres y cosas as\u00ed<\/strong>\u00ab.<\/p>\n<p>Ahora, despu\u00e9s de <a href=\"https:\/\/www.libertaddigital.com\/deportes\/tenis\/2022-09-03\/serena-williams-dice-adios-al-tenis-en-una-noche-inolvidable\/\" rel=\"nofollow noopener\" target=\"_blank\">su retirada de las pistas en 2022<\/a>, la tenista <strong>se encuentra en su mejor momento<\/strong>, tranquila y segura de s\u00ed misma. En cuanto a su aspecto f\u00edsico, confes\u00f3 <strong>que hab\u00eda adelgazado m\u00e1s de 14 kilos<\/strong> gracias al uso de medicamentos y asegur\u00f3 que se est\u00e1 \u00abencontrando\u00bb.<\/p>\n<p>En cuanto a su posible regreso a las pistas, Adrian Bassett, portavoz de la <strong>ITIA<\/strong>, en <strong>declaraciones<\/strong> para el New York Times, explic\u00f3 que fue ella quien notific\u00f3 que <strong>\u00abquiere estar de vuelta en el sistema. No s\u00e9 si esto quiere decir que va a volver o si quiere darse esa oportunidad. Lo \u00fanico que puedo decir es que est\u00e1 de vuelta en el sistema y tendr\u00e1 que registrar sus localizaciones\u00bb<\/strong>. Su incorporaci\u00f3n al sistema fue el 6 de octubre, <strong>por lo que podr\u00eda volver a jugar al tenis a partir de abril de 2026<\/strong>.<\/p>\n","protected":false},"excerpt":{"rendered":"Serena Williams es, sin duda, una de las deportistas que m\u00e1s \u00e9xito ha cosechado durante su trayectoria como&hellip;\n","protected":false},"author":2,"featured_media":268851,"comment_status":"","ping_status":"","sticky":false,"template":"","format":"standard","meta":{"footnotes":""},"categories":[274],"tags":[6571,60524,168,25,24,2596,1911,23,167,327,6811,326],"class_list":{"0":"post-268850","1":"post","2":"type-post","3":"status-publish","4":"format-standard","5":"has-post-thumbnail","7":"category-tenis","8":"tag-cambio-fisico","9":"tag-carrera-profesional","10":"tag-deportes","11":"tag-es","12":"tag-espana","13":"tag-regreso","14":"tag-serena-williams","15":"tag-spain","16":"tag-sports","17":"tag-tenis","18":"tag-tenista","19":"tag-tennis"},"share_on_mastodon":{"url":"https:\/\/pubeurope.com\/@es\/115655250294486909","error":""},"_links":{"self":[{"href":"https:\/\/www.europesays.com\/es\/wp-json\/wp\/v2\/posts\/268850","targetHints":{"allow":["GET"]}}],"collection":[{"href":"https:\/\/www.europesays.com\/es\/wp-json\/wp\/v2\/posts"}],"about":[{"href":"https:\/\/www.europesays.com\/es\/wp-json\/wp\/v2\/types\/post"}],"author":[{"embeddable":true,"href":"https:\/\/www.europesays.com\/es\/wp-json\/wp\/v2\/users\/2"}],"replies":[{"embeddable":true,"href":"https:\/\/www.europesays.com\/es\/wp-json\/wp\/v2\/comments?post=268850"}],"version-history":[{"count":0,"href":"https:\/\/www.europesays.com\/es\/wp-json\/wp\/v2\/posts\/268850\/revisions"}],"wp:featuredmedia":[{"embeddable":true,"href":"https:\/\/www.europesays.com\/es\/wp-json\/wp\/v2\/media\/268851"}],"wp:attachment":[{"href":"https:\/\/www.europesays.com\/es\/wp-json\/wp\/v2\/media?parent=268850"}],"wp:term":[{"taxonomy":"category","embeddable":true,"href":"https:\/\/www.europesays.com\/es\/wp-json\/wp\/v2\/categories?post=268850"},{"taxonomy":"post_tag","embeddable":true,"href":"https:\/\/www.europesays.com\/es\/wp-json\/wp\/v2\/tags?post=268850"}],"curies":[{"name":"wp","href":"https:\/\/api.w.org\/{rel}","templated":true}]}}