{"id":268852,"date":"2025-12-03T10:50:13","date_gmt":"2025-12-03T10:50:13","guid":{"rendered":"https:\/\/www.europesays.com\/es\/268852\/"},"modified":"2025-12-03T10:50:13","modified_gmt":"2025-12-03T10:50:13","slug":"otro-invierno-volveremos-a-tener-algun-van-aert-vs-van-der-poel","status":"publish","type":"post","link":"https:\/\/www.europesays.com\/es\/268852\/","title":{"rendered":"Otro invierno volveremos a tener alg\u00fan Van Aert vs Van der Poel\u00a0"},"content":{"rendered":"<p data-start=\"150\" data-end=\"525\">En los inviernos de anta\u00f1o, cuando el barro era una lengua sagrada y los campanarios marcaban el ritmo de las batallas, dos nombres empezaron a escribirse sobre la tierra h\u00fameda como signos de un alfabeto antiguo: <strong data-start=\"364\" data-end=\"381\">Wout Van Aert<\/strong> y <strong data-start=\"384\" data-end=\"408\">Mathieu Van der Poel<\/strong>.<\/p>\n<p data-start=\"150\" data-end=\"525\">No eran solo corredores. Eran fuerzas. Eran estaciones del a\u00f1o.<\/p>\n<p><a class=\"wppaslink\" href=\"https:\/\/joanseguidor.com\/pas\/ccmm-valenciana\/44016\/0\" target=\"_blank\" rel=\"nofollow noopener\"><img decoding=\"async\" src=\"data:image\/svg+xml,%3Csvg%20xmlns=\" http:=\"\" alt=\"CCMM Valenciana\" border=\"0\" data-lazy-src=\"https:\/\/www.europesays.com\/es\/wp-content\/uploads\/2025\/12\/1764759012_713_tl-joanseguidorcom-1024x140-1.png\"\/><\/a><\/p>\n<p data-start=\"150\" data-end=\"525\">Eran la eterna dial\u00e9ctica entre el trueno y la luz, <a href=\"https:\/\/joanseguidor.com\/ciclocross-van-aertvan-derl-poel\/\" target=\"_blank\" rel=\"noopener nofollow\">como dijimos un d\u00eda si Wout es Miguel \u00c1ngel, el otro, Da Vinci<\/a>.<\/p>\n<p data-start=\"527\" data-end=\"1154\">Los viejos del ciclismo cuentan que, <strong>cuando Van Aert y Van der Poel se presentaban en la misma l\u00ednea de salida, el aire cambiaba de textura<\/strong>.<\/p>\n<p data-start=\"527\" data-end=\"1154\">Se hac\u00eda m\u00e1s denso, m\u00e1s expectante, como si la propia tierra reclamara silencio para escuchar el latido previo al combate.<\/p>\n<p data-start=\"527\" data-end=\"1154\">Algunos dec\u00edan que el barro sab\u00eda diferenciar sus pasos; que reconoc\u00eda la cadencia paciente y poderosa de Van Aert y la violencia elegante, casi danzante, de Van der Poel.<\/p>\n<p data-start=\"527\" data-end=\"1154\">Porque lo suyo no era un enfrentamiento com\u00fan: <strong>era un rito, un duelo de esp\u00edritus destinados a encontrarse una y otra vez, como si la historia del ciclocross necesitara de ambos para avanzar<\/strong>.<\/p>\n<p data-start=\"1156\" data-end=\"1624\">Con el paso de los a\u00f1os, sus choques fueron tomando la forma de leyenda.<\/p>\n<p data-start=\"1156\" data-end=\"1624\">Cada curva se convirti\u00f3 en escenario, cada recta en un juicio. Van der Poel, el artista que moldeaba los circuitos como un pintor flamenco en pleno trance creativo.<\/p>\n<p data-start=\"1156\" data-end=\"1624\">Van Aert, el guerrero que abr\u00eda la niebla y reclamaba el horizonte con la determinaci\u00f3n de los h\u00e9roes n\u00f3rdicos. Ninguno venc\u00eda al otro del todo; siempre quedaba una sombra pendiente, un gesto incompleto, una historia por cerrarse.<\/p>\n<p data-start=\"1626\" data-end=\"2094\">Por eso, <strong>cuando el calendario del nuevo invierno se acerca y el Adviento ciclista empieza a desplegar sus primeras luces en las cocinas<\/strong>, en los talleres y en las ciudades que huelen a fr\u00edo, el eco de su duelo vuelve a surgir.<\/p>\n<p data-start=\"1626\" data-end=\"2094\">No importa cu\u00e1ntas temporadas hayan pasado ni cu\u00e1ntas copas del mundo se hayan escrito en medio: la memoria colectiva del ciclismo sabe que hay combates destinados a repetirse, como las constelaciones que regresan cada noche de diciembre.<\/p>\n<p data-start=\"2096\" data-end=\"2467\">Y as\u00ed, en este inicio de Adviento, cuando cada amanecer lleva un n\u00famero impreso y cada d\u00eda se abre como una peque\u00f1a ventana hacia el invierno, el recuerdo de aquellas batallas vuelve a encenderse.<\/p>\n<p data-start=\"2096\" data-end=\"2467\">No para hablar del pasado, sino para anunciar lo que vendr\u00e1. Porque los duelos que sobreviven al tiempo no son los que se ganan o se pierden, sino los que <strong data-start=\"2448\" data-end=\"2466\">marcan una era<\/strong>.<\/p>\n<p data-start=\"2469\" data-end=\"2594\" data-is-last-node=\"\" data-is-only-node=\"\">Y en la historia del barro, del viento y de los d\u00edas cortos, esa era sigue teniendo dos nombres: <strong data-start=\"2566\" data-end=\"2593\">Van Aert y Van der Poel<\/strong>.<\/p>\n<p data-start=\"2469\" data-end=\"2594\" data-is-last-node=\"\" data-is-only-node=\"\"><strong><a href=\"https:\/\/terresdelebre.travel\/cycling\/es\/deportivo\" target=\"_blank\" rel=\"noopener nofollow\"><img loading=\"lazy\" decoding=\"async\" class=\"aligncenter\" src=\"data:image\/svg+xml,%3Csvg%20xmlns=\" http:=\"\" alt=\"\" width=\"1024\" height=\"400\" data-lazy-src=\"https:\/\/www.europesays.com\/es\/wp-content\/uploads\/2025\/10\/1024x400-cicloturisme-joanseguidor.jpg\"\/><\/a><\/strong><\/p>\n","protected":false},"excerpt":{"rendered":"En los inviernos de anta\u00f1o, cuando el barro era una lengua sagrada y los campanarios marcaban el ritmo&hellip;\n","protected":false},"author":2,"featured_media":268853,"comment_status":"","ping_status":"","sticky":false,"template":"","format":"standard","meta":{"footnotes":""},"categories":[273],"tags":[313,44324,312,168,25,24,2548,7619,23,167,6516],"class_list":{"0":"post-268852","1":"post","2":"type-post","3":"status-publish","4":"format-standard","5":"has-post-thumbnail","7":"category-ciclismo","8":"tag-ciclismo","9":"tag-ciclocross","10":"tag-cycling","11":"tag-deportes","12":"tag-es","13":"tag-espana","14":"tag-featured","15":"tag-mathieu-van-der-poel","16":"tag-spain","17":"tag-sports","18":"tag-wout-van-aert"},"share_on_mastodon":{"url":"https:\/\/pubeurope.com\/@es\/115655253863711333","error":""},"_links":{"self":[{"href":"https:\/\/www.europesays.com\/es\/wp-json\/wp\/v2\/posts\/268852","targetHints":{"allow":["GET"]}}],"collection":[{"href":"https:\/\/www.europesays.com\/es\/wp-json\/wp\/v2\/posts"}],"about":[{"href":"https:\/\/www.europesays.com\/es\/wp-json\/wp\/v2\/types\/post"}],"author":[{"embeddable":true,"href":"https:\/\/www.europesays.com\/es\/wp-json\/wp\/v2\/users\/2"}],"replies":[{"embeddable":true,"href":"https:\/\/www.europesays.com\/es\/wp-json\/wp\/v2\/comments?post=268852"}],"version-history":[{"count":0,"href":"https:\/\/www.europesays.com\/es\/wp-json\/wp\/v2\/posts\/268852\/revisions"}],"wp:featuredmedia":[{"embeddable":true,"href":"https:\/\/www.europesays.com\/es\/wp-json\/wp\/v2\/media\/268853"}],"wp:attachment":[{"href":"https:\/\/www.europesays.com\/es\/wp-json\/wp\/v2\/media?parent=268852"}],"wp:term":[{"taxonomy":"category","embeddable":true,"href":"https:\/\/www.europesays.com\/es\/wp-json\/wp\/v2\/categories?post=268852"},{"taxonomy":"post_tag","embeddable":true,"href":"https:\/\/www.europesays.com\/es\/wp-json\/wp\/v2\/tags?post=268852"}],"curies":[{"name":"wp","href":"https:\/\/api.w.org\/{rel}","templated":true}]}}