{"id":268862,"date":"2025-12-03T10:57:09","date_gmt":"2025-12-03T10:57:09","guid":{"rendered":"https:\/\/www.europesays.com\/es\/268862\/"},"modified":"2025-12-03T10:57:09","modified_gmt":"2025-12-03T10:57:09","slug":"el-video-promocional-de-el-conquis","status":"publish","type":"post","link":"https:\/\/www.europesays.com\/es\/268862\/","title":{"rendered":"El v\u00eddeo promocional de &#8216;El Conquis&#8217;"},"content":{"rendered":"<p>\n        Ya con la parrilla televisiva de fin de a\u00f1o acabando, <strong>las principales cadenas tienen la vista puesta en lo que deparar\u00e1 el 2026.<\/strong> Una nueva etapa en la que poner en liza<strong> apuestas que funcionen y consigan enganchar a la audiencia<\/strong> en las pr\u00f3ximas semanas. Y una de ellas,<a href=\"https:\/\/www.noticiasdenavarra.com\/tags\/el-conquistador-del-fin-del-mundo\/\" title=\"\u2018El Conquistador del fin del mundo\u2019\" rel=\"nofollow noopener\" target=\"_blank\" class=\"link copy\"> <\/a><a href=\"https:\/\/www.noticiasdenavarra.com\/tags\/el-conquistador-del-fin-del-mundo\/\" title=\"\u2018El Conquistador del fin del mundo\u2019\" rel=\"nofollow noopener\" target=\"_blank\" class=\"link copy\"><strong>\u2018El Conquistador del fin del mundo\u2019<\/strong><\/a><strong>, <\/strong>volver\u00e1 pronto a las pantallas.\u00a0\n<\/p>\n<p class=\"article-body__text \">\n        El conocido show de aventuras y supervivencia, que lleva <strong>m\u00e1s de dos d\u00e9cadas emiti\u00e9ndose en <\/strong><a href=\"https:\/\/www.noticiasdenavarra.com\/tags\/etb2\/\" title=\"ETB2\" rel=\"nofollow noopener\" target=\"_blank\" class=\"link copy\"><strong>ETB2 <\/strong><\/a><strong>con un gran \u00e9xito<\/strong>, ha publicado en sus redes sociales un v\u00eddeo promocional en el que se da a conocer que<strong> la temporada 22 del programa est\u00e1 en camino.\u00a0<\/strong>\n<\/p>\n<p>  <strong>Con ganas de aventura<\/strong><\/p>\n<p class=\"article-body__text \">\n        Mediante su perfil oficial de Instagram, \u2018El Conquis\u2019 ha hecho saber que<strong> dentro de muy poco el espacio regresar\u00e1 a EITB. <\/strong>En un contenido publicado hace un d\u00eda, se muestra el que podr\u00eda ser <strong>el escenario donde se desarrolle la trama del \u2018<\/strong><a href=\"https:\/\/www.noticiasdenavarra.com\/tags\/reality\/\" title=\"reality show\" rel=\"nofollow noopener\" target=\"_blank\" class=\"link copy\"><strong>reality show<\/strong><\/a><strong>\u2019.\u00a0<\/strong>\n<\/p>\n<p class=\"article-body__text \">\n        \u201c\u00a1VUELVE EL CONQUISTADOR DEL CARIBE! <strong>Patxi Alonso y Lur Errekondo<\/strong> regresan para la <strong>22\u00aa edici\u00f3n del reality<\/strong> m\u00e1s extremo de la televisi\u00f3n. <strong>Nuevos retos, nuevas aventuras y sorpresas que te dejar\u00e1n sin aliento<\/strong>. \u00bfEst\u00e1is listos para vivir la experiencia m\u00e1s salvaje?\u201d, anuncia el texto del v\u00eddeo.\u00a0\n<\/p>\n<p class=\"article-body__text \">\n        En la grabaci\u00f3n, se pueden ver a<strong> ambos presentadores navegando en una canoa a trav\u00e9s de un r\u00edo<\/strong>, para despu\u00e9s adentrarse en una frondosa selva. M\u00e1s tarde, siguen caminando hacia adelante, <strong>hasta llegar a una extensa playa<\/strong>, que contemplan maravillados.\n<\/p>\n<p>  <strong>Los fans hablan claro<\/strong><\/p>\n<p class=\"article-body__text \">\n        Al hilo de este avance, muchos seguidores de \u2018El Conquis\u2019 no han dudado en <strong>mostrar su opini\u00f3n sobre el v\u00eddeo.<\/strong> Uno de los detalles que m\u00e1s ha despertado la atenci\u00f3n ha sido<strong> la ausencia de <\/strong><a href=\"https:\/\/www.noticiasdenavarra.com\/tags\/julian-iantzi\/\" title=\"Julian Iantzi\" rel=\"nofollow noopener\" target=\"_blank\" class=\"link copy\"><strong>Julian Iantzi<\/strong><\/a>, alguien muy habitual y muy querido en el programa.\u00a0\n<\/p>\n<p class=\"article-body__text \">\n        Por otro lado, ha habido quienes han dejado entrever que<strong> la nueva edici\u00f3n deber\u00eda tener pruebas de eliminaci\u00f3n mucho m\u00e1s justas<\/strong>, pues en la \u00faltima hubo m\u00e1s de una que result\u00f3 imposible de superar para la gran mayor\u00eda de los concursantes.\u00a0\n<\/p>\n<p class=\"article-body__text \">\n        Asimismo, otros internautas han deseado que <strong>el programa llegu\u00e9 a las pantallas lo m\u00e1s r\u00e1pido posible<\/strong>, para as\u00ed poder tener algo de motivaci\u00f3n en las noches de los lunes de invierno en la cadena p\u00fablica vasca.\u00a0\n<\/p>\n<p class=\"article-photo__footer\">\n            Marcela, ganadora de la \u00faltima edici\u00f3n de &#8216;El Conquis&#8217;            EITB        <\/p>\n<p>  Un fen\u00f3meno televisivo<\/p>\n<p class=\"article-body__text \">\n        De cara a esta edici\u00f3n n\u00famero 22, el programa promete seguir <strong>desafiando los l\u00edmites f\u00edsicos y psicol\u00f3gicos<\/strong> de los participantes <strong>en lugares donde la naturaleza es el principal enemigo.\u00a0<\/strong>\n<\/p>\n<p class=\"article-body__text \">\n        Y es que, la mezcla de<strong> aguante, adaptabilidad y t\u00e1cticas de los participantes<\/strong> son un gancho para los espectadores. Y todo aparece indicar que este a\u00f1o, a falta de nuevos detalles, no ser\u00e1 la excepci\u00f3n.\u00a0\n<\/p>\n<p>  <strong>Concursantes hist\u00f3ricos<\/strong><\/p>\n<p class=\"article-body__text \">\n        A lo largo de sus m\u00e1s de 20 ediciones, <a href=\"https:\/\/www.noticiasdenavarra.com\/television\/2025\/10\/15\/el-conquis-navarro-aimar-marcos-convierte-primer-concursante-22-edicion-10217861.html\" title=\"\u2018El Conquistador del Fin del Mundo\u2019\" rel=\"nofollow noopener\" target=\"_blank\" class=\"link copy\">\u2018<\/a><a href=\"https:\/\/www.noticiasdenavarra.com\/television\/2025\/10\/15\/el-conquis-navarro-aimar-marcos-convierte-primer-concursante-22-edicion-10217861.html\" title=\"\u2018El Conquistador del Fin del Mundo\u2019\" rel=\"nofollow noopener\" target=\"_blank\" class=\"link copy\"><strong>El Conquistador del Fin del Mundo\u2019<\/strong><\/a><strong> <\/strong>ha contado con participantes que han dejado un buen recuerdo en el programa. Algunos de esos concursantes como <strong>Juanito Oiarzabal<\/strong>, el famoso monta\u00f1ero alav\u00e9s, o <strong>Jos\u00e9 Luis Korta<\/strong>, la leyenda del remo.\n<\/p>\n<p class=\"article-body__text \">\n        Tambi\u00e9n tenemos a otros como<strong> Eneko Van Horenbeke y David Seco<\/strong>, habituales en este reality show. Y por el lado de los presentadores, tenemos a Julian Iantzi, Patxi Alonso y a Lur Errekondo.<\/p>\n","protected":false},"excerpt":{"rendered":"Ya con la parrilla televisiva de fin de a\u00f1o acabando, las principales cadenas tienen la vista puesta en&hellip;\n","protected":false},"author":2,"featured_media":268863,"comment_status":"","ping_status":"","sticky":false,"template":"","format":"standard","meta":{"footnotes":""},"categories":[171],"tags":[7377,3967,9984,2197,158,146,147,25,24,10189,26994,14395,3850,23,214],"class_list":{"0":"post-268862","1":"post","2":"type-post","3":"status-publish","4":"format-standard","5":"has-post-thumbnail","7":"category-tv","8":"tag-avance","9":"tag-calienta","10":"tag-conquis","11":"tag-edicion","12":"tag-el","13":"tag-entertainment","14":"tag-entretenimiento","15":"tag-es","16":"tag-espana","17":"tag-etb2","18":"tag-inedito","19":"tag-motores","20":"tag-proxima","21":"tag-spain","22":"tag-tv"},"share_on_mastodon":{"url":"https:\/\/pubeurope.com\/@es\/115655281395458208","error":""},"_links":{"self":[{"href":"https:\/\/www.europesays.com\/es\/wp-json\/wp\/v2\/posts\/268862","targetHints":{"allow":["GET"]}}],"collection":[{"href":"https:\/\/www.europesays.com\/es\/wp-json\/wp\/v2\/posts"}],"about":[{"href":"https:\/\/www.europesays.com\/es\/wp-json\/wp\/v2\/types\/post"}],"author":[{"embeddable":true,"href":"https:\/\/www.europesays.com\/es\/wp-json\/wp\/v2\/users\/2"}],"replies":[{"embeddable":true,"href":"https:\/\/www.europesays.com\/es\/wp-json\/wp\/v2\/comments?post=268862"}],"version-history":[{"count":0,"href":"https:\/\/www.europesays.com\/es\/wp-json\/wp\/v2\/posts\/268862\/revisions"}],"wp:featuredmedia":[{"embeddable":true,"href":"https:\/\/www.europesays.com\/es\/wp-json\/wp\/v2\/media\/268863"}],"wp:attachment":[{"href":"https:\/\/www.europesays.com\/es\/wp-json\/wp\/v2\/media?parent=268862"}],"wp:term":[{"taxonomy":"category","embeddable":true,"href":"https:\/\/www.europesays.com\/es\/wp-json\/wp\/v2\/categories?post=268862"},{"taxonomy":"post_tag","embeddable":true,"href":"https:\/\/www.europesays.com\/es\/wp-json\/wp\/v2\/tags?post=268862"}],"curies":[{"name":"wp","href":"https:\/\/api.w.org\/{rel}","templated":true}]}}