{"id":26887,"date":"2025-08-05T09:26:14","date_gmt":"2025-08-05T09:26:14","guid":{"rendered":"https:\/\/www.europesays.com\/es\/26887\/"},"modified":"2025-08-05T09:26:14","modified_gmt":"2025-08-05T09:26:14","slug":"menorquines-con-don-felipe-y-dona-letizia-en-marivent","status":"publish","type":"post","link":"https:\/\/www.europesays.com\/es\/26887\/","title":{"rendered":"Menorquines con don Felipe y do\u00f1a Letizia en Marivent"},"content":{"rendered":"<p>Los jardines del<strong> <a href=\"https:\/\/www.menorca.info\/etiqueta\/Palacio+de+Marivent.html?utm_source=Inline-tag&amp;utm_medium=internal\" rel=\"nofollow noopener\" target=\"_blank\">Palacio de Marivent<\/a><\/strong> volvieron a convertirse, este lunes por la tarde, en <strong>punto de cita y encuentro de la sociedad<\/strong>, la pol\u00edtica, la econom\u00eda, la cultura y los deportes de Balears.<\/p>\n<p>Los <strong>Reyes de Espa\u00f1a<\/strong>, por cuarto a\u00f1o consecutivo, recibieron en su residencia de verano mallorquina a <strong>m\u00e1s de 600 personalidades y representantes de los distintos \u00e1mbitos y actividades del archipi\u00e9lago<\/strong>. <strong>Menorca acudi\u00f3 y particip\u00f3 en este encuentro con una amplia delegaci\u00f3n<\/strong>.<\/p>\n<p><img loading=\"lazy\" decoding=\"async\" src=\"https:\/\/www.europesays.com\/es\/wp-content\/uploads\/2025\/08\/3420913.jpg\" border=\"0\" alt=\"\" width=\"2016\" height=\"1512\"\/>&#13;<br \/>\n&#13;<\/p>\n<p style=\"margin-bottom: 0cm; line-height: 100%;\">\u00cdnstituciones, empresas y C\u00e1ritas Diocesana estuvieron representadas.<\/p>\n<p>&#13;<br \/>\n&#13;<\/p>\n<p><strong>Don Felipe y Do\u00f1a Letizia<\/strong> recibieron a los invitados junto a la <strong>reina em\u00e9rita Do\u00f1a Sof\u00eda, la princesa Leonor y la infanta Sof\u00eda<\/strong>. La velada, marcada por la presencia de la princesa Leonor, la infanta Sof\u00eda, que asistieron por primera vez, destac\u00f3 por un<strong> c\u00f3digo de vestimenta m\u00e1s relajado<\/strong> que en ediciones anteriores, con<strong> guayaberas y camisas claras<\/strong> para ellos, y <strong>vestidos ligeros<\/strong> para las mujeres invitadas. Apenas se vieron corbatas y americanas.<\/p>\n<p><img loading=\"lazy\" decoding=\"async\" src=\"https:\/\/www.europesays.com\/es\/wp-content\/uploads\/2025\/08\/3420911.jpg\" border=\"0\" alt=\"\" width=\"2016\" height=\"1512\"\/>&#13;<br \/>\n&#13;<\/p>\n<p style=\"margin-bottom: 0cm; line-height: 100%;\">Los obispos Gerard Villalonga y Sebasti\u00e0 Taltavull conversaron con los menorquines asistentes a la recepci\u00f3n.<\/p>\n<p>&#13;<br \/>\n&#13;<br \/>\nPol\u00edticos y empresarios<\/p>\n<p>El <strong>Consell de Menorca<\/strong> estuvo representado por los vicepresidentes <strong>Sim\u00f3n Gorn\u00e9s y Carmen Reyn\u00e9s<\/strong>, acompa\u00f1ado por su marido, Francisco Montero, tras haber excusado su asistencia el presidente Adolfo Vilafranca.<\/p>\n<p>En el <strong>\u00e1mbito institucional<\/strong> estuvieron presentes el<strong> senador por Menorca<\/strong>, Crist\u00f3bal Marqu\u00e9s; y el <strong>diputado<\/strong> Joan Mesquida con su esposa Gloria Casasnovas; la <strong>diputada auton\u00f3mica y presidenta del PP-Menorca<\/strong> Misericordia Sugra\u00f1es, con su marido, el industrial Santiago Pons-Quintana Palliser;\u2006 y los<strong> alcaldes de Ma\u00f3, Ciutadella, Alaior y Sant Llu\u00eds<\/strong>: H\u00e9ctor Pons, Lloren\u00e7 Ferrer con su esposa, Marga Coll Coll; Jos\u00e9 Luis Benejam; y Loles Tronch.<\/p>\n<p><img loading=\"lazy\" decoding=\"async\" src=\"https:\/\/www.europesays.com\/es\/wp-content\/uploads\/2025\/08\/3420901.jpg\" border=\"0\" alt=\"\" width=\"1920\" height=\"1080\"\/>&#13;<br \/>\n&#13;<\/p>\n<p style=\"margin-bottom: 0cm; line-height: 100%;\">La doctora Elena Mu\u00f1oz Seco con los cuatro alcaldes menorquines en Marivent.<\/p>\n<p>&#13;<br \/>\n&#13;<\/p>\n<p>El <strong>obispo de Menorca, Gerard Villalonga<\/strong>, asisti\u00f3 con el <strong>director de C\u00e1ritas Diocesana de Menorca<\/strong>, Lorenzo Lafuente Mir. Tambi\u00e9n estuvo presente el menorqu\u00edn<strong> Sebasti\u00e0 Taltavull Anglada<\/strong>, obispo de Mallorca. Del mundo de la empresa menorquina acudieron\u2006 \u2006 presidente de la Federaci\u00f3 de la Petita i Mitjana Empresa de Menorca, <strong>PIME-Balears<\/strong> y la Asociaci\u00f3n de <strong>Fabricantes de Calzado de Menorca<\/strong>, Juan Carlos Fern\u00e1ndez de Salort, con su esposa, la empresaria Magda Pons-Quintana Palliser.\u2006 Tambi\u00e9n acudieron a la recepci\u00f3n el presidente de la <strong>C\u00e1mara de Comercio, Industria y Navegaci\u00f3n de Menorca<\/strong>, Rub\u00e9n Adri\u00e1n Pastor, con su esposa, Noem\u00ed Moreno; David Riera, de <strong>Cafrisa<\/strong>; y Yola Febrer, de <strong>Ansa per Ansa<\/strong>.<\/p>\n<p><img loading=\"lazy\" decoding=\"async\" src=\"https:\/\/www.europesays.com\/es\/wp-content\/uploads\/2025\/08\/3420909.jpg\" border=\"0\" alt=\"\" width=\"1200\" height=\"1600\"\/>&#13;<br \/>\n&#13;<\/p>\n<p style=\"margin-bottom: 0cm; line-height: 100%;\">El diputado Joan Mesquida y Gloria Casasnovas con la princesa Leonor.<\/p>\n<p>&#13;<br \/>\n&#13;<\/p>\n<p>Desde Menorca tambi\u00e9n se desplazaron el <strong>general Luis Alejandre<\/strong>, presidente de la Fundaci\u00f3n Hospital Illa del Rei; y<strong> Andreu Moll Garc\u00eda<\/strong>, alumno del Institut Maria Angels Cardona de Ciutadella, que ha conseguido la <strong>mejor nota de la EBAU en Menorca<\/strong> del curso 2024-2025 y ahora cursar\u00e1 un doble grado de Derecho y Relaciones Internacionales en la Universidad Aut\u00f3noma de Barcelona. Y del \u00e1mbito deportivo acudi\u00f3 el <strong>paral\u00edmpico menorqu\u00edn Nil Riudavets<\/strong> y su pareja, Anna Mauri.<\/p>\n<p>La comunicaci\u00f3n y el ejercicio m\u00e9dico de Menorca contaron con la participaci\u00f3n de Kiko Dom\u00ednguez,<strong> director de Emp\u00e0tic<\/strong>; y la <strong>doctora Elena Mu\u00f1oz Seco<\/strong>, especialista en Medicina Familiar y Comunitaria.<\/p>\n<p><img loading=\"lazy\" decoding=\"async\" src=\"https:\/\/www.europesays.com\/es\/wp-content\/uploads\/2025\/08\/3420923.jpg\" border=\"0\" alt=\"Ta040825666-150.jpg\" width=\"2048\" height=\"1366\"\/>&#13;<br \/>\n&#13;<\/p>\n<p style=\"margin-bottom: 0cm; line-height: 100%;\">La Copa de la Reina. La extensa delegaci\u00f3n del Avarca Menorca Voleibol acudi\u00f3 a la recepci\u00f3n en Marivent con el trofeo conquistado en febrero pasado que el Rey <a href=\"https:\/\/www.menorca.info\/etiqueta\/Felipe+VI.html?utm_source=Inline-tag&amp;utm_medium=internal\" rel=\"nofollow noopener\" target=\"_blank\">Felipe VI<\/a> entreg\u00f3 a la Princesa Leonor y la Infanta Sof\u00eda<\/p>\n<p>&#13;<br \/>\n&#13;<br \/>\nAvarca Menorca Voleibol<\/p>\n<p>Quien resalt\u00f3 y brill\u00f3 de manera especial durante la recepci\u00f3n fue la r<strong>epresentaci\u00f3n de Avarca Menorca Voleibol<\/strong>, flamante <strong>campe\u00f3n de la Copa de la Reina<\/strong>, con una delegaci\u00f3n formada por las jugadoras Lidia G\u00f3mez, Alba Ortiz y Margot Ribot; el presidente, Andreu Hern\u00e1ndez; el tesorero, Miquel Moll; el segundo entrenador, Jacinto Genestar; y el directivo Llu\u00eds Palou.<\/p>\n<p><img loading=\"lazy\" decoding=\"async\" src=\"https:\/\/www.europesays.com\/es\/wp-content\/uploads\/2025\/08\/3420907.jpg\" border=\"0\" alt=\"\" width=\"1512\" height=\"2016\"\/>&#13;<br \/>\n&#13;<\/p>\n<p style=\"margin-bottom: 0cm; line-height: 100%;\">Los paral\u00edmpicos Alex S\u00e1nchez, Nil Riudavets y Joan Munar.<\/p>\n<p>&#13;<br \/>\n&#13;<\/p>\n<p>La delegaci\u00f3n del Avarca cerr\u00f3 la comitiva de invitados, que eran <strong>saludados por los Reyes antes de acceder a los jardines<\/strong>. El presidente Hern\u00e1ndez Galm\u00e9s era el <strong>portador del trofeo<\/strong>, conquistado en febrero pasado, que entreg\u00f3, con satisfacci\u00f3n, a la princesa Leonor y la infanta Sof\u00eda. Todos los integrantes del equipo de Ciutadella <strong>posaron con Don Felipe, Do\u00f1a Letizia, las hijas de los Reyes y la reina em\u00e9rita<\/strong>.<\/p>\n<p><img loading=\"lazy\" decoding=\"async\" src=\"https:\/\/www.europesays.com\/es\/wp-content\/uploads\/2025\/08\/3420903.jpg\" border=\"0\" alt=\"\" width=\"1512\" height=\"2016\"\/>&#13;<br \/>\n&#13;<\/p>\n<p style=\"margin-bottom: 0cm; line-height: 100%;\">El general Luis Alejandre Sintes y Andreu Moll Garc\u00eda.<\/p>\n<p>&#13;<br \/>\n&#13;<br \/>\n<img loading=\"lazy\" decoding=\"async\" src=\"https:\/\/www.europesays.com\/es\/wp-content\/uploads\/2025\/08\/3420905.jpg\" border=\"0\" alt=\"\" width=\"1536\" height=\"2048\"\/>&#13;<br \/>\n&#13;<\/p>\n<p style=\"margin-bottom: 0cm; line-height: 100%;\">Rafael Nadal con Yola Febrer, de Ansa per Ansa, y David Riera, de Cafrisa.<\/p>\n<p>&#13;<br \/>\n&#13;<\/p>\n<p>Un invitado que caus\u00f3 expectaci\u00f3n fue <strong>Rafa Nadal<\/strong>, en su doble condici\u00f3n de <strong>leyenda del tenis y marqu\u00e9s de Llevant<\/strong>, t\u00edtulo otorgado por Felipe VI. Nadal acudi\u00f3 con el jugador de baloncesto <strong>Rudy Fern\u00e1ndez<\/strong> y su esposa, la modelo Helen Lindes.<\/p>\n<p>        El apunte        <\/p>\n<p>                            <img loading=\"lazy\" decoding=\"async\" class=\"img-fluid w-100\" width=\"270\" height=\"180\" src=\"https:\/\/www.europesays.com\/es\/wp-content\/uploads\/2025\/08\/3420895.jpeg\" alt=\"\"\/>                        <\/p>\n<p>                        El futuro de la residencia de Juan I. Balada, una cuesti\u00f3n sobre la mesa<\/p>\n","protected":false},"excerpt":{"rendered":"Los jardines del Palacio de Marivent volvieron a convertirse, este lunes por la tarde, en punto de cita&hellip;\n","protected":false},"author":2,"featured_media":26888,"comment_status":"","ping_status":"","sticky":false,"template":"","format":"standard","meta":{"footnotes":""},"categories":[174],"tags":[255,146,147,25,24,256,11439,2552,14814,14815,23],"class_list":{"0":"post-26887","1":"post","2":"type-post","3":"status-publish","4":"format-standard","5":"has-post-thumbnail","7":"category-famosos","8":"tag-celebrities","9":"tag-entertainment","10":"tag-entretenimiento","11":"tag-es","12":"tag-espana","13":"tag-famosos","14":"tag-felipe-vi","15":"tag-local","16":"tag-palacio-de-marivent","17":"tag-recepcion-de-los-reyes","18":"tag-spain"},"share_on_mastodon":{"url":"","error":""},"_links":{"self":[{"href":"https:\/\/www.europesays.com\/es\/wp-json\/wp\/v2\/posts\/26887","targetHints":{"allow":["GET"]}}],"collection":[{"href":"https:\/\/www.europesays.com\/es\/wp-json\/wp\/v2\/posts"}],"about":[{"href":"https:\/\/www.europesays.com\/es\/wp-json\/wp\/v2\/types\/post"}],"author":[{"embeddable":true,"href":"https:\/\/www.europesays.com\/es\/wp-json\/wp\/v2\/users\/2"}],"replies":[{"embeddable":true,"href":"https:\/\/www.europesays.com\/es\/wp-json\/wp\/v2\/comments?post=26887"}],"version-history":[{"count":0,"href":"https:\/\/www.europesays.com\/es\/wp-json\/wp\/v2\/posts\/26887\/revisions"}],"wp:featuredmedia":[{"embeddable":true,"href":"https:\/\/www.europesays.com\/es\/wp-json\/wp\/v2\/media\/26888"}],"wp:attachment":[{"href":"https:\/\/www.europesays.com\/es\/wp-json\/wp\/v2\/media?parent=26887"}],"wp:term":[{"taxonomy":"category","embeddable":true,"href":"https:\/\/www.europesays.com\/es\/wp-json\/wp\/v2\/categories?post=26887"},{"taxonomy":"post_tag","embeddable":true,"href":"https:\/\/www.europesays.com\/es\/wp-json\/wp\/v2\/tags?post=26887"}],"curies":[{"name":"wp","href":"https:\/\/api.w.org\/{rel}","templated":true}]}}