{"id":268870,"date":"2025-12-03T11:03:17","date_gmt":"2025-12-03T11:03:17","guid":{"rendered":"https:\/\/www.europesays.com\/es\/268870\/"},"modified":"2025-12-03T11:03:17","modified_gmt":"2025-12-03T11:03:17","slug":"abrigo-de-estampado-geometrico-e-hilo-metalizado-charlotte-casiraghi-viaja-a-nueva-york-para-asistir-al-desfile-chanel-metiers-dart","status":"publish","type":"post","link":"https:\/\/www.europesays.com\/es\/268870\/","title":{"rendered":"Abrigo de estampado geom\u00e9trico e hilo metalizado: Charlotte Casiraghi viaja a Nueva York para asistir al desfile Chanel M\u00e9tiers D\u2019Art"},"content":{"rendered":"<p>No es la primera vez que <strong>Chanel<\/strong> celebra uno de sus desfiles en Nueva York. La relaci\u00f3n que tuvo su fundadora, <strong>Gabrielle Chanel<\/strong>, con la Gran Manzana ha sido fuente de inspiraci\u00f3n en varias ocasiones. Pero s\u00ed es la primera vez que el desfile se celebra en el subsuelo de la ciudad, concretamente en el metro. Un lugar en el que conviven todo tipo de personas, desde celebridades hasta trabajadores corrientes, madres, estudiantes, turistas\u2026 \u201cun microcosmos de Nueva York y una met\u00e1fora de la moda en s\u00ed misma\u201d. Es la segunda colecci\u00f3n que <a href=\"https:\/\/www.revistavanityfair.es\/galerias\/desfile-chanel-semana-de-la-moda-de-paris-matthieu-blazy\" rel=\"nofollow noopener\" target=\"_blank\"><strong>Matthieu Blazy<\/strong><\/a> realiza para Chanel y la expectaci\u00f3n tras su alabado debut el pasado mes de septiembre, segu\u00eda siendo elevada. El dise\u00f1ador se rode\u00f3 de modelos, actrices y personalidades de \u00e1mbitos variados para esta incursi\u00f3n creativa en Nueva York.<\/p>\n<p>No falt\u00f3 una de sus mejores embajadoras: <a href=\"https:\/\/www.revistavanityfair.es\/articulos\/charlotte-casiraghi-primer-libro-en-solitario-la-felure\" rel=\"nofollow noopener\" target=\"_blank\"><strong>Charlotte Casiraghi.<\/strong><\/a> La fil\u00f3sofa eligi\u00f3 un vistoso abrigo con estampado de tigre de un vibrante color naranja, confeccionado con hilos metalizados y botones joya. Lo ha llevado a modo de vestido, con unas medias de cristal negras y unos zapatos bicolores de inspiraci\u00f3n a\u00f1os 30. Peinada con un recogido que dejaba su rostro despejado, ha prescindido de pendientes, compens\u00e1ndolo con una de sus manos llena de anillos.<\/p>\n<p><img decoding=\"async\" alt=\"Charlotte Casiraghi\" loading=\"lazy\" class=\"ResponsiveImageContainer-eNxvmU cfBbTk responsive-image__image\"   src=\"https:\/\/www.europesays.com\/es\/wp-content\/uploads\/2025\/12\/chanel_ord36125_dszty5kw_20251202044058-HD.jpg\"\/><\/p>\n<p>Cindy Ord\/Cortes\u00eda de Chanel<\/p>\n<p>Un estilismo sobrio pero cargado de car\u00e1cter que la ha hecho destacar entre la larga lista de invitados que inclu\u00eda nombres como el de <strong>Alek Wek, Linda Evangelista, Meg Ryan, Tilda Swinton, Kristen Stewart, Riley Keough, Jon Bon Jovi, Lux Pascal<\/strong> o <strong>A$AP Rocky<\/strong> quien ha llegado junto a <strong>Margaret Qualley<\/strong> con el mismo look que ambos llevan <a href=\"https:\/\/www.revistavanityfair.es\/articulos\/margaret-qualley-y-asap-rocky-cortometraje-chanel-michel-gondry\" rel=\"nofollow noopener\" target=\"_blank\">en el cortometraje que han protagonizado para la marca bajo la batuta de <strong>Michel Gondry<\/strong>.<\/a><\/p>\n<p>La colecci\u00f3n M\u00e9tiers D\u2019Art 2026 toma como punto de partida el viaje que Gabrielle Chanel hizo a Nueva York en 1931, una parada camino a Hollywood que sirve a Blazy para inspirarse tambi\u00e9n en el universo del cine. En Nueva York, cuenta la maison, antes de volver a Par\u00eds Coco Chanel descubri\u00f3 c\u00f3mo en el centro de la ciudad hab\u00edan adoptado el estilo Chanel a su manera. Para ella este fue el mejor halago y Gabrielle regres\u00f3 a Europa renovada.<\/p>\n<p><img decoding=\"async\" alt=\"Chanel Mtiers D'Art 2026\" loading=\"lazy\" class=\"ResponsiveImageContainer-eNxvmU cfBbTk responsive-image__image\"   src=\"https:\/\/www.europesays.com\/es\/wp-content\/uploads\/2025\/12\/chanel_mda-2026-copyright-chanel-look_-77-HD.jpg\"\/><\/p>\n<p>Cortes\u00eda de Chanel<\/p>\n","protected":false},"excerpt":{"rendered":"No es la primera vez que Chanel celebra uno de sus desfiles en Nueva York. La relaci\u00f3n que&hellip;\n","protected":false},"author":2,"featured_media":268871,"comment_status":"","ping_status":"","sticky":false,"template":"","format":"standard","meta":{"footnotes":""},"categories":[91],"tags":[36022,1253,146,147,25,24,23],"class_list":{"0":"post-268870","1":"post","2":"type-post","3":"status-publish","4":"format-standard","5":"has-post-thumbnail","7":"category-entretenimiento","8":"tag-chanel","9":"tag-charlotte-casiraghi","10":"tag-entertainment","11":"tag-entretenimiento","12":"tag-es","13":"tag-espana","14":"tag-spain"},"share_on_mastodon":{"url":"https:\/\/pubeurope.com\/@es\/115655305883970149","error":""},"_links":{"self":[{"href":"https:\/\/www.europesays.com\/es\/wp-json\/wp\/v2\/posts\/268870","targetHints":{"allow":["GET"]}}],"collection":[{"href":"https:\/\/www.europesays.com\/es\/wp-json\/wp\/v2\/posts"}],"about":[{"href":"https:\/\/www.europesays.com\/es\/wp-json\/wp\/v2\/types\/post"}],"author":[{"embeddable":true,"href":"https:\/\/www.europesays.com\/es\/wp-json\/wp\/v2\/users\/2"}],"replies":[{"embeddable":true,"href":"https:\/\/www.europesays.com\/es\/wp-json\/wp\/v2\/comments?post=268870"}],"version-history":[{"count":0,"href":"https:\/\/www.europesays.com\/es\/wp-json\/wp\/v2\/posts\/268870\/revisions"}],"wp:featuredmedia":[{"embeddable":true,"href":"https:\/\/www.europesays.com\/es\/wp-json\/wp\/v2\/media\/268871"}],"wp:attachment":[{"href":"https:\/\/www.europesays.com\/es\/wp-json\/wp\/v2\/media?parent=268870"}],"wp:term":[{"taxonomy":"category","embeddable":true,"href":"https:\/\/www.europesays.com\/es\/wp-json\/wp\/v2\/categories?post=268870"},{"taxonomy":"post_tag","embeddable":true,"href":"https:\/\/www.europesays.com\/es\/wp-json\/wp\/v2\/tags?post=268870"}],"curies":[{"name":"wp","href":"https:\/\/api.w.org\/{rel}","templated":true}]}}