{"id":268879,"date":"2025-12-03T11:08:34","date_gmt":"2025-12-03T11:08:34","guid":{"rendered":"https:\/\/www.europesays.com\/es\/268879\/"},"modified":"2025-12-03T11:08:34","modified_gmt":"2025-12-03T11:08:34","slug":"junts-no-cambia-de-posicion-tras-la-mano-tendida-de-sanchez-y-le-responsabiliza-del-bloqueo-de-la-legislatura-por-incumplir-politica","status":"publish","type":"post","link":"https:\/\/www.europesays.com\/es\/268879\/","title":{"rendered":"Junts no cambia de posici\u00f3n tras la mano tendida de S\u00e1nchez y le responsabiliza del bloqueo de la legislatura por incumplir | Pol\u00edtica"},"content":{"rendered":"<p>La portavoz de Junts, M\u00edriam Nogueras, ha respondido este mi\u00e9rcoles a la mano tendida de Pedro S\u00e1nchez, que quiere ahora <a href=\"https:\/\/cadenaser.com\/nacional\/2025\/12\/02\/sanchez-anuncia-un-paquete-de-medidas-exigidas-por-junts-para-tratar-de-recomponer-su-relacion-cadena-ser\/\" target=\"_blank\" rel=\"nofollow noopener\" title=\"https:\/\/cadenaser.com\/nacional\/2025\/12\/02\/sanchez-anuncia-un-paquete-de-medidas-exigidas-por-junts-para-tratar-de-recomponer-su-relacion-cadena-ser\/\">tender puentes para desbloquear la legislatura<\/a>, y lo ha hecho con un portazo: \u00abPedro S\u00e1nchez reconoce desde la Moncloa que ha incumplido. Se demuestra no que no pudieran sino que no quer\u00edan. Todo esto no cambia nuestra posici\u00f3n. Estamos donde est\u00e1bamos\u00bb.<\/p>\n<p>M\u00e1s informaci\u00f3n<\/p>\n<p>Los independentistas creen que <a href=\"https:\/\/cadenaser.com\/cataluna\/2025\/12\/02\/junts-reacciona-con-escepticismo-al-anuncio-de-sanchez-parecia-un-militante-nuestro-radio-barcelona\/\" target=\"_blank\" rel=\"nofollow noopener\" title=\"https:\/\/cadenaser.com\/cataluna\/2025\/12\/02\/junts-reacciona-con-escepticismo-al-anuncio-de-sanchez-parecia-un-militante-nuestro-radio-barcelona\/\">no es suficiente<\/a> con que el Gobierno reconozca fallos y trate de enmendarlos, y dicen que no se f\u00edan. \u00abDesde el inicio de esta legislatura hemos dicho que los votos de Junts est\u00e1n solamente al servicio de Catalu\u00f1a y de los catalanes\u00bb, ha explicado Nogueras. \u00abNo pod\u00edan contar con nuestros votos a cambio de nada y los acuerdos ten\u00edan que cumplirse\u00bb.<\/p>\n<p>Nogueras ha dado una rueda de prensa tras la mano tendida que les lanz\u00f3 el martes el presidente del Gobierno en dos entrevistas sucesivas en Rac1 y el programa de Gemma Nierga en RTVE despu\u00e9s. <\/p>\n<p>En ambas entrevistas, el presidente asumi\u00f3 que el Gobierno ha incumplido algunos de sus compromisos con Junts. S\u00e1nchez admiti\u00f3 incumplimientos y anunci\u00f3 un paquete de medidas para empezar a subsanarlo, algunas de las cuales se aprobaron ya el martes en Consejo de Ministros. <\/p>\n<p>La portavoz de Junts considera que \u00abes muy f\u00e1cil anunciar acuerdos y no cumplirlos\u00bb. \u00abHoy sabemos que el Gobierno se encuentra en una posici\u00f3n de debilidad pol\u00edtica\u00bb, ha a\u00f1adido. \u00abHan perdido votaciones y solo han podido sacar adelante algunas medidas con apoyo del PP\u00bb.<\/p>\n<p>\u00abLos partidos espa\u00f1oles solo reaccionan cuando est\u00e1n acorralados\u00bb, ha sentenciado Nogueras. \u00abEstos votos no se regalan y por eso mantenemos nuestra posici\u00f3n y somos los \u00fanicos que lo hacemos\u00bb.<\/p>\n<p><img loading=\"lazy\" decoding=\"async\" src=\"https:\/\/www.europesays.com\/es\/wp-content\/uploads\/2025\/12\/https:\/\/sdmedia.playser.cadenaser.com\/playser\/image\/202512\/03\/1764756932773_1764757991_asset_still.j.jpeg\" width=\"16\" height=\"9\"\/>Miedo a perder votos<\/p>\n<p>La diputada independentista ha asegurado que \u00abde lo que m\u00e1s miedo tienen es de perder votos\u00bb. \u00abLos que quieren hablar con Junts\u00bb, ha se\u00f1alado, \u00absaben que solo se tiene que hablar de los catalanes\u00bb: \u00abNi bloques ideol\u00f3gicos ni nada, solo Catalu\u00f1a\u00bb.<\/p>\n<p>Nogueras cree que \u00abson los socialistas los que bloquean la legislatura\u00bb y que \u00abha habido tiempo de tomar decisiones\u00bb. \u00abA partir de ahora los que tienen que explicar las decisiones son el PSOE y Sumar\u00bb, ha apuntado. \u00abDesde Junts hemos tomado una decisi\u00f3n y la hemos anunciado\u00bb.<\/p>\n<p>La portavoz de Junts tambi\u00e9n ha asegurado que \u00abno hay ni negociaciones ni conversaciones con el PSOE a d\u00eda de hoy\u00bb y, preguntada por qu\u00e9 se producen ahora estos anuncios de S\u00e1nchez, ha respondido: \u00abNosotros tambi\u00e9n nos lo preguntamos. Hemos demostrado que nuestras opciones no son nunca optar por el mal menor\u00bb.<\/p>\n<p><img loading=\"lazy\" decoding=\"async\" src=\"https:\/\/www.europesays.com\/es\/wp-content\/uploads\/2025\/12\/https:\/\/sdmedia.playser.cadenaser.com\/playser\/image\/202512\/03\/1764756932773_1764757991_asset_still.j.jpeg\" width=\"16\" height=\"9\"\/><\/p>\n","protected":false},"excerpt":{"rendered":"La portavoz de Junts, M\u00edriam Nogueras, ha respondido este mi\u00e9rcoles a la mano tendida de Pedro S\u00e1nchez, que&hellip;\n","protected":false},"author":2,"featured_media":268880,"comment_status":"","ping_status":"","sticky":false,"template":"","format":"standard","meta":{"footnotes":""},"categories":[5],"tags":[17,18,25,24,13,14,11,19,20,9,10,15,16,23,12,21,22],"class_list":{"0":"post-268879","1":"post","2":"type-post","3":"status-publish","4":"format-standard","5":"has-post-thumbnail","7":"category-titulares","8":"tag-breaking-news","9":"tag-breakingnews","10":"tag-es","11":"tag-espana","12":"tag-featured-news","13":"tag-featurednews","14":"tag-headlines","15":"tag-latest-news","16":"tag-latestnews","17":"tag-news","18":"tag-noticias","19":"tag-noticias-destacadas","20":"tag-noticiasdestacadas","21":"tag-spain","22":"tag-titulares","23":"tag-ultimas-noticias","24":"tag-ultimasnoticias"},"share_on_mastodon":{"url":"https:\/\/pubeurope.com\/@es\/115655325117799403","error":""},"_links":{"self":[{"href":"https:\/\/www.europesays.com\/es\/wp-json\/wp\/v2\/posts\/268879","targetHints":{"allow":["GET"]}}],"collection":[{"href":"https:\/\/www.europesays.com\/es\/wp-json\/wp\/v2\/posts"}],"about":[{"href":"https:\/\/www.europesays.com\/es\/wp-json\/wp\/v2\/types\/post"}],"author":[{"embeddable":true,"href":"https:\/\/www.europesays.com\/es\/wp-json\/wp\/v2\/users\/2"}],"replies":[{"embeddable":true,"href":"https:\/\/www.europesays.com\/es\/wp-json\/wp\/v2\/comments?post=268879"}],"version-history":[{"count":0,"href":"https:\/\/www.europesays.com\/es\/wp-json\/wp\/v2\/posts\/268879\/revisions"}],"wp:featuredmedia":[{"embeddable":true,"href":"https:\/\/www.europesays.com\/es\/wp-json\/wp\/v2\/media\/268880"}],"wp:attachment":[{"href":"https:\/\/www.europesays.com\/es\/wp-json\/wp\/v2\/media?parent=268879"}],"wp:term":[{"taxonomy":"category","embeddable":true,"href":"https:\/\/www.europesays.com\/es\/wp-json\/wp\/v2\/categories?post=268879"},{"taxonomy":"post_tag","embeddable":true,"href":"https:\/\/www.europesays.com\/es\/wp-json\/wp\/v2\/tags?post=268879"}],"curies":[{"name":"wp","href":"https:\/\/api.w.org\/{rel}","templated":true}]}}