{"id":268894,"date":"2025-12-03T11:24:11","date_gmt":"2025-12-03T11:24:11","guid":{"rendered":"https:\/\/www.europesays.com\/es\/268894\/"},"modified":"2025-12-03T11:24:11","modified_gmt":"2025-12-03T11:24:11","slug":"jose-mari-bakero-se-rinde-a-pedri-esta-en-medio-de-xavi-e-iniesta-y-para-mi-es-mas-completo-individualmente-futbol","status":"publish","type":"post","link":"https:\/\/www.europesays.com\/es\/268894\/","title":{"rendered":"Jos\u00e9 Mari Bakero se rinde a Pedri: \u00abEst\u00e1 en medio de Xavi e Iniesta y para m\u00ed, es m\u00e1s completo individualmente\u00bb | F\u00fatbol"},"content":{"rendered":"<p>El FC Barcelona y Atl\u00e9tico de Madrid se han enfrentado hoy en el Spotify Camp Nou. Un Atl\u00e9tico de Madrid que<a href=\"https:\/\/cadenaser.com\/nacional\/2025\/12\/02\/fc-barcelona-3-1-atletico-de-madrid-resultado-resumen-y-goles-del-partido-de-la-jornada-19-de-laliga-ea-sports-cadena-ser\/\" target=\"_blank\" rel=\"nofollow noopener\" title=\"https:\/\/cadenaser.com\/nacional\/2025\/12\/02\/fc-barcelona-3-1-atletico-de-madrid-resultado-resumen-y-goles-del-partido-de-la-jornada-19-de-laliga-ea-sports-cadena-ser\/\"> pese a perder por 3-1, sigue haciendo historia en la liga espa\u00f1ola.<\/a> La pasada jornada ya rompi\u00f3 el r\u00e9cord de m\u00e1s partidos consecutivos anotando primero y hoy frente al Barcelona han vuelto a hacerlo y acumulan 14 jornadas consecutivas anotando primero, todas las jornadas de liga. El primer gol del partido lo anotaba Alex Baena, pero poco despu\u00e9s el Barcelona igualar\u00eda el partido con un gol de Raphinha. Lewandowski pudo adelantar al Barcelona desde el punto de penalti, pero mand\u00f3 el lanzamiento muy por encima de la porter\u00eda. <\/p>\n<p>En la segunda parte, Dani Olmo, en el minuto 60, meti\u00f3 el 2-1, pero al caer al suelo se lesion\u00f3 el hombro y tuvo que ser sustituido. Ferran Torres anot\u00f3 el definitivo 3-1 en el descuento. \u00abEl Barcelona con Pedri y Raphinha es muy diferente al Barcelona sin ellos, han marcado la diferencia\u00bb, comenta Kiko Narv\u00e1ez sobre la importancia que tienen el mediocentro espa\u00f1ol y extremo brasile\u00f1o en el conjunto dirigido por Hansi Flick. \u00abEs diferencial, es un jugador que controla todo, controla el ritmo del partido, el ritmo de juego\u00bb, menciona Jose Mari Bakero sobre Pedri. \u00abPosicionalmente, es muy inteligente, para m\u00ed est\u00e1 en medio de Xavi e Iniesta y es m\u00e1s completo individualmente\u00bb, explica Bakero sobre las cualidades del mediocentro canario. \u00abPedri cuando est\u00e1 bien, es top de los top\u00bb, a\u00f1ade el exjugador del Barcelona sobre el centrocampista.<\/p>\n<p>M\u00e1s informaci\u00f3n<\/p>\n<p>\u00abLa primera parte del Atl\u00e9tico de Madrid me ha encantado, quer\u00eda jugar el bal\u00f3n desde la parte t\u00e9cnica y t\u00e1ctica\u00bb, explica Bakero sobre el primer tiempo del conjunto entrenado por Diego Pablo Simeone. El equipo madrile\u00f1o comenz\u00f3 muy bien el encuentro con el gol de Baena, pero en cuanto se adelantaron empez\u00f3 a jugar peor y fue inferior al Barcelona. \u00abEl Atl\u00e9tico de Madrid ha sufrido en transiciones ofensivas al espacio\u00bb, valora Kiko Narv\u00e1ez sobre el problema del conjunto madrile\u00f1o en el Camp Nou. \u00abCuando a Baena no le acompa\u00f1a ni Barrios, ni Juli\u00e1n\u2026\u00bb, a\u00f1ade Narv\u00e1ez sobre el mal rendimiento de estos jugadores en el partido frente al Barcelona. \u00abEn el segundo tiempo, el Atl\u00e9tico ha tenido tres o cuatro con las que ha podido so\u00f1ar con el empate, el no perder hoy era imprescindible\u00bb, comenta el exjugador del Atl\u00e9tico de Madrid sobre el resultado del partido. El conjunto del Cholo Simeone ha vuelto a perder en liga despu\u00e9s de 13 jornadas. Ahora mismo se encuentra a seis puntos del l\u00edder que es el FC Barcelona.<\/p>\n<p>\u00abEn el siglo 21, en 2025, no ver esa jugada&#8230; Yo hay cosas que no las termino de ver, no s\u00e9 qui\u00e9n produce esto, pero no s\u00e9\u00bb, comenta Kiko Narv\u00e1ez sobre la jugada pol\u00e9mica en la que Gerard Mart\u00edn derriba a Giuliano Simeone y el \u00e1rbitro del partido, de Burgos Bengoetxea, ha sacado amarilla al defensor cul\u00e9. Esa jugada ha ocurrido en el descuento de la primera parte y con empate, por lo que esa jugada pudo haber cambiado el partido. El Atl\u00e9tico de Madrid visitar\u00e1 San Mam\u00e9s el s\u00e1bado, donde no pierde en liga desde la temporada 2023-2024.<\/p>\n","protected":false},"excerpt":{"rendered":"El FC Barcelona y Atl\u00e9tico de Madrid se han enfrentado hoy en el Spotify Camp Nou. Un Atl\u00e9tico&hellip;\n","protected":false},"author":2,"featured_media":268895,"comment_status":"","ping_status":"","sticky":false,"template":"","format":"standard","meta":{"footnotes":""},"categories":[93],"tags":[168,25,24,27211,23,167],"class_list":{"0":"post-268894","1":"post","2":"type-post","3":"status-publish","4":"format-standard","5":"has-post-thumbnail","7":"category-deportes","8":"tag-deportes","9":"tag-es","10":"tag-espana","11":"tag-half-length","12":"tag-spain","13":"tag-sports"},"share_on_mastodon":{"url":"https:\/\/pubeurope.com\/@es\/115655387646947938","error":""},"_links":{"self":[{"href":"https:\/\/www.europesays.com\/es\/wp-json\/wp\/v2\/posts\/268894","targetHints":{"allow":["GET"]}}],"collection":[{"href":"https:\/\/www.europesays.com\/es\/wp-json\/wp\/v2\/posts"}],"about":[{"href":"https:\/\/www.europesays.com\/es\/wp-json\/wp\/v2\/types\/post"}],"author":[{"embeddable":true,"href":"https:\/\/www.europesays.com\/es\/wp-json\/wp\/v2\/users\/2"}],"replies":[{"embeddable":true,"href":"https:\/\/www.europesays.com\/es\/wp-json\/wp\/v2\/comments?post=268894"}],"version-history":[{"count":0,"href":"https:\/\/www.europesays.com\/es\/wp-json\/wp\/v2\/posts\/268894\/revisions"}],"wp:featuredmedia":[{"embeddable":true,"href":"https:\/\/www.europesays.com\/es\/wp-json\/wp\/v2\/media\/268895"}],"wp:attachment":[{"href":"https:\/\/www.europesays.com\/es\/wp-json\/wp\/v2\/media?parent=268894"}],"wp:term":[{"taxonomy":"category","embeddable":true,"href":"https:\/\/www.europesays.com\/es\/wp-json\/wp\/v2\/categories?post=268894"},{"taxonomy":"post_tag","embeddable":true,"href":"https:\/\/www.europesays.com\/es\/wp-json\/wp\/v2\/tags?post=268894"}],"curies":[{"name":"wp","href":"https:\/\/api.w.org\/{rel}","templated":true}]}}