{"id":268896,"date":"2025-12-03T11:25:08","date_gmt":"2025-12-03T11:25:08","guid":{"rendered":"https:\/\/www.europesays.com\/es\/268896\/"},"modified":"2025-12-03T11:25:08","modified_gmt":"2025-12-03T11:25:08","slug":"gustavo-pecoraro-protagoniza-en-san-sebastian-de-los-reyes-la-lucha-contra-el-estigma-de-las-personas-que-viven-con-vih-sociedad","status":"publish","type":"post","link":"https:\/\/www.europesays.com\/es\/268896\/","title":{"rendered":"Gustavo Pecoraro protagoniza en San Sebasti\u00e1n de los Reyes la lucha contra el estigma de las personas que viven con VIH | Sociedad"},"content":{"rendered":"<p class=\"loc\">San Sebasti\u00e1n de los Reyes<\/p>\n<p>Este jueves 4 de diciembre, a las 18:30 horas, la Biblioteca Municipal Marcos Ana de San Sebasti\u00e1n de los Reyes acoge un acto con motivo del D\u00eda Internacional de la Respuesta al VIH\/Sida protagonizado por el escritor y activista, Gustavo Pecoraro. Organizado por M\u00e1s Madrid, est\u00e1 dirigido a toda la ciudadan\u00eda y pretende abrir un espacio de reflexi\u00f3n colectiva sobre el VIH, la diversidad y la necesidad de pol\u00edticas que sit\u00faen en el centro los derechos humanos.<\/p>\n<p>Pecoraro ha publicado con la Editorial Egales, la novela de ficci\u00f3n autobiogr\u00e1fica \u2018De querer as\u00ed\u2019, y el ensayo \u2018Alguien tendr\u00e1 que serlo: reflexiones sobre vivir con VIH\u2019. Sus obras recogen sus experiencias, su memoria, y su mirada cr\u00edtica tras m\u00e1s de tres d\u00e9cadas conviviendo con el virus. Pecoraro, autor referente en el \u00e1mbito LGTBIQ+ y voz imprescindible en la respuesta social al VIH, ha estado en SER Madrid Norte reivindicando la necesidad de convertir la visibilidad en una herramienta pol\u00edtica y cultural, los 365 d\u00edas al a\u00f1o.<\/p>\n<p>Pecoraro cree que el gran peligro es \u201cel estigma y la discriminaci\u00f3n\u201d, porque la ciencia ha conseguido que las personas que viven con VIH tienen hoy, en los pa\u00edses desarrollados, una buena calidad de vida, no tienen carga viral detectable en sangre, y, por tanto, no trasmiten el virus.<\/p>\n<p>M\u00e1s Madrid ha subrayado la relevancia de organizar un acto como este en San Sebasti\u00e1n de los Reyes, combinando cultura, activismo y memoria social, y luchando contra el estigma que sufren las personas que viven con VIH. La formaci\u00f3n cree imprescindible que se creen espacios como este en el que se hable de derechos, de dignidad y de salud p\u00fablica, desde la empat\u00eda y la evidencia, y no desde los prejuicios.<\/p>\n","protected":false},"excerpt":{"rendered":"San Sebasti\u00e1n de los Reyes Este jueves 4 de diciembre, a las 18:30 horas, la Biblioteca Municipal Marcos&hellip;\n","protected":false},"author":2,"featured_media":268897,"comment_status":"","ping_status":"","sticky":false,"template":"","format":"standard","meta":{"footnotes":""},"categories":[92],"tags":[25,24,165,166,23],"class_list":{"0":"post-268896","1":"post","2":"type-post","3":"status-publish","4":"format-standard","5":"has-post-thumbnail","7":"category-salud","8":"tag-es","9":"tag-espana","10":"tag-health","11":"tag-salud","12":"tag-spain"},"share_on_mastodon":{"url":"https:\/\/pubeurope.com\/@es\/115655391813585641","error":""},"_links":{"self":[{"href":"https:\/\/www.europesays.com\/es\/wp-json\/wp\/v2\/posts\/268896","targetHints":{"allow":["GET"]}}],"collection":[{"href":"https:\/\/www.europesays.com\/es\/wp-json\/wp\/v2\/posts"}],"about":[{"href":"https:\/\/www.europesays.com\/es\/wp-json\/wp\/v2\/types\/post"}],"author":[{"embeddable":true,"href":"https:\/\/www.europesays.com\/es\/wp-json\/wp\/v2\/users\/2"}],"replies":[{"embeddable":true,"href":"https:\/\/www.europesays.com\/es\/wp-json\/wp\/v2\/comments?post=268896"}],"version-history":[{"count":0,"href":"https:\/\/www.europesays.com\/es\/wp-json\/wp\/v2\/posts\/268896\/revisions"}],"wp:featuredmedia":[{"embeddable":true,"href":"https:\/\/www.europesays.com\/es\/wp-json\/wp\/v2\/media\/268897"}],"wp:attachment":[{"href":"https:\/\/www.europesays.com\/es\/wp-json\/wp\/v2\/media?parent=268896"}],"wp:term":[{"taxonomy":"category","embeddable":true,"href":"https:\/\/www.europesays.com\/es\/wp-json\/wp\/v2\/categories?post=268896"},{"taxonomy":"post_tag","embeddable":true,"href":"https:\/\/www.europesays.com\/es\/wp-json\/wp\/v2\/tags?post=268896"}],"curies":[{"name":"wp","href":"https:\/\/api.w.org\/{rel}","templated":true}]}}