{"id":268913,"date":"2025-12-03T11:40:13","date_gmt":"2025-12-03T11:40:13","guid":{"rendered":"https:\/\/www.europesays.com\/es\/268913\/"},"modified":"2025-12-03T11:40:13","modified_gmt":"2025-12-03T11:40:13","slug":"golpeados-a-la-etapa-alpina","status":"publish","type":"post","link":"https:\/\/www.europesays.com\/es\/268913\/","title":{"rendered":"Golpeados a la etapa alpina"},"content":{"rendered":"<p class=\"\">No solo fueron los tres puntos que el <b>Atl\u00e9tico <\/b>dej\u00f3 de ganar, fueron los tres jugadores que perdi\u00f3 en el <b>Camp Nou<\/b>. La derrota fue dolorosa para <b>Simeone<\/b>. No solo cortaba la racha de siete victorias seguidas de los rojiblancos, el meter la cabeza definitivamente en la cabeza de la Liga, entre Madrid y Bar\u00e7a: los rojiblancos pierden a <b>Cardoso<\/b>, a <b>Baena <\/b>y a <b>Gim\u00e9nez<\/b>, parece, despu\u00e9s de leerse en los labios del uruguayo. <\/p>\n<p class=\"\">El \u201cme he roto\u201d que pudo leerse en los labios del central al final del partido fue la estocada a un Simeone que ya ten\u00eda clavados dos pu\u00f1ales. El segundo, profundo. El de Baena. Porque m\u00e1s all\u00e1 de que fuera \u00e9l quien marcase el 1-0, hubo dos Atl\u00e9ticos sobre la hierba reci\u00e9n reestrenada del Camp Nou: uno con <b>Baena <\/b>y otro sin \u00e9l. El problema es que su ausencia se debi\u00f3 a un tir\u00f3n muscular atr\u00e1s. El almeriense pareci\u00f3 hacerse da\u00f1o en una arrancada y enseguida levant\u00f3 la mano. Cambio. Su juego tiene mucho que ver con el paso triunfal que llevaba su equipo en la noche y las semanas. Ah\u00ed est\u00e1n los n\u00fameros. Y en este caso cuentan mucho: lesionado en la 1\u00aa jornada ante el Espanyol, su regreso se pospuso, por una apendicitis aguda. Ese Baena llamado a coger la capa de <b>Griezmann <\/b>no pudo en realidad comenzar a jugar y mezclar de verdad hasta finales de septiembre, el partido ante el <b>Eintracht<\/b>. <\/p>\n<p class=\"\">Pero fue regresar y los 42+8+5 que el Atl\u00e9tico le pag\u00f3 al <b>Villarreal <\/b>por ficharle empezar a parecer baratos. 11 partidos y solo una derrota (el 4-0 del Arsenal) y un empate (1-1 frente al Celta en <b>Bala\u00eddos<\/b>). Todo lo dem\u00e1s, victorias. Y Baena invent\u00e1ndose pases que solo \u00e9l ve. Y Baena bailando para que la afici\u00f3n sonr\u00eda. Y <b>Baena<\/b>, y <b>Baena<\/b>&#8230; Hasta que el mismo Baena sigui\u00f3 el camino de Cardoso en el Camp Nou. Porque el 5 fue primero. La primera lesi\u00f3n del <b>Atl\u00e9tico <\/b>en la noche. En un salto con Olmo, a los tres minutos, se hizo da\u00f1o en la rodilla izquierda. Lo suyo es tambi\u00e9n v\u00eda crucis. Un esguince, un golpe que le hizo recaer, una indisposici\u00f3n&#8230; <\/p>\n<p>Noticias relacionadas<a href=\"https:\/\/as.com\/futbol\/primera\/el-barca-vuelve-a-oler-a-barca-f202512-n\/\" class=\"s_m_w\" title=\"La luz de Pedri y el empuje de Raphinha devuelven al Bar\u00e7a su mejor versi\u00f3n. El equipo supo sufrir y ganar en un partido que enloqueci\u00f3 al Camp Nou contra un Atl\u00e9tico que llegaba en racha.\" data-tb-link=\"\" rel=\"nofollow noopener\" target=\"_blank\"><img decoding=\"async\" src=\"https:\/\/www.europesays.com\/es\/wp-content\/uploads\/2025\/12\/1764762012_143_Y35ZPU2WWRJSPGYUEAULZKVQB4.jpg\" alt=\"El Bar\u00e7a vuelve a oler a Bar\u00e7a\" class=\"\" height=\"9\" width=\"16\"   loading=\"lazy\" data-tb-thumbnail=\"\"\/><\/a><a href=\"https:\/\/as.com\/futbol\/primera\/cardoso-se-va-lesionado-en-el-14-f202512-n\/\" class=\"s_m_w\" title=\"El centrocampista del Atl\u00e9tico se da\u00f1\u00f3 primero en un salto con Olmo y, aunque intent\u00f3 seguir, abandon\u00f3 el partido en el 12\u2032. A la hora fue el almeriense, el mejor de los del Cholo, muscular.  \" data-tb-link=\"\" rel=\"nofollow noopener\" target=\"_blank\"><img decoding=\"async\" src=\"https:\/\/www.europesays.com\/es\/wp-content\/uploads\/2025\/12\/YRTAJXZYVVKJPNJQEISOHHX2QU.jpg\" alt=\"Cardoso y Baena, lesionados\" class=\"\" height=\"9\" width=\"16\"   loading=\"lazy\" data-tb-thumbnail=\"\"\/><\/a><\/p>\n<p class=\"\">Acumula m\u00e1s partes m\u00e9dicos que minutos. Y cuando parec\u00eda que volv\u00eda a jugar y se pod\u00eda quitar el \u00f3xido de tres meses fuera, otra vez la enfermer\u00eda. Malas noticias para un Atleti que logr\u00f3 ganar dos partidos a domicilio (<b>Betis <\/b>y <b>Getafe<\/b>) y, tras un noviembre dulce, vuelve el fr\u00edo fuera en la primera etapa del puerto de monta\u00f1a: <b>Barcelona<\/b>, <b>Athletic <\/b>y <b>PSV<\/b>, los tres fuera. Derrota y lo peor, sus posibles secuelas. <\/p>\n<p class=\"\"><b>\u00a1Tus opiniones importan!<\/b> Comenta en los art\u00edculos y suscr\u00edbete gratis a nuestra <a href=\"https:\/\/asfan.as.com\/newsletters\/\" target=\"_blank\" rel=\"nofollow noopener\" title=\"https:\/\/asfan.as.com\/newsletters\/\">newsletter<\/a> y a las alertas informativas en la <a href=\"https:\/\/as.com\/aplicacion-de-as-n\/\" target=\"_blank\" rel=\"nofollow noopener\" title=\"https:\/\/as.com\/aplicacion-de-as-n\/\">App<\/a> o el canal de <a href=\"https:\/\/www.whatsapp.com\/channel\/0029VaAasdA7j6g745nz9M10\" target=\"_blank\" rel=\"nofollow noopener\" title=\"https:\/\/www.whatsapp.com\/channel\/0029VaAasdA7j6g745nz9M10\">WhatsApp<\/a>. \u00bfBuscas licenciar contenido? Haz clic <a href=\"https:\/\/profesional.elpais.com\/soluciones-sindicacion?utm_medium=interno&amp;utm_source=crosslinking&amp;utm_campaign=sindicacion_as_pie_articulos\" target=\"_blank\" rel=\"nofollow noopener\" title=\"https:\/\/profesional.elpais.com\/soluciones-sindicacion?utm_medium=interno&amp;utm_source=crosslinking&amp;utm_campaign=sindicacion_as_pie_articulos\">aqu\u00ed<\/a><\/p>\n","protected":false},"excerpt":{"rendered":"No solo fueron los tres puntos que el Atl\u00e9tico dej\u00f3 de ganar, fueron los tres jugadores que perdi\u00f3&hellip;\n","protected":false},"author":2,"featured_media":268914,"comment_status":"","ping_status":"","sticky":false,"template":"","format":"standard","meta":{"footnotes":""},"categories":[268],"tags":[168,25,24,280,282,281,23,167],"class_list":{"0":"post-268913","1":"post","2":"type-post","3":"status-publish","4":"format-standard","5":"has-post-thumbnail","7":"category-futbol","8":"tag-deportes","9":"tag-es","10":"tag-espana","11":"tag-football","12":"tag-futbol","13":"tag-soccer","14":"tag-spain","15":"tag-sports"},"share_on_mastodon":{"url":"https:\/\/pubeurope.com\/@es\/115655450945415522","error":""},"_links":{"self":[{"href":"https:\/\/www.europesays.com\/es\/wp-json\/wp\/v2\/posts\/268913","targetHints":{"allow":["GET"]}}],"collection":[{"href":"https:\/\/www.europesays.com\/es\/wp-json\/wp\/v2\/posts"}],"about":[{"href":"https:\/\/www.europesays.com\/es\/wp-json\/wp\/v2\/types\/post"}],"author":[{"embeddable":true,"href":"https:\/\/www.europesays.com\/es\/wp-json\/wp\/v2\/users\/2"}],"replies":[{"embeddable":true,"href":"https:\/\/www.europesays.com\/es\/wp-json\/wp\/v2\/comments?post=268913"}],"version-history":[{"count":0,"href":"https:\/\/www.europesays.com\/es\/wp-json\/wp\/v2\/posts\/268913\/revisions"}],"wp:featuredmedia":[{"embeddable":true,"href":"https:\/\/www.europesays.com\/es\/wp-json\/wp\/v2\/media\/268914"}],"wp:attachment":[{"href":"https:\/\/www.europesays.com\/es\/wp-json\/wp\/v2\/media?parent=268913"}],"wp:term":[{"taxonomy":"category","embeddable":true,"href":"https:\/\/www.europesays.com\/es\/wp-json\/wp\/v2\/categories?post=268913"},{"taxonomy":"post_tag","embeddable":true,"href":"https:\/\/www.europesays.com\/es\/wp-json\/wp\/v2\/tags?post=268913"}],"curies":[{"name":"wp","href":"https:\/\/api.w.org\/{rel}","templated":true}]}}