{"id":268915,"date":"2025-12-03T11:41:09","date_gmt":"2025-12-03T11:41:09","guid":{"rendered":"https:\/\/www.europesays.com\/es\/268915\/"},"modified":"2025-12-03T11:41:09","modified_gmt":"2025-12-03T11:41:09","slug":"el-medico-acusado-por-la-muerte-de-matthew-perry-se-enfrenta-a-40-anos-de-carcel","status":"publish","type":"post","link":"https:\/\/www.europesays.com\/es\/268915\/","title":{"rendered":"El m\u00e9dico acusado por la muerte de Matthew Perry se enfrenta a 40 a\u00f1os de c\u00e1rcel"},"content":{"rendered":"<p style=\"\">Este mi\u00e9rcoles 3 de diciembre, el doctor <strong>Salvador Plasencia <\/strong>(43 a\u00f1os), uno de los cinco acusados por la muerte del actor <strong>Matthew Perry<\/strong>, conocer\u00e1 hoy la sentencia por los cuatro <a href=\"https:\/\/www.abc.es\/gente\/matthew-perry-triste-aniversario-coincide-venta-millonaria-20241028131844-nt.html\" target=\"_self\" data-voc-vtm-id=\"in-text-traffic\" title=\"delitos de distribuci\u00f3n de ketamina\" data-mrf-link=\"www.abc.es\" rel=\"nofollow noopener\">delitos de distribuci\u00f3n de ketamina<\/a> de los que se declar\u00f3 culpable y  &#8230; por los que puede ser condenado a un m\u00e1ximo de 40 a\u00f1os de c\u00e1rcel y una multa que podr\u00eda ascender a millones de d\u00f3lares. Tambi\u00e9n deber\u00e1 entregar su licencia m\u00e9dica y quedar\u00e1 inhabilitado.<\/p>\n<p class=\"voc-p\" style=\"\">En una audiencia anterior, la abogada de Plasencia, <strong>Karen Goldstein<\/strong>, declar\u00f3 que su cliente lamentaba profundamente todo lo sucedido: \u00abEl Dr. Plasencia est\u00e1 profundamente arrepentido por las decisiones de tratamiento que tom\u00f3 mientras le suministraba ketamina a Matthew Perry\u00bb, declar\u00f3 a trav\u00e9s de un comunicado. \u00abAsume plenamente su responsabilidad reconociendo su incapacidad para proteger al Sr. Perry, un paciente especialmente vulnerable debido a su adicci\u00f3n\u00bb, a\u00f1adi\u00f3. <\/p>\n<p class=\"voc-p\" style=\"\">Cabe recordar que Plasencia no le proporcion\u00f3 a Perry la dosis letal de ketamina, pero s\u00ed le suministr\u00f3 la droga al actor semanas antes de que lo encontraran muerto en un jacuzzi en su casa de Los \u00c1ngeles. <\/p>\n<p class=\"voc-p\" style=\"\">Por su parte, el m\u00e9dico <strong>Mark Chavez<\/strong> tambi\u00e9n se declar\u00f3 culpable el pasado mes de octubre de conspirar para distribuir ketamina a Perry. Plasencia presuntamente le compr\u00f3 ketamina a Chavez y <a href=\"https:\/\/www.abc.es\/gente\/matthew-perry-triste-aniversario-coincide-venta-millonaria-20241028131844-nt.html\" target=\"_self\" data-voc-vtm-id=\"in-text-traffic\" title=\"se la vendi\u00f3 al actor a precios exagerados\" data-mrf-link=\"www.abc.es\" rel=\"nofollow noopener\">se la vendi\u00f3 al actor a precios exagerados<\/a>. \u00abMe pregunto cu\u00e1nto pagar\u00e1 este imb\u00e9cil\u00bb, escribi\u00f3 Plasencia en un mensaje de texto presentado por la fiscal\u00eda.<\/p>\n<p class=\"voc-p\" style=\"\">Las otras cuatro personas que tambi\u00e9n admitieron su participaci\u00f3n en el suministro de drogas al actor ser\u00e1n sentenciadas en los pr\u00f3ximos meses.<\/p>\n<p class=\"voc-p\" style=\"\">Entre ellos se encuentra <strong>Jasveen Sangha<\/strong>, una narcotraficante conocida como &#8216;Reina de la Ketamina&#8217;, quien suministraba drogas a clientes de alto nivel y celebridades, quien podr\u00eda ser encarcelada hasta por 65 a\u00f1os.<\/p>\n<p class=\"voc-p\" style=\"\">Tambi\u00e9n asistente personal de Perry y otro hombre se declararon culpables en el mes de agosto de los cargos de conspiraci\u00f3n para distribuir ketamina.<\/p>\n<p>\nAdicci\u00f3n\n<\/p>\n<p class=\"voc-p\" style=\"\">La prolongada lucha del actor contra las drogas fue contada por el propio protagonista en numerosas ocasiones, pero su muerte a los 54 a\u00f1os conmocion\u00f3 a los fans de la serie de &#8216;Friends&#8217; de todo el mundo. <\/p>\n<p class=\"voc-p\" style=\"\">A los pocos d\u00edas de su fallecimiento <a href=\"https:\/\/www.abc.es\/gente\/matthew-perry-triste-aniversario-coincide-venta-millonaria-20241028131844-nt.html\" target=\"_self\" data-voc-vtm-id=\"in-text-traffic\" title=\"se inici\u00f3 una investigaci\u00f3n criminal\" data-mrf-link=\"www.abc.es\" rel=\"nofollow noopener\">se inici\u00f3 una investigaci\u00f3n criminal<\/a> despu\u00e9s de que la autopsia revelara que ten\u00eda altos niveles de ketamina (un anest\u00e9sico potente) en su organismo.<\/p>\n<p class=\"voc-p\" style=\"\">En su acuerdo con la fiscal\u00eda, Plasencia declar\u00f3 que acudi\u00f3 a la casa de Perry para administrarle ketamina por inyecci\u00f3n y distribuy\u00f3 20 viales de la droga durante unas dos semanas en oto\u00f1o de 2023. Previamente, Perry hab\u00eda estado tomando ketamina como parte de<strong> una terapia supervisada para la depresi\u00f3n<\/strong>.<\/p>\n<p class=\"voc-p\" style=\"\">Pero la fiscal\u00eda afirm\u00f3 que antes de su muerte se volvi\u00f3 adicto a la sustancia, que tambi\u00e9n tiene propiedades psicod\u00e9licas y es una droga popular en fiestas.<\/p>\n","protected":false},"excerpt":{"rendered":"Este mi\u00e9rcoles 3 de diciembre, el doctor Salvador Plasencia (43 a\u00f1os), uno de los cinco acusados por la&hellip;\n","protected":false},"author":2,"featured_media":268916,"comment_status":"","ping_status":"","sticky":false,"template":"","format":"standard","meta":{"footnotes":""},"categories":[174],"tags":[3032,988,4280,255,27995,146,147,25,24,256,12685,12753,4920,8647,23],"class_list":{"0":"post-268915","1":"post","2":"type-post","3":"status-publish","4":"format-standard","5":"has-post-thumbnail","7":"category-famosos","8":"tag-acusado","9":"tag-anos","10":"tag-carcel","11":"tag-celebrities","12":"tag-enfrenta","13":"tag-entertainment","14":"tag-entretenimiento","15":"tag-es","16":"tag-espana","17":"tag-famosos","18":"tag-matthew","19":"tag-medico","20":"tag-muerte","21":"tag-perry","22":"tag-spain"},"share_on_mastodon":{"url":"https:\/\/pubeurope.com\/@es\/115655454419315672","error":""},"_links":{"self":[{"href":"https:\/\/www.europesays.com\/es\/wp-json\/wp\/v2\/posts\/268915","targetHints":{"allow":["GET"]}}],"collection":[{"href":"https:\/\/www.europesays.com\/es\/wp-json\/wp\/v2\/posts"}],"about":[{"href":"https:\/\/www.europesays.com\/es\/wp-json\/wp\/v2\/types\/post"}],"author":[{"embeddable":true,"href":"https:\/\/www.europesays.com\/es\/wp-json\/wp\/v2\/users\/2"}],"replies":[{"embeddable":true,"href":"https:\/\/www.europesays.com\/es\/wp-json\/wp\/v2\/comments?post=268915"}],"version-history":[{"count":0,"href":"https:\/\/www.europesays.com\/es\/wp-json\/wp\/v2\/posts\/268915\/revisions"}],"wp:featuredmedia":[{"embeddable":true,"href":"https:\/\/www.europesays.com\/es\/wp-json\/wp\/v2\/media\/268916"}],"wp:attachment":[{"href":"https:\/\/www.europesays.com\/es\/wp-json\/wp\/v2\/media?parent=268915"}],"wp:term":[{"taxonomy":"category","embeddable":true,"href":"https:\/\/www.europesays.com\/es\/wp-json\/wp\/v2\/categories?post=268915"},{"taxonomy":"post_tag","embeddable":true,"href":"https:\/\/www.europesays.com\/es\/wp-json\/wp\/v2\/tags?post=268915"}],"curies":[{"name":"wp","href":"https:\/\/api.w.org\/{rel}","templated":true}]}}