{"id":268918,"date":"2025-12-03T11:46:12","date_gmt":"2025-12-03T11:46:12","guid":{"rendered":"https:\/\/www.europesays.com\/es\/268918\/"},"modified":"2025-12-03T11:46:12","modified_gmt":"2025-12-03T11:46:12","slug":"el-que-piense-que-envejecer-es-vivir-menos-esta-muy-equivocado-demi-moore-reflexiono-sobre-el-paso-del-tiempo","status":"publish","type":"post","link":"https:\/\/www.europesays.com\/es\/268918\/","title":{"rendered":"\u201cEl que piense que envejecer es vivir menos est\u00e1 muy equivocado\u201d: Demi Moore reflexion\u00f3 sobre el paso del tiempo"},"content":{"rendered":"<p><img alt=\"Demi Moore desaf\u00eda los prejuicios\" class=\"global-image\" decoding=\"async\" fetchpriority=\"high\" height=\"3762\" loading=\"eager\" src=\"https:\/\/www.europesays.com\/es\/wp-content\/uploads\/2025\/12\/HPPRJNJF4ZDMTFRXR2RMGGD2TE.JPG\" width=\"5297\"\/>Demi Moore desaf\u00eda los prejuicios sobre el envejecimiento y reivindica la plenitud en la madurez (REUTERS\/Lisi Niesner)<\/p>\n<p class=\"paragraph\"><a href=\"https:\/\/www.infobae.com\/tag\/demi-moore\/\" target=\"_blank\" rel=\"noreferrer nofollow noopener\" title=\"https:\/\/www.infobae.com\/tag\/demi-moore\/\"><b>Demi Moore<\/b><\/a>, la actriz emblem\u00e1tica estadounidense, recientemente cumpli\u00f3 63 a\u00f1os y aprovech\u00f3 esta fecha para desafiar los prejuicios m\u00e1s arraigados sobre el envejecimiento. <\/p>\n<p class=\"paragraph\">En entrevistas recientes, citadas por Vanity Fair Espa\u00f1a, la <a href=\"https:\/\/www.infobae.com\/entretenimiento\/2025\/11\/11\/demi-moore-biografia-peliculas-y-su-ultimo-exito-en-la-pantalla\/\" target=\"_blank\" rel=\"noreferrer nofollow noopener\" title=\"https:\/\/www.infobae.com\/entretenimiento\/2025\/11\/11\/demi-moore-biografia-peliculas-y-su-ultimo-exito-en-la-pantalla\/\">actriz<\/a> propuso mirar el paso del tiempo no como una renuncia, sino como una extensi\u00f3n de oportunidades, autoconocimiento y libertad. Su planteo interpela a mujeres de su generaci\u00f3n, y a toda una industria que durante d\u00e9cadas present\u00f3 la juventud como principal valor.<\/p>\n<p class=\"paragraph\">Moore reconoci\u00f3 que<b> durante d\u00e9cadas vivi\u00f3 bajo exigencias muy estrictas<\/b>, tanto personales como impuestas por el entorno profesional. En su juventud y adultez temprana, la autocr\u00edtica era una constante, alimentada por est\u00e1ndares externos y dificultades para aceptar el propio proceso de envejecimiento. <\/p>\n<p><img alt=\"Demi Moore attends the fifth\" class=\"global-image\" decoding=\"async\" fetchpriority=\"low\" height=\"3952\" loading=\"lazy\" src=\"https:\/\/www.europesays.com\/es\/wp-content\/uploads\/2025\/12\/ADENPWAIKVEPPCFG5EI4LXNEIE.JPG\" width=\"2763\"\/>Demi Moore attends the fifth annual Academy Museum Gala in Los Angeles, California, U.S., October 18, 2025. REUTERS\/Mario Anzuoni<\/p>\n<p class=\"paragraph\">\u201c<b>A los 20 y a los 30 a\u00f1os a menudo encontraba cosas de m\u00ed misma que no eran suficientemente buenas<\/b>\u201d, record\u00f3 la actriz acerca de aquellos a\u00f1os marcados por la autoexigencia y la inseguridad.<\/p>\n<p class=\"paragraph\">Este enfoque, sin embargo, cambi\u00f3 con el tiempo. Tras atravesar m\u00faltiples experiencias en el \u00e1mbito personal y laboral, Moore inici\u00f3 un proceso de revisi\u00f3n interna que la llev\u00f3 a una postura mucho m\u00e1s constructiva respecto a su propia imagen y a sus logros. <\/p>\n<p class=\"paragraph\">\u201c<b>Me siento en un momento maravilloso de mi vida<\/b>\u201d, revel\u00f3 al destacar que valora aspectos mucho m\u00e1s profundos que la apariencia f\u00edsica. De esta manera, la actriz marc\u00f3 distancia de la idea de que el atractivo y la relevancia van de la mano de la juventud.<\/p>\n<p><img alt=\"Moore comparte su proceso de\" class=\"global-image\" decoding=\"async\" fetchpriority=\"low\" height=\"462\" loading=\"lazy\" src=\"https:\/\/www.europesays.com\/es\/wp-content\/uploads\/2025\/12\/VBKQSACGAFGVNGC3XOR2AWUTKY.png\" width=\"827\"\/>Moore comparte su proceso de autoaceptaci\u00f3n y c\u00f3mo aprendi\u00f3 a valorar su esencia m\u00e1s all\u00e1 de la apariencia f\u00edsica<\/p>\n<p class=\"paragraph\">Con sus <b>hijas ya adultas<\/b> y una carrera consolidada, Moore reconoce que la independencia y la autonom\u00eda definen esta nueva etapa. <b>\u201cTengo una independencia y una autonom\u00eda que nunca hab\u00eda tenido\u201d<\/b>, asegur\u00f3 en declaraciones recientes. <\/p>\n<p class=\"paragraph\">La actriz sostiene que el presente le permite descubrir intereses, explorar proyectos y tomar decisiones genuinas, sin la presi\u00f3n de satisfacer expectativas ajenas.<\/p>\n<p class=\"paragraph\">La reflexi\u00f3n de Moore abarca tanto lo f\u00edsico como lo emocional. Reconoce que, aunque existen aspectos de su vida y de su cuerpo que habr\u00eda preferido que fueran diferentes, se concentra en la totalidad de su persona y en todo lo que construy\u00f3.<\/p>\n<p><img alt=\"FILE PHOTO: Actress Demi Moore,\" class=\"global-image\" decoding=\"async\" fetchpriority=\"low\" height=\"2048\" loading=\"lazy\" src=\"https:\/\/www.europesays.com\/es\/wp-content\/uploads\/2025\/12\/PBUUDW5TT3TIJR2NHUXYMQ4J5M.jpg\" width=\"1555\"\/>FILE PHOTO: Actress Demi Moore, star of the new film \u00abG.I. Jane\u00bb, arrives for the film&#8217;s premiere with husband Bruce Willis August 6 1997 in Los Angeles.\/File Photo<\/p>\n<p class=\"paragraph\">\u201c<b>Cuando me miro veo la plenitud de lo que soy, no solo la imagen exterior<\/b>\u201d, afirm\u00f3, destacando la importancia de reconciliarse con el propio trayecto vital y dejar atr\u00e1s el perfeccionismo o el enfoque en lo superficial.<\/p>\n<p class=\"paragraph\">Adem\u00e1s, la actriz sostiene que envejecer con aceptaci\u00f3n puede ser fuente de alegr\u00eda. Defiende la idea de una madurez donde la seguridad y la tranquilidad reemplazan la autoexigencia y el temor al juicio externo. \u201c<b>Mi relaci\u00f3n con el paso del tiempo ahora es mucho m\u00e1s como una aceptaci\u00f3n alegre<\/b>\u201d, explic\u00f3.<\/p>\n<p class=\"paragraph\">El desaf\u00edo a los estigmas tampoco es menor. Moore subraya que la presi\u00f3n vinculada a la edad afecta sobre todo a las mujeres, quienes a\u00fan reciben mensajes que asocian lo valioso a la juventud y la belleza convencional.<\/p>\n<p><img alt=\"(Instagram\/@demimoore)\" class=\"global-image\" decoding=\"async\" fetchpriority=\"low\" height=\"1079\" loading=\"lazy\" src=\"https:\/\/www.europesays.com\/es\/wp-content\/uploads\/2025\/12\/6L5ZLMD4XBG7DL2S3PUBAGW5VE.jpg\" width=\"1920\"\/>(Instagram\/@demimoore)<\/p>\n<p class=\"paragraph\">Su testimonio es claro: la edad no debe ser vista como una p\u00e9rdida, sino como un espacio de autonom\u00eda, aprendizaje y autodefinici\u00f3n. \u201c<b>Quien piense que envejecer significa vivir menos est\u00e1 tristemente equivocado<\/b>\u201d, sentenci\u00f3 la actriz, resumiendo el esp\u00edritu de su mensaje.<\/p>\n<p class=\"paragraph\">Moore utiliza su proyecci\u00f3n p\u00fablica para abrir el debate sobre la madurez, alentando a otras mujeres a romper el silencio que rodea el envejecimiento y a mirarse con m\u00e1s benevolencia y admiraci\u00f3n.<\/p>\n<p class=\"paragraph\">Al compartir su historia, inspira a las nuevas generaciones a vivir el paso del tiempo con autenticidad, libertad y agradecimiento, demostrando que cada a\u00f1o suma y da acceso a formas m\u00e1s completas de autoconocimiento y satisfacci\u00f3n.<\/p>\n","protected":false},"excerpt":{"rendered":"Demi Moore desaf\u00eda los prejuicios sobre el envejecimiento y reivindica la plenitud en la madurez (REUTERS\/Lisi Niesner) Demi&hellip;\n","protected":false},"author":2,"featured_media":268919,"comment_status":"","ping_status":"","sticky":false,"template":"","format":"standard","meta":{"footnotes":""},"categories":[169],"tags":[231,3118,177,5797,146,147,25,24,406,176,175,23],"class_list":{"0":"post-268918","1":"post","2":"type-post","3":"status-publish","4":"format-standard","5":"has-post-thumbnail","7":"category-cine","8":"tag-arts","9":"tag-arts-culture-entertainment","10":"tag-cine","11":"tag-culture","12":"tag-entertainment","13":"tag-entretenimiento","14":"tag-es","15":"tag-espana","16":"tag-europe","17":"tag-film","18":"tag-movies","19":"tag-spain"},"share_on_mastodon":{"url":"https:\/\/pubeurope.com\/@es\/115655475312533483","error":""},"_links":{"self":[{"href":"https:\/\/www.europesays.com\/es\/wp-json\/wp\/v2\/posts\/268918","targetHints":{"allow":["GET"]}}],"collection":[{"href":"https:\/\/www.europesays.com\/es\/wp-json\/wp\/v2\/posts"}],"about":[{"href":"https:\/\/www.europesays.com\/es\/wp-json\/wp\/v2\/types\/post"}],"author":[{"embeddable":true,"href":"https:\/\/www.europesays.com\/es\/wp-json\/wp\/v2\/users\/2"}],"replies":[{"embeddable":true,"href":"https:\/\/www.europesays.com\/es\/wp-json\/wp\/v2\/comments?post=268918"}],"version-history":[{"count":0,"href":"https:\/\/www.europesays.com\/es\/wp-json\/wp\/v2\/posts\/268918\/revisions"}],"wp:featuredmedia":[{"embeddable":true,"href":"https:\/\/www.europesays.com\/es\/wp-json\/wp\/v2\/media\/268919"}],"wp:attachment":[{"href":"https:\/\/www.europesays.com\/es\/wp-json\/wp\/v2\/media?parent=268918"}],"wp:term":[{"taxonomy":"category","embeddable":true,"href":"https:\/\/www.europesays.com\/es\/wp-json\/wp\/v2\/categories?post=268918"},{"taxonomy":"post_tag","embeddable":true,"href":"https:\/\/www.europesays.com\/es\/wp-json\/wp\/v2\/tags?post=268918"}],"curies":[{"name":"wp","href":"https:\/\/api.w.org\/{rel}","templated":true}]}}