{"id":268920,"date":"2025-12-03T11:47:27","date_gmt":"2025-12-03T11:47:27","guid":{"rendered":"https:\/\/www.europesays.com\/es\/268920\/"},"modified":"2025-12-03T11:47:27","modified_gmt":"2025-12-03T11:47:27","slug":"asi-es-el-innovation-district-de-valdebebas","status":"publish","type":"post","link":"https:\/\/www.europesays.com\/es\/268920\/","title":{"rendered":"as\u00ed es el Innovation District de Valdebebas"},"content":{"rendered":"<p>El Ejecutivo de Isabel D\u00edaz Ayuso y el Real Madrid quieren convertir la regi\u00f3n en la gran capital tecnol\u00f3gica del sur de Europa, al m\u00e1s puro estilo de Silicon Valley. Para ello, la Comunidad y el club de f\u00fatbol han firmado este martes <b>un protocolo de colaboraci\u00f3n para crear el Madrid Innovation District (MID)<\/b>, un megaproyecto puntero a nivel mundial que se levantar\u00e1 en la Ciudad Deportiva de Valdebebas para atraer m\u00e1s empleo, talento e inversi\u00f3n. <\/p>\n<p><a href=\"https:\/\/www.eleconomista.es\/vivienda-inmobiliario\/noticias\/13364667\/05\/25\/asi-sera-madrid-innovation-district-el-nuevo-proyecto-del-real-madrid-sobre-85-hectareas-en-valdebebas-con-8500-millones-de-inversion-y-25000-empleos.html\" title=\"As\u00ed ser\u00e1 Madrid Innovation District, el nuevo proyecto del Real Madrid sobre 85 hect\u00e1reas en Valdebebas y con 8.500 millones de inversi\u00f3n\" rel=\"nofollow noopener\" target=\"_blank\">El proyecto, que fue presentado a mediados de mayo<\/a>, contar\u00e1 con <b>una superficie de 85 hect\u00e1reas <\/b>en los terrenos que est\u00e1n actualmente en desuso junto al aeropuerto Adolfo Su\u00e1rez e IFEMA y est\u00e1 inspirado en el campus que han desarrollado los Dallas Cowboys en Texas, el One North de Singapur; el High Tech Campus de Eindhoven, en Pa\u00edses Bajos; o el MIND-Milano Innovation District de Mil\u00e1n.<\/p>\n<p>El objetivo que se persigue es que en este hub digital se implanten las sedes grandes empresas tecnol\u00f3gicas y vanguardistas, firmas especializadas en innovaci\u00f3n y desarrollo, as\u00ed como instituciones acad\u00e9micas y centros de investigaci\u00f3n, que generar\u00e1n sinergias, un entorno colaborativo y crecimiento econ\u00f3mico. <\/p>\n<p>                            <img decoding=\"async\" src=\"https:\/\/www.europesays.com\/es\/wp-content\/uploads\/2025\/12\/770x_MID3.jpg\" loading=\"lazy\"\/><\/p>\n<p>                            Madrid Innovation District. Foto: Real Madrid.<\/p>\n<p>A trav\u00e9s del convenio, suscrito por la Consejer\u00eda de Digitalizaci\u00f3n y el Club de F\u00fatbol, la Comunidad de Madrid se suma a un proyecto estrat\u00e9gico que se espera que <b>aporte al PIB regional unos 1.200 millones de euros anuales<\/b> y que cree m\u00e1s de 23.000 puestos de trabajo al a\u00f1o. <\/p>\n<p>Seg\u00fan han explicado en un comunicado, ambas instituciones colaborar\u00e1n para que en este espacio se establezcan compa\u00f1\u00edas y organismos de investigaci\u00f3n y<b> sea un entorno donde se generen nuevos proyectos encaminados a mejorar los servicios p\u00fablicos<\/b>, la calidad de vida de las personas y la competitividad de las empresas.<\/p>\n<p>                            <img decoding=\"async\" src=\"https:\/\/www.europesays.com\/es\/wp-content\/uploads\/2025\/12\/770x_MID2.jpg\" loading=\"lazy\"\/><\/p>\n<p>                            Madrid Innovation District. Foto: Real Madrid.<\/p>\n<p>Tambi\u00e9n se impartir\u00e1n <b>cursos de formaci\u00f3n y capacitaci\u00f3n en competencias digitales, Inteligencia Artificial<\/b>, y datos, entre otras disciplinas, en colaboraci\u00f3n con universidades y centros de excelencia, al tiempo que se llevar\u00e1n a cabo mentor\u00edas a j\u00f3venes emprendedores, se desarrollar\u00e1n programas de incubaci\u00f3n y aceleraci\u00f3n de proyectos, y se dise\u00f1ar\u00e1n estrategias para traer a profesionales de alto nivel.<\/p>\n<p>                            <img decoding=\"async\" src=\"https:\/\/www.europesays.com\/es\/wp-content\/uploads\/2025\/12\/770x_MID4.jpg\" loading=\"lazy\"\/><\/p>\n<p>                            Madrid Innovation District. Foto: Real Madrid.<\/p>\n<p>Madrid Innovation District acoger\u00e1 <b>seminarios, jornadas y encuentros internacionales de expertos<\/b>, adem\u00e1s de organizar actividades dirigidas a la ciudadan\u00eda para reducir la brecha digital y promover la inclusi\u00f3n de colectivos vulnerables.<\/p>\n<p>WhatsApp<a href=\"https:\/\/api.whatsapp.com\/send?text=https:\/\/www.eleconomista.es\/infraestructuras-servicios\/noticias\/13672734\/12\/25\/ayuso-y-el-real-madrid-se-alian-para-convertir-madrid-en-el-silicon-valley-del-sur-de-europa-asi-es-el-innovation-district-de-valdebebas.html?utm_source%3Dwhatsapp%26utm_medium%3Dshare_button&amp;id=1648118629957_whatsapp\" target=\"_blank\" data-action=\"share\/whatsapp\/share\" aria-label=\"Compartir en Whatsapp\" rel=\"nofollow noopener\"><\/a>Facebook<a id=\"fb-share\" href=\"#\" target=\"_blank\" rel=\"noopener noreferrer\" aria-label=\"Compartir en Facebook\"><\/a>Twitter<a href=\"https:\/\/twitter.com\/share?text=Ayuso+y+el+Real+Madrid+se+al%C3%ADan+para+convertir+Madrid+en+el+Silicon+Valley+del+sur+de+Europa%3A+as%C3%AD+es+el+Innovation+District+de+Valdebebas&amp;url=https:\/\/www.eleconomista.es\/infraestructuras-servicios\/noticias\/13672734\/12\/25\/ayuso-y-el-real-madrid-se-alian-para-convertir-madrid-en-el-silicon-valley-del-sur-de-europa-asi-es-el-innovation-district-de-valdebebas.html&amp;via=elEconomistaes&amp;id=1648118839245_twitter\" target=\"_blank\" aria-label=\"Compartir en Twitter\" rel=\"nofollow noopener\"><\/a>Linkedin<a href=\"https:\/\/linkedin.com\/share?text=https:\/\/www.eleconomista.es\/infraestructuras-servicios\/noticias\/13672734\/12\/25\/ayuso-y-el-real-madrid-se-alian-para-convertir-madrid-en-el-silicon-valley-del-sur-de-europa-asi-es-el-innovation-district-de-valdebebas.html&amp;via=elEconomistaes\" target=\"_blank\" aria-label=\"Compartir en linkedin\" rel=\"nofollow noopener\"><\/a>Beloud<a href=\"https:\/\/beloud.com\/share?text=Ayuso+y+el+Real+Madrid+se+al%C3%ADan+para+convertir+Madrid+en+el+Silicon+Valley+del+sur+de+Europa%3A+as%C3%AD+es+el+Innovation+District+de+Valdebebas&amp;url=https:\/\/www.eleconomista.es\/infraestructuras-servicios\/noticias\/13672734\/12\/25\/ayuso-y-el-real-madrid-se-alian-para-convertir-madrid-en-el-silicon-valley-del-sur-de-europa-asi-es-el-innovation-district-de-valdebebas.html&amp;via=elEconomistaes&amp;id=1648118839245_beloud\" target=\"_blank\" aria-label=\"Compartir en beloud\" rel=\"nofollow noopener\"><\/a>Bluesky<a href=\"https:\/\/bsky.app\/intent\/compose?text=https:\/\/bsky.app\/intent\/compose?text=https:\/\/www.eleconomista.es\/infraestructuras-servicios\/noticias\/13672734\/12\/25\/ayuso-y-el-real-madrid-se-alian-para-convertir-madrid-en-el-silicon-valley-del-sur-de-europa-asi-es-el-innovation-district-de-valdebebas.html&amp;url=https:\/\/www.eleconomista.es\/infraestructuras-servicios\/noticias\/13672734\/12\/25\/ayuso-y-el-real-madrid-se-alian-para-convertir-madrid-en-el-silicon-valley-del-sur-de-europa-asi-es-el-innovation-district-de-valdebebas.html&amp;via=elEconomistaes&amp;id=1648118839245_bluesky\" target=\"_blank\" aria-label=\"Compartir en bluesky\" rel=\"nofollow noopener\"><\/a><\/p>\n<p><script async src=\"https:\/\/platform.twitter.com\/widgets.js\" charset=\"utf-8\"><\/script><\/p>\n","protected":false},"excerpt":{"rendered":"El Ejecutivo de Isabel D\u00edaz Ayuso y el Real Madrid quieren convertir la regi\u00f3n en la gran capital&hellip;\n","protected":false},"author":2,"featured_media":268921,"comment_status":"","ping_status":"","sticky":false,"template":"","format":"standard","meta":{"footnotes":""},"categories":[93],"tags":[168,25,24,13963,23,167],"class_list":{"0":"post-268920","1":"post","2":"type-post","3":"status-publish","4":"format-standard","5":"has-post-thumbnail","7":"category-deportes","8":"tag-deportes","9":"tag-es","10":"tag-espana","11":"tag-infraestructuras-y-servicios","12":"tag-spain","13":"tag-sports"},"share_on_mastodon":{"url":"https:\/\/pubeurope.com\/@es\/115655478196815096","error":""},"_links":{"self":[{"href":"https:\/\/www.europesays.com\/es\/wp-json\/wp\/v2\/posts\/268920","targetHints":{"allow":["GET"]}}],"collection":[{"href":"https:\/\/www.europesays.com\/es\/wp-json\/wp\/v2\/posts"}],"about":[{"href":"https:\/\/www.europesays.com\/es\/wp-json\/wp\/v2\/types\/post"}],"author":[{"embeddable":true,"href":"https:\/\/www.europesays.com\/es\/wp-json\/wp\/v2\/users\/2"}],"replies":[{"embeddable":true,"href":"https:\/\/www.europesays.com\/es\/wp-json\/wp\/v2\/comments?post=268920"}],"version-history":[{"count":0,"href":"https:\/\/www.europesays.com\/es\/wp-json\/wp\/v2\/posts\/268920\/revisions"}],"wp:featuredmedia":[{"embeddable":true,"href":"https:\/\/www.europesays.com\/es\/wp-json\/wp\/v2\/media\/268921"}],"wp:attachment":[{"href":"https:\/\/www.europesays.com\/es\/wp-json\/wp\/v2\/media?parent=268920"}],"wp:term":[{"taxonomy":"category","embeddable":true,"href":"https:\/\/www.europesays.com\/es\/wp-json\/wp\/v2\/categories?post=268920"},{"taxonomy":"post_tag","embeddable":true,"href":"https:\/\/www.europesays.com\/es\/wp-json\/wp\/v2\/tags?post=268920"}],"curies":[{"name":"wp","href":"https:\/\/api.w.org\/{rel}","templated":true}]}}