{"id":268924,"date":"2025-12-03T11:49:13","date_gmt":"2025-12-03T11:49:13","guid":{"rendered":"https:\/\/www.europesays.com\/es\/268924\/"},"modified":"2025-12-03T11:49:13","modified_gmt":"2025-12-03T11:49:13","slug":"dani-martin-obligado-a-rectificar-por-su-ultimo-discurso-politico-falta-de-integridad-y-de-compromiso-ante-lo-que-vivimos-sociedad","status":"publish","type":"post","link":"https:\/\/www.europesays.com\/es\/268924\/","title":{"rendered":"Dani Mart\u00edn, obligado a rectificar por su \u00faltimo discurso pol\u00edtico: \u00abFalta de integridad y de compromiso ante lo que vivimos\u00bb | Sociedad"},"content":{"rendered":"<p class=\"loc\">Madrid<\/p>\n<p>El cantante <a href=\"https:\/\/cadenaser.com\/nacional\/2025\/11\/13\/el-emotivo-mensaje-de-dani-martin-antes-del-comienzo-de-su-nueva-gira-es-el-momento-mas-importante-de-mi-vida-cadena-ser\/\" target=\"_blank\" rel=\"nofollow noopener\" title=\"https:\/\/cadenaser.com\/nacional\/2025\/11\/13\/el-emotivo-mensaje-de-dani-martin-antes-del-comienzo-de-su-nueva-gira-es-el-momento-mas-importante-de-mi-vida-cadena-ser\/\">Dani Mart\u00edn<\/a> sigue mostrando en Madrid, donde suma hasta 10 fechas en el Movistar Arena, su nueva gira 25 P*t*s A\u00f1os, donde rescata sus mejores canciones en las m\u00e1s de dos d\u00e9cadas que lleva sobre los escenarios, sin olvidarse de sus \u00e9xitos con El Canto del Loco. En 2026, el madrile\u00f1o seguir\u00e1 de tour por las principales ciudades espa\u00f1olas. <\/p>\n<p>M\u00e1s informaci\u00f3n<\/p>\n<p>Fue en un concierto donde alguien le grit\u00f3 \u00abpresidente\u00bb cuando el int\u00e9rprete de Zapatillas se dispuso a hacer un alegato para pedir al p\u00fablico que no acudiera a votar en las pr\u00f3ximas elecciones. \u00abOs animo a que no vot\u00e9is a nadie. \u00a1A nadie!\u00bb, pidi\u00f3. <\/p>\n<p>\u00abQue se den cuenta de que no nos representa ninguno, absolutamente ninguno. Todos buscan algo de nosotros y nosotros valemos demasiado. Nuestro valor, nuestro coraz\u00f3n, es el mayor tesoro del mundo\u00bb, dijo, en su discurso espont\u00e1neo ante el comentario de un asistente.<\/p>\n<p><img loading=\"lazy\" decoding=\"async\" src=\"https:\/\/www.europesays.com\/es\/wp-content\/uploads\/2025\/12\/https:\/\/sdmedia.playser.cadenaser.com\/playser\/image\/202511\/08\/1762621538486_1762621599_asset_still.j.jpeg\" width=\"16\" height=\"9\"\/>\u00abFalta de integridad y de compromiso ante lo que vivimos\u00bb<\/p>\n<p>Sus palabras se convirtieron en noticia al d\u00eda siguiente y fueron muchas las cr\u00edticas que recibi\u00f3 por instar a la gente a abstenerse y no acudir a los colegios electorales. Es por ello que el cantante ha querido frenar la cascada de reacciones y sentenciar su opini\u00f3n sobre unas palabras que ahora ve que no fueron del todo acertadas.<\/p>\n<p>\u00abCuando cometo un error, me gusta pedir perd\u00f3n. Si hay algo necesario en este Estado de derecho es ir a votar, as\u00ed que quiero pedir disculpas por mis palabras equivocadas, fruto del hartazgo ante la falta de integridad y compromiso que estamos viviendo\u00bb, ha escrito, en sus redes sociales, a modo de disculpa. <\/p>\n<p>Mart\u00edn, que quiso compartir ante sus seguidores de Instagram lo sucedido, ha aprovechado tambi\u00e9n para pedir \u00abuna gesti\u00f3n m\u00e1s justa, m\u00e1s unidad y mismos derechos y oportunidades para todas y todos\u00bb.<\/p>\n<p><img decoding=\"async\" src=\"https:\/\/www.europesays.com\/es\/wp-content\/uploads\/2025\/12\/PEXYWZNB45B5BIQGGPLY5ZDRUE.jpeg\" alt=\"Dani Mart\u00edn en su comunicado publicado en redes sociales \/ Instagram\" width=\"650\" height=\"1412\"  loading=\"lazy\"\/><\/p>\n<p>Dani Mart\u00edn en su comunicado publicado en redes sociales \/ Instagram<\/p>\n<p>Ampliar<img decoding=\"async\" src=\"https:\/\/www.europesays.com\/es\/wp-content\/uploads\/2025\/12\/1764762553_87_PEXYWZNB45B5BIQGGPLY5ZDRUE.jpeg\" alt=\"Dani Mart\u00edn en su comunicado publicado en redes sociales \/ Instagram\" width=\"650\" height=\"1412\" loading=\"lazy\"\/><\/p>\n<p>Dani Mart\u00edn en su comunicado publicado en redes sociales \/ Instagram<\/p>\n<p>Cerrar<\/p>\n","protected":false},"excerpt":{"rendered":"Madrid El cantante Dani Mart\u00edn sigue mostrando en Madrid, donde suma hasta 10 fechas en el Movistar Arena,&hellip;\n","protected":false},"author":2,"featured_media":268925,"comment_status":"","ping_status":"","sticky":false,"template":"","format":"standard","meta":{"footnotes":""},"categories":[91],"tags":[146,147,25,24,23],"class_list":{"0":"post-268924","1":"post","2":"type-post","3":"status-publish","4":"format-standard","5":"has-post-thumbnail","7":"category-entretenimiento","8":"tag-entertainment","9":"tag-entretenimiento","10":"tag-es","11":"tag-espana","12":"tag-spain"},"share_on_mastodon":{"url":"https:\/\/pubeurope.com\/@es\/115655487205368696","error":""},"_links":{"self":[{"href":"https:\/\/www.europesays.com\/es\/wp-json\/wp\/v2\/posts\/268924","targetHints":{"allow":["GET"]}}],"collection":[{"href":"https:\/\/www.europesays.com\/es\/wp-json\/wp\/v2\/posts"}],"about":[{"href":"https:\/\/www.europesays.com\/es\/wp-json\/wp\/v2\/types\/post"}],"author":[{"embeddable":true,"href":"https:\/\/www.europesays.com\/es\/wp-json\/wp\/v2\/users\/2"}],"replies":[{"embeddable":true,"href":"https:\/\/www.europesays.com\/es\/wp-json\/wp\/v2\/comments?post=268924"}],"version-history":[{"count":0,"href":"https:\/\/www.europesays.com\/es\/wp-json\/wp\/v2\/posts\/268924\/revisions"}],"wp:featuredmedia":[{"embeddable":true,"href":"https:\/\/www.europesays.com\/es\/wp-json\/wp\/v2\/media\/268925"}],"wp:attachment":[{"href":"https:\/\/www.europesays.com\/es\/wp-json\/wp\/v2\/media?parent=268924"}],"wp:term":[{"taxonomy":"category","embeddable":true,"href":"https:\/\/www.europesays.com\/es\/wp-json\/wp\/v2\/categories?post=268924"},{"taxonomy":"post_tag","embeddable":true,"href":"https:\/\/www.europesays.com\/es\/wp-json\/wp\/v2\/tags?post=268924"}],"curies":[{"name":"wp","href":"https:\/\/api.w.org\/{rel}","templated":true}]}}