{"id":268926,"date":"2025-12-03T11:50:20","date_gmt":"2025-12-03T11:50:20","guid":{"rendered":"https:\/\/www.europesays.com\/es\/268926\/"},"modified":"2025-12-03T11:50:20","modified_gmt":"2025-12-03T11:50:20","slug":"su-ultima-actualizacion-la-lia-de-nuevo","status":"publish","type":"post","link":"https:\/\/www.europesays.com\/es\/268926\/","title":{"rendered":"su \u00faltima actualizaci\u00f3n la l\u00eda de nuevo"},"content":{"rendered":"<p>Una vez m\u00e1s, <strong>Windows 11<\/strong> se gana la ira de los usuarios tras su m\u00e1s reciente actualizaci\u00f3n. Microsoft lanz\u00f3 ayer la actualizaci\u00f3n <strong>KB5071142<\/strong> con el fin de introducir optimizaciones no vinculadas con cuestiones de seguridad, y termin\u00f3 provocando problemas en los ordenadores que la instalaron.<\/p>\n<p>Dos nuevos (e ins\u00f3litos) bugs sin resoluci\u00f3n ahora afectan a los usuarios de Windows 11. <strong>Uno de ellos impacta en el Explorador de archivos, mientras que el otro se observa en la pantalla de bloqueo<\/strong>. Estos se suman a la larga lista de inconvenientes que en el \u00faltimo tiempo aparecieron con precisi\u00f3n suiza cada vez que se lanzaron nuevos parches para la plataforma.<\/p>\n<p>Lo curioso de todo esto es que una de las presuntas mejoras de Windows 11 KB5071142 promet\u00eda reflejarse en una adopci\u00f3n m\u00e1s consistente del modo oscuro. Sin embargo, parece que ha logrado todo lo contrario.<\/p>\n<p>Microsoft <a href=\"https:\/\/support.microsoft.com\/en-gb\/topic\/december-1-2025-kb5070311-os-builds-26200-7309-and-26100-7309-preview-5cd455bf-3291-47fa-b0bf-e5f60d0ea7af\" rel=\"nofollow noopener\" target=\"_blank\">ha confirmado<\/a> que uno de los fallos que trae la m\u00e1s reciente actualizaci\u00f3n de Windows 11 provoca <strong>un destello blanco<\/strong> en la pantalla al abrir el Explorador de archivos. Esto sucede cuando la interfaz se encuentra configurada con el modo oscuro. El destello no es permanente, sino que dura un segundo, pero se vuelve extremadamente molesto.<\/p>\n<p>El bug provoca el destello cada vez que se abre el Explorador y cuando se concretan otras acciones. Por ejemplo, al abrir una nueva pesta\u00f1a y al navegar hacia o desde los apartados <strong>Inicio<\/strong> y <strong>Galer\u00eda<\/strong> en el men\u00fa del borde izquierdo de la pantalla. Pero eso no es todo, ya que tambi\u00e9n se manifiesta al activar o desactivar el panel <strong>Detalles<\/strong>, que est\u00e1 cerca del borde derecho de la ventana, o al ingresar a <strong>M\u00e1s detalles<\/strong> en el recuadro de progreso al copiar archivos.<\/p>\n<p>Windows 11 KB5071142 dispara dos bugs ins\u00f3litos tras su actualizaci\u00f3n<\/p>\n<p><img loading=\"lazy\" data-recalc-dims=\"1\" decoding=\"async\" width=\"1500\" height=\"938\" alt=\"Windows 11 | Windows 11 KB5071142 dispara dos bugs ins\u00f3litos tras su actualizaci\u00f3n\" class=\"wp-image-1862273 perfmatters-lazy\" src=\"https:\/\/www.europesays.com\/es\/wp-content\/uploads\/2025\/12\/windows-11-1500x938.jpg\"  data-\/><\/p>\n<p>Adem\u00e1s del destello en el Explorador de archivos al usar el modo oscuro, Windows 11 KB5071142 llega con un molesto inconveniente en la pantalla de bloqueo. Si tienes configurados varios m\u00e9todos de autenticaci\u00f3n en tu PC, <strong>el bot\u00f3n para ingresar manualmente la contrase\u00f1a ya no aparece<\/strong>.<\/p>\n<p>Microsoft explica que la opci\u00f3n en cuesti\u00f3n parece invisible, pero que en realidad sigue all\u00ed. Por alg\u00fan motivo, el m\u00e1s reciente parche de Windows 11 est\u00e1 provocando que el bot\u00f3n <strong>no se muestre<\/strong>. La compa\u00f1\u00eda de Redmond asegura que si pasas el cursor por el lugar donde habitualmente est\u00e1 la tecla para elegir la contrase\u00f1a, aparece la descripci\u00f3n que ratifica que contin\u00faa en su lugar, solo que no se deja ver. Al hacer clic se desplegar\u00e1 el recuadro para ingresar la clave con normalidad.<\/p>\n<p>Los bugs de Windows 11 KB5071142 se suman a los <a href=\"https:\/\/hipertextual.com\/software\/actualizacion-windows-incluye-fallo-seguridad-critico\/\" rel=\"nofollow noopener\" target=\"_blank\">m\u00faltiples<\/a> <a href=\"https:\/\/hipertextual.com\/software\/windows-11-actualizacion-error-ssd-disco-duro\/\" rel=\"nofollow noopener\" target=\"_blank\">fallos<\/a> que se <a href=\"https:\/\/hipertextual.com\/software\/microsoft-fallo-herramienta-instalacion-windows-11\/\" rel=\"nofollow noopener\" target=\"_blank\">han<\/a> <a href=\"https:\/\/hipertextual.com\/tecnologia\/microsoft-avisa-de-un-importante-fallo-en-windows-11\/\" rel=\"nofollow noopener\" target=\"_blank\">aglutinado<\/a> en el <a href=\"https:\/\/hipertextual.com\/software\/fallo-actualizacion-windows-11-error-inicio-de-sesion\/\" rel=\"nofollow noopener\" target=\"_blank\">\u00faltimo tiempo<\/a>. Especialmente tras el debut de <a href=\"https:\/\/hipertextual.com\/software\/problemas-con-windows-11-25h2-asi-puedes-resolverlos\/\" rel=\"nofollow noopener\" target=\"_blank\">la actualizaci\u00f3n 25H2<\/a>. Los usuarios no han dudado en <a href=\"https:\/\/hipertextual.com\/inteligencia-artificial\/microsoft-windows-ia-errores-usuarios-hartos\/\" rel=\"nofollow noopener\" target=\"_blank\">expresar su hartazgo<\/a> con el estado actual del sistema operativo, pero Microsoft parece tener su atenci\u00f3n en otra parte.<\/p>\n<p><strong>Dave Plummer<\/strong>, creador del Administrador de tareas de Windows, fue muy cr\u00edtico de Windows 11 y asegur\u00f3 que <a href=\"https:\/\/hipertextual.com\/tecnologia\/windows-11-roto-exdesarrollador-revela-solucion\/\" rel=\"nofollow noopener\" target=\"_blank\">necesita un salvavidas<\/a>. Seg\u00fan el reconocido ingeniero, Microsoft deber\u00eda adoptar una estrategia similar a la que en su momento tuvo con Windows XP Service Pack 2. Es decir, frenar la implementaci\u00f3n de nuevas funciones en su intento por sumar valor y enfocarse en resolver los (muchos) problemas que tiene el software. <\/p>\n<p>En medio de un empuje masivo por Copilot y los agentes de IA, las actualizaciones de Windows 11 lo han convertido en un mal chiste. Los bugs de KB5071142 <strong>todav\u00eda no tienen soluci\u00f3n<\/strong> y no se sabe cu\u00e1nto demorar\u00e1 Microsoft en proveerlas.<\/p>\n","protected":false},"excerpt":{"rendered":"Una vez m\u00e1s, Windows 11 se gana la ira de los usuarios tras su m\u00e1s reciente actualizaci\u00f3n. Microsoft&hellip;\n","protected":false},"author":2,"featured_media":268927,"comment_status":"","ping_status":"","sticky":false,"template":"","format":"standard","meta":{"footnotes":""},"categories":[81],"tags":[119,123,124,25,24,117,121,122,23,118,120],"class_list":{"0":"post-268926","1":"post","2":"type-post","3":"status-publish","4":"format-standard","5":"has-post-thumbnail","7":"category-ciencia-y-tecnologia","8":"tag-ciencia","9":"tag-ciencia-y-tecnologia","10":"tag-cienciaytecnologia","11":"tag-es","12":"tag-espana","13":"tag-science","14":"tag-science-and-technology","15":"tag-scienceandtechnology","16":"tag-spain","17":"tag-technology","18":"tag-tecnologia"},"share_on_mastodon":{"url":"https:\/\/pubeurope.com\/@es\/115655489981048368","error":""},"_links":{"self":[{"href":"https:\/\/www.europesays.com\/es\/wp-json\/wp\/v2\/posts\/268926","targetHints":{"allow":["GET"]}}],"collection":[{"href":"https:\/\/www.europesays.com\/es\/wp-json\/wp\/v2\/posts"}],"about":[{"href":"https:\/\/www.europesays.com\/es\/wp-json\/wp\/v2\/types\/post"}],"author":[{"embeddable":true,"href":"https:\/\/www.europesays.com\/es\/wp-json\/wp\/v2\/users\/2"}],"replies":[{"embeddable":true,"href":"https:\/\/www.europesays.com\/es\/wp-json\/wp\/v2\/comments?post=268926"}],"version-history":[{"count":0,"href":"https:\/\/www.europesays.com\/es\/wp-json\/wp\/v2\/posts\/268926\/revisions"}],"wp:featuredmedia":[{"embeddable":true,"href":"https:\/\/www.europesays.com\/es\/wp-json\/wp\/v2\/media\/268927"}],"wp:attachment":[{"href":"https:\/\/www.europesays.com\/es\/wp-json\/wp\/v2\/media?parent=268926"}],"wp:term":[{"taxonomy":"category","embeddable":true,"href":"https:\/\/www.europesays.com\/es\/wp-json\/wp\/v2\/categories?post=268926"},{"taxonomy":"post_tag","embeddable":true,"href":"https:\/\/www.europesays.com\/es\/wp-json\/wp\/v2\/tags?post=268926"}],"curies":[{"name":"wp","href":"https:\/\/api.w.org\/{rel}","templated":true}]}}