{"id":268930,"date":"2025-12-03T11:52:08","date_gmt":"2025-12-03T11:52:08","guid":{"rendered":"https:\/\/www.europesays.com\/es\/268930\/"},"modified":"2025-12-03T11:52:08","modified_gmt":"2025-12-03T11:52:08","slug":"viaje-al-corazon-de-la-fe","status":"publish","type":"post","link":"https:\/\/www.europesays.com\/es\/268930\/","title":{"rendered":"Viaje al coraz\u00f3n de la fe"},"content":{"rendered":"<p style=\"\">Ante las ruinas de la antigua bas\u00edlica de San Ne\u00f3fito, donde los padres del <a href=\"https:\/\/www.abc.es\/sociedad\/crisis-guerra-ucrania-empana-conmemoracion-1700-aniversario-20251128182652-nt.html\" target=\"_self\" data-voc-vtm-id=\"in-text-traffic\" title=\"Concilio de Nicea\" data-mrf-link=\"www.abc.es\" rel=\"nofollow noopener\">Concilio de Nicea<\/a> formularon el Credo, y en presencia del Patriarca de Constantinopla, el Papa Le\u00f3n XIV ha lanzado una pregunta que explica por s\u00ed misma el sentido de su  &#8230; viaje: \u00abqui\u00e9n es Jesucristo en la vida de las mujeres y los hombres de hoy, \u00bfqui\u00e9n es para cada uno de nosotros? Es una pregunta que nos interpela en primer lugar a los cristianos, porque como dijo Le\u00f3n nada m\u00e1s ser elegido Papa, y ahora ha repetido, <strong>corremos el riesgo de reducir a Jesucristo a una especie de l\u00edder carism\u00e1tico o superhombre<\/strong>, y eso s\u00f3lo conduce \u00aba la tristeza y la confusi\u00f3n\u00bb. Porque si Jes\u00fas es s\u00f3lo un hombre, aunque fuese el mejor, \u00bfc\u00f3mo podr\u00eda salvarnos? Para nosotros ser\u00eda apenas una inspiraci\u00f3n, algo incapaz de sostener la vida y de llevarla a su plenitud.  Por eso, lo que estaba en juego en Nicea es lo mismo que est\u00e1 en juego hoy: la audacia de anunciar que \u00ab<strong>Cristo Jes\u00fas no es un personaje del pasado<\/strong>, que es el Hijo de Dios presente entre nosotros que gu\u00eda la historia hacia el futuro que Dios nos ha prometido\u00bb. Sin este anuncio, que sonaba y sigue sonando escandaloso, los cristianos ser\u00edamos los m\u00e1s tontos de los hombres (San Pablo dixit) y la Iglesia poco m\u00e1s que una organizaci\u00f3n ben\u00e9fica.<\/p>\n<p class=\"voc-p\" style=\"\">En los territorios de lo que hoy es Turqu\u00eda el cristianismo era floreciente hace 17 siglos, mientras hoy constituye una exigua minor\u00eda. Le\u00f3n ha desafiado nuestras im\u00e1genes y balances al decir que <strong>la fuerza de la Iglesia \u00abno reside ni en sus recursos ni en sus estructuras<\/strong>, ni los frutos de su misi\u00f3n derivan del consenso num\u00e9rico, de la potencia econ\u00f3mica o de la relevancia social\u00bb. La Iglesia puede tener, o no tener, estas cosas (estructuras, influencia, grandes n\u00fameros) pero no vive de ellas. Vive, ha dicho el Papa, \u00ab<strong>de la luz del Cordero<\/strong> (o sea, del que se entreg\u00f3 a la muerte por nosotros), reunida en torno a \u00c9l, e impulsada por el poder del Esp\u00edritu Santo en los caminos del mundo\u00bb. Es ese impulso el que le permite renacer siempre, aunque tantas veces se haya emitido su certificado de defunci\u00f3n.<\/p>\n<p class=\"voc-p\" style=\"\">La unidad de la Iglesia es siempre el deseo mismo del Se\u00f1or y su ruptura una espina clavada en la carne del cuerpo eclesial. Nicea evoca la unidad expresada en el Credo que compartimos de <a href=\"https:\/\/www.abc.es\/sociedad\/lideres-musulmanes-piden-ayuda-papa-libano-libere-20251201181840-nt.html\" target=\"_self\" data-voc-vtm-id=\"in-text-traffic\" title=\"oriente a occidente\" data-mrf-link=\"www.abc.es\" rel=\"nofollow noopener\">oriente a occidente<\/a>, y s\u00f3lo en torno a esta fe podremos recobrar la unidad plena. Ante el Patriarca Bartolom\u00e9 y los jefes de las iglesias de Oriente,<strong> el Papa ha subrayado que la b\u00fasqueda de la plena comuni\u00f3n<\/strong>, en el respeto de las leg\u00edtimas diferencias, es una de las prioridades de su ministerio como Obispo de Roma. Esta comuni\u00f3n \u00abno implica absorci\u00f3n ni dominio, dijo Le\u00f3n XIV en la catedral armenia de Estambul, sino un intercambio de los dones que nuestras Iglesias han recibido del Esp\u00edritu Santo para gloria de Dios Padre y la edificaci\u00f3n del Cuerpo de Cristo\u00bb.<\/p>\n<p class=\"voc-p\" style=\"\">En<a href=\"https:\/\/www.abc.es\/sociedad\/papa-despide-beirut-cesen-ataques-lucha-armada-20251202124133-nt.html\" target=\"_self\" data-voc-vtm-id=\"in-text-traffic\" title=\" El L\u00edbano\" data-mrf-link=\"www.abc.es\" rel=\"nofollow noopener\"> El L\u00edbano<\/a> el Papa ha experimentado un abrazo lleno de alegr\u00eda y colorido por parte del sufrido pueblo cristiano de aquel pa\u00eds, que sabe que su v\u00ednculo con la Sede de Pedro es una cuesti\u00f3n vital hoy, como lo ha sido a trav\u00e9s de los siglos. Le\u00f3n XIV ha querido confirmar a la Iglesia en su dif\u00edcil camino, subrayando su misi\u00f3n de reconciliar, su acogida de los migrantes y refugiados, su esfuerzo en campo educativo y sanitario. Especialmente <strong>a los j\u00f3venes les ha invitado a permanecer, a pesar de tantas dificultades<\/strong>, y contribuir a construir la civilizaci\u00f3n del amor y de la paz. En la Misa celebrada en el paseo mar\u00edtimo de Beirut que se abre al Mediterr\u00e1neo, les habl\u00f3 de \u00ablas huellas de Dios en una historia aparentemente perdida\u2026 peque\u00f1as luces que brillan en la noche, peque\u00f1as semillas plantadas en el \u00e1rido jard\u00edn de este tiempo hist\u00f3rico\u00bb. El Papa hablaba, en realidad, de la fe sencilla de las familias, de la labor de las escuelas cristianas, del trabajo constante de las parroquias, las congregaciones y los movimientos, de los laicos comprometidos en el campo de la caridad y en la ciudad com\u00fan. Esa es la respuesta a una historia que a veces puede parecer tr\u00e1gica. <strong>Le\u00f3n XIV ha pedido a los cristianos libaneses que mantengan la fe<\/strong>, la esperanza y la caridad para que el L\u00edbano sea una morada de justicia y de fraternidad, y una profec\u00eda de paz para todo el Levante.<\/p>\n","protected":false},"excerpt":{"rendered":"Ante las ruinas de la antigua bas\u00edlica de San Ne\u00f3fito, donde los padres del Concilio de Nicea formularon&hellip;\n","protected":false},"author":2,"featured_media":268931,"comment_status":"","ping_status":"","sticky":false,"template":"","format":"standard","meta":{"footnotes":""},"categories":[42],"tags":[17,18,4835,13,14,11,61,62,63,64,19,20,9,10,15,16,12,21,22,12856,65,66,67],"class_list":{"0":"post-268930","1":"post","2":"type-post","3":"status-publish","4":"format-standard","5":"has-post-thumbnail","7":"category-internacional","8":"tag-breaking-news","9":"tag-breakingnews","10":"tag-corazon","11":"tag-featured-news","12":"tag-featurednews","13":"tag-headlines","14":"tag-internacional","15":"tag-international","16":"tag-international-news","17":"tag-internationalnews","18":"tag-latest-news","19":"tag-latestnews","20":"tag-news","21":"tag-noticias","22":"tag-noticias-destacadas","23":"tag-noticiasdestacadas","24":"tag-titulares","25":"tag-ultimas-noticias","26":"tag-ultimasnoticias","27":"tag-viaje","28":"tag-world","29":"tag-world-news","30":"tag-worldnews"},"share_on_mastodon":{"url":"https:\/\/pubeurope.com\/@es\/115655497789080187","error":""},"_links":{"self":[{"href":"https:\/\/www.europesays.com\/es\/wp-json\/wp\/v2\/posts\/268930","targetHints":{"allow":["GET"]}}],"collection":[{"href":"https:\/\/www.europesays.com\/es\/wp-json\/wp\/v2\/posts"}],"about":[{"href":"https:\/\/www.europesays.com\/es\/wp-json\/wp\/v2\/types\/post"}],"author":[{"embeddable":true,"href":"https:\/\/www.europesays.com\/es\/wp-json\/wp\/v2\/users\/2"}],"replies":[{"embeddable":true,"href":"https:\/\/www.europesays.com\/es\/wp-json\/wp\/v2\/comments?post=268930"}],"version-history":[{"count":0,"href":"https:\/\/www.europesays.com\/es\/wp-json\/wp\/v2\/posts\/268930\/revisions"}],"wp:featuredmedia":[{"embeddable":true,"href":"https:\/\/www.europesays.com\/es\/wp-json\/wp\/v2\/media\/268931"}],"wp:attachment":[{"href":"https:\/\/www.europesays.com\/es\/wp-json\/wp\/v2\/media?parent=268930"}],"wp:term":[{"taxonomy":"category","embeddable":true,"href":"https:\/\/www.europesays.com\/es\/wp-json\/wp\/v2\/categories?post=268930"},{"taxonomy":"post_tag","embeddable":true,"href":"https:\/\/www.europesays.com\/es\/wp-json\/wp\/v2\/tags?post=268930"}],"curies":[{"name":"wp","href":"https:\/\/api.w.org\/{rel}","templated":true}]}}