{"id":268934,"date":"2025-12-03T11:54:14","date_gmt":"2025-12-03T11:54:14","guid":{"rendered":"https:\/\/www.europesays.com\/es\/268934\/"},"modified":"2025-12-03T11:54:14","modified_gmt":"2025-12-03T11:54:14","slug":"personas-con-discapacidad-intelectual-o-del-desarrollo-se-convierten-en-diputados-de-la-asamblea-de-madrid-y-proponen-avances-y-medidas-clave-para-el-ano-2035","status":"publish","type":"post","link":"https:\/\/www.europesays.com\/es\/268934\/","title":{"rendered":"Personas con discapacidad intelectual o del desarrollo se convierten en diputados de la Asamblea de Madrid y proponen \u201cavances y medidas clave\u201d para el a\u00f1o 2035"},"content":{"rendered":"<ul>\n<li>Los diputados y diputadas por un d\u00eda han simulado un pleno celebrado en el a\u00f1o 2035 para mostrar \u201cd\u00f3nde queremos llegar de aqu\u00ed a diez a\u00f1os\u201d: transporte m\u00e1s accesible, empleo digno y vida independiente<\/li>\n<li>Esta iniciativa de Plena Inclusi\u00f3n Madrid cumple XVI ediciones \u201cconvirtiendo la Asamblea en un espacio de participaci\u00f3n donde se consiguen avances importantes para el movimiento asociativo\u201d<\/li>\n<\/ul>\n<p><strong>Madrid, 03 de diciembre de 2025.- <\/strong>La Asamblea de Madrid se ha llenado por un d\u00eda con m\u00e1s de cien diputados y diputadas con discapacidad intelectual o del desarrollo que han expuesto sus demandas y propuestas desde los esca\u00f1os de la c\u00e1mara regional. Con esta acci\u00f3n, Plena Inclusi\u00f3n Madrid celebra XVI ediciones de \u2018Diputados por un D\u00eda\u2019, una iniciativa que se consolida como referente de incidencia y representaci\u00f3n en el \u00e1mbito de la discapacidad.<\/p>\n<p>La jornada ha coincidido con el D\u00eda Internacional y Europeo de las Personas con Discapacidad y ha contado con la bienvenida del presidente de la Asamblea, Enrique Ossorio; de la directora general de Atenci\u00f3n a Personas con Discapacidad de la Comunidad de Madrid, Alejandra Serrano; del presidente de Plena Inclusi\u00f3n Madrid, Tom\u00e1s A. Sancho, y de los portavoces de los grupos parlamentarios de la Comisi\u00f3n de Pol\u00edticas Integrales de la Discapacidad.<\/p>\n<p>El acto ha comenzado con la intervenci\u00f3n de Ossorio, quien ha aplaudido la labor de Plena Inclusi\u00f3n Madrid y ha destacado que \u201cla Asamblea abre sus puertas un a\u00f1o m\u00e1s como punto de encuentro donde se visibilizan los logros y los retos pendientes del movimiento asociativo\u201d.<\/p>\n<p>Por su parte, Tom\u00e1s A. Sancho ha afirmado que \u201cesta iniciativa convierte la Asamblea en un espacio real de participaci\u00f3n para las personas con discapacidad intelectual o del desarrollo\u201d. \u201cSu presencia aqu\u00ed no es simb\u00f3lica, es la oportunidad de expresar propuestas nacidas de su experiencia de vida\u201d, ha a\u00f1adido, apuntando que \u201clos diputados por un d\u00eda llevan diecis\u00e9is a\u00f1os ejerciendo su derecho a expresarse y a opinar en los espacios de decisi\u00f3n pol\u00edticos, lo que se ha traducido en avances importantes\u201d. Asimismo, ha agradecido la disposici\u00f3n y el compromiso del presidente, de los Grupos parlamentarios y de los miembros de la Mesa de la Asamblea.<\/p>\n<p>Juan Carlos Lorenzo ha ejercido como presidente por un d\u00eda, acompa\u00f1ado por Marina Cabascango como vicepresidenta del acto. La autogestora Raquel Eugercio ha sido la encargada de dar paso a quienes, desde los esca\u00f1os, han ido tomando la palabra para plantear sus demandas.<\/p>\n<p><strong>Un pleno celebrado en el a\u00f1o 2035 para impulsar avances y medidas<\/strong><\/p>\n<p>En esta edici\u00f3n, los participantes no solo han replicado el funcionamiento de un pleno ordinario \u2014incluida una simb\u00f3lica sesi\u00f3n de control\u2014, sino que han viajado hasta un hipot\u00e9tico pleno celebrado en el a\u00f1o 2035, proyectando c\u00f3mo deber\u00edan evolucionar las pol\u00edticas y el movimiento asociativo en la pr\u00f3xima d\u00e9cada.<\/p>\n<p>A trav\u00e9s de esta iniciativa, han mostrado cu\u00e1les son las reivindicaciones actuales de las personas con discapacidad intelectual o del desarrollo, qu\u00e9 avances esperan y qu\u00e9 medidas consideran esenciales para alcanzar un escenario ideal de derechos y oportunidades.<\/p>\n<p>Los diputados han recordado que disfrutar de la vida en igualdad de condiciones requiere cambios urgentes: \u201cyo necesito una persona de apoyo para poder disfrutar del ocio\u201d, ha se\u00f1alado una diputada, al tiempo que otros han reclamado un transporte realmente accesible porque \u201cahora mismo el transporte es un l\u00edo con demasiadas tarjetas\u201d. Tambi\u00e9n han reivindicado su derecho a decidir sobre su propio proyecto vital \u2014\u201cyo tambi\u00e9n quiero elegir d\u00f3nde y con qui\u00e9n vivo\u201d\u2014 y a acceder a un empleo digno \u2014\u201cquiero trabajar y tener un sueldo como cualquier otra persona\u201d. Y han alertado sobre el impacto del lenguaje, porque \u201cla palabra \u2018minusv\u00e1lido\u2019 nos hace da\u00f1o y no nos representa\u201d, proponiendo que el Estatuto de Autonom\u00eda use la expresi\u00f3n \u201cpersonas con discapacidad\u201d.<\/p>\n<p><strong>Mayor incidencia y contacto directo con los grupos parlamentarios<\/strong><\/p>\n<p>Este a\u00f1o, \u2018Diputados por un D\u00eda\u2019 ha incorporado una novedad muy importante: en las semanas previas al pleno, los autogestores se han reunido con los distintos grupos parlamentarios (Grupo Popular, Grupo Socialista y Grupo M\u00e1s Madrid) para trasladar de primera mano las cuestiones que se iban a abordar en el pleno. Estos encuentros han facilitado un di\u00e1logo real con los responsables pol\u00edticos, lo que refuerza la incidencia de los autogestores y el impacto de la iniciativa.<\/p>\n","protected":false},"excerpt":{"rendered":"Los diputados y diputadas por un d\u00eda han simulado un pleno celebrado en el a\u00f1o 2035 para mostrar&hellip;\n","protected":false},"author":2,"featured_media":268935,"comment_status":"","ping_status":"","sticky":false,"template":"","format":"standard","meta":{"footnotes":""},"categories":[5],"tags":[17,18,25,24,13,14,11,19,20,9,10,15,16,23,12,21,22],"class_list":{"0":"post-268934","1":"post","2":"type-post","3":"status-publish","4":"format-standard","5":"has-post-thumbnail","7":"category-titulares","8":"tag-breaking-news","9":"tag-breakingnews","10":"tag-es","11":"tag-espana","12":"tag-featured-news","13":"tag-featurednews","14":"tag-headlines","15":"tag-latest-news","16":"tag-latestnews","17":"tag-news","18":"tag-noticias","19":"tag-noticias-destacadas","20":"tag-noticiasdestacadas","21":"tag-spain","22":"tag-titulares","23":"tag-ultimas-noticias","24":"tag-ultimasnoticias"},"share_on_mastodon":{"url":"https:\/\/pubeurope.com\/@es\/115655505468232927","error":""},"_links":{"self":[{"href":"https:\/\/www.europesays.com\/es\/wp-json\/wp\/v2\/posts\/268934","targetHints":{"allow":["GET"]}}],"collection":[{"href":"https:\/\/www.europesays.com\/es\/wp-json\/wp\/v2\/posts"}],"about":[{"href":"https:\/\/www.europesays.com\/es\/wp-json\/wp\/v2\/types\/post"}],"author":[{"embeddable":true,"href":"https:\/\/www.europesays.com\/es\/wp-json\/wp\/v2\/users\/2"}],"replies":[{"embeddable":true,"href":"https:\/\/www.europesays.com\/es\/wp-json\/wp\/v2\/comments?post=268934"}],"version-history":[{"count":0,"href":"https:\/\/www.europesays.com\/es\/wp-json\/wp\/v2\/posts\/268934\/revisions"}],"wp:featuredmedia":[{"embeddable":true,"href":"https:\/\/www.europesays.com\/es\/wp-json\/wp\/v2\/media\/268935"}],"wp:attachment":[{"href":"https:\/\/www.europesays.com\/es\/wp-json\/wp\/v2\/media?parent=268934"}],"wp:term":[{"taxonomy":"category","embeddable":true,"href":"https:\/\/www.europesays.com\/es\/wp-json\/wp\/v2\/categories?post=268934"},{"taxonomy":"post_tag","embeddable":true,"href":"https:\/\/www.europesays.com\/es\/wp-json\/wp\/v2\/tags?post=268934"}],"curies":[{"name":"wp","href":"https:\/\/api.w.org\/{rel}","templated":true}]}}