{"id":268936,"date":"2025-12-03T11:59:15","date_gmt":"2025-12-03T11:59:15","guid":{"rendered":"https:\/\/www.europesays.com\/es\/268936\/"},"modified":"2025-12-03T11:59:15","modified_gmt":"2025-12-03T11:59:15","slug":"la-primera-next-gen-con-dos-espanoles-participantes-somos-muy-buenos-amigos","status":"publish","type":"post","link":"https:\/\/www.europesays.com\/es\/268936\/","title":{"rendered":"La primera Next Gen con dos espa\u00f1oles participantes: \u201cSomos muy buenos amigos\u201d"},"content":{"rendered":"<p data-mrf-recirculation=\"Links P\u00e1rrafos\" class=\"ue-c-article__paragraph paragraph ue-c-article--first-letter-highlighted\">La nueva generaci\u00f3n del tenis espa\u00f1ol aterriza con fuerza en el escaparate internacional y, por primera vez desde la creaci\u00f3n de las<strong> Next Gen ATP Finals en 2017<\/strong>, el torneo reunir\u00e1 a dos espa\u00f1oles entre los ocho mejores jugadores <strong>sub-20 del mundo. Del 17 al 21 de diciembre, la ciudad de Yeda (Arabia Saud\u00ed) <\/strong>ser\u00e1 el escenario de una edici\u00f3n hist\u00f3rica para la Armada, con Mart\u00edn Landaluce y Rafa J\u00f3dar como representantes de un relevo generacional que empieza a hacerse visible y que llega con una relaci\u00f3n personal tan estrecha como prometedora para el futuro del tenis nacional.<\/p>\n<p data-mrf-recirculation=\"Links P\u00e1rrafos\" class=\"ue-c-article__paragraph paragraph\">La ATP confirm\u00f3 oficialmente la lista, disipando las dudas respecto a una posible pugna final por la \u00faltima plaza. J\u00f3dar, 19 a\u00f1os y n\u00famero 167 del ranking, no necesitaba esperar al resultado del boliviano Juan Carlos Prado en el Challenger de Temuco: la clasificaci\u00f3n ya estaba cerrada. <strong>As\u00ed, el madrile\u00f1o acompa\u00f1ar\u00e1 a Landaluce (19 a\u00f1os y 135 del mundo) en una n\u00f3mina que completan Jakub Mensik, Learner Tien, Alexander Blockx, Dino Prizmic, Nicolai Budkov Kjaer y Nishesh Basavareddy.<\/strong><\/p>\n<p><img decoding=\"async\" width=\"1980\" height=\"1320\" class=\"ue-c-article__image lazyload\" alt=\"J\u00f3dar pega de derecha.\" loading=\"lazy\" src=\"https:\/\/www.europesays.com\/es\/wp-content\/uploads\/2025\/12\/68f8c8ad07caa.jpeg\"\/><\/p>\n<p>J\u00f3dar pega de derecha.<\/p>\n<p>Una irrupci\u00f3n mete\u00f3rica<\/p>\n<p data-mrf-recirculation=\"Links P\u00e1rrafos\" class=\"ue-c-article__paragraph paragraph\">La presencia de J\u00f3dar es una recompensa a una segunda mitad de temporada fulgurante. <strong>Entre agosto y noviembre conquist\u00f3 tres t\u00edtulos Challenger (Hersonissos 3, Lincoln y Charlottesville), un logro que en el tenis espa\u00f1ol<\/strong> solo hab\u00edan alcanzado siendo adolescentes Rafa Nadal y Nicol\u00e1s Almagro. Su salto de nivel ha sido tan inesperado como s\u00f3lido.<\/p>\n<p data-mrf-recirculation=\"Links P\u00e1rrafos\" class=\"ue-c-article__paragraph paragraph\"><strong>\u201cVa a ser un torneo muy bueno con los mejores ocho jugadores sub-20.<\/strong> Es una oportunidad para medir mi nivel y tambi\u00e9n una recompensa por los buenos meses que he tenido. Tengo ganas de ir a Yeda y hacerlo lo mejor posible\u201d, explica J\u00f3dar sobre su primera participaci\u00f3n en las Next Gen.<\/p>\n<p data-mrf-recirculation=\"Links P\u00e1rrafos\" class=\"ue-c-article__paragraph paragraph\">\u00c9l mismo reconoce que sus resultados han superado sus propias expectativas: <strong>\u201cNo esperaba rendir a este nivel. Ten\u00eda planeado jugar dos o tres torneos, pero todo se dio muy bien.<\/strong> Me adapt\u00e9 r\u00e1pido a las condiciones y pude ganar en dos de ellos. Todo ha ido rodado\u201d.<\/p>\n<p data-mrf-recirculation=\"Links P\u00e1rrafos\" class=\"ue-c-article__paragraph paragraph\">Uno de los aspectos m\u00e1s llamativos de su temporada es c\u00f3mo ha logrado equilibrar estudios y competici\u00f3n, algo especialmente complejo en un calendario tan exigente: <strong>\u201cLo compagino de la mejor manera posible. En Virginia est\u00e1n muy acostumbrados a trabajar con jugadores que quieren llegar al profesionalismo y, al mismo tiempo, terminar sus estudios.<\/strong> Me aconsejaron muy bien sobre qu\u00e9 torneos jugar y cu\u00e1les no. Estoy muy agradecido\u201d.<\/p>\n<p>Landaluce, un talento ya consolidado<\/p>\n<p data-mrf-recirculation=\"Links P\u00e1rrafos\" class=\"ue-c-article__paragraph paragraph\">Si J\u00f3dar representa la explosi\u00f3n tard\u00eda, <strong>Mart\u00edn Landaluce es la confirmaci\u00f3n pausada de un talento que lleva a\u00f1os bajo el radar.<\/strong> Campe\u00f3n j\u00fanior del<strong> US Open 2022<\/strong>, el madrile\u00f1o ha dado pasos firmes en su transici\u00f3n al profesionalismo,<strong> asent\u00e1ndose en el top-150 y mostrando una evoluci\u00f3n m\u00e1s t\u00e1ctica, menos electrizante quiz\u00e1, pero m\u00e1s madura. Para \u00e9l, disputar las Next Gen<\/strong> supone un premio m\u00e1s en un a\u00f1o de transici\u00f3n s\u00f3lida. Pese a sus diferencias de estilo, ambos comparten ra\u00edces, formaci\u00f3n y v\u00ednculo personal.<\/p>\n<p><img decoding=\"async\" width=\"1980\" height=\"1320\" class=\"ue-c-article__image lazyload\" alt=\"Mart\u00edn Landaluce\" loading=\"lazy\" src=\"https:\/\/www.europesays.com\/es\/wp-content\/uploads\/2025\/12\/6929be4046b4a.jpeg\"\/><\/p>\n<p>Mart\u00edn Landaluce<\/p>\n<p data-mrf-recirculation=\"Links P\u00e1rrafos\" class=\"ue-c-article__paragraph paragraph\">Los dos crecieron en <strong>Madrid<\/strong>, entrenaron durante a\u00f1os en el <strong>Club Tenis Chamart\u00edn<\/strong> y coincidieron en m\u00faltiples torneos juveniles. Todo ello ha forjado una amistad que ahora traspasa fronteras y llega al gran escaparate sub-20 del circuito.<\/p>\n<p data-mrf-recirculation=\"Links P\u00e1rrafos\" class=\"ue-c-article__paragraph paragraph\">La frase, pronunciada por J\u00f3dar, resume algo m\u00e1s profundo que una simple camarader\u00eda ocasional entre jugadores del mismo pa\u00eds: <strong>\u201cSomos muy buenos amigos desde peque\u00f1os y hemos jugado muchos torneos juntos.<\/strong> Es una alegr\u00eda que dos jugadores del Tenis Chamart\u00edn se hayan clasificado. Es una se\u00f1al de que las cosas se est\u00e1n haciendo bien\u201d.<\/p>\n","protected":false},"excerpt":{"rendered":"La nueva generaci\u00f3n del tenis espa\u00f1ol aterriza con fuerza en el escaparate internacional y, por primera vez desde&hellip;\n","protected":false},"author":2,"featured_media":268937,"comment_status":"","ping_status":"","sticky":false,"template":"","format":"standard","meta":{"footnotes":""},"categories":[274],"tags":[168,25,24,23,167,327,326],"class_list":{"0":"post-268936","1":"post","2":"type-post","3":"status-publish","4":"format-standard","5":"has-post-thumbnail","7":"category-tenis","8":"tag-deportes","9":"tag-es","10":"tag-espana","11":"tag-spain","12":"tag-sports","13":"tag-tenis","14":"tag-tennis"},"share_on_mastodon":{"url":"https:\/\/pubeurope.com\/@es\/115655525718774832","error":""},"_links":{"self":[{"href":"https:\/\/www.europesays.com\/es\/wp-json\/wp\/v2\/posts\/268936","targetHints":{"allow":["GET"]}}],"collection":[{"href":"https:\/\/www.europesays.com\/es\/wp-json\/wp\/v2\/posts"}],"about":[{"href":"https:\/\/www.europesays.com\/es\/wp-json\/wp\/v2\/types\/post"}],"author":[{"embeddable":true,"href":"https:\/\/www.europesays.com\/es\/wp-json\/wp\/v2\/users\/2"}],"replies":[{"embeddable":true,"href":"https:\/\/www.europesays.com\/es\/wp-json\/wp\/v2\/comments?post=268936"}],"version-history":[{"count":0,"href":"https:\/\/www.europesays.com\/es\/wp-json\/wp\/v2\/posts\/268936\/revisions"}],"wp:featuredmedia":[{"embeddable":true,"href":"https:\/\/www.europesays.com\/es\/wp-json\/wp\/v2\/media\/268937"}],"wp:attachment":[{"href":"https:\/\/www.europesays.com\/es\/wp-json\/wp\/v2\/media?parent=268936"}],"wp:term":[{"taxonomy":"category","embeddable":true,"href":"https:\/\/www.europesays.com\/es\/wp-json\/wp\/v2\/categories?post=268936"},{"taxonomy":"post_tag","embeddable":true,"href":"https:\/\/www.europesays.com\/es\/wp-json\/wp\/v2\/tags?post=268936"}],"curies":[{"name":"wp","href":"https:\/\/api.w.org\/{rel}","templated":true}]}}