{"id":268946,"date":"2025-12-03T12:07:13","date_gmt":"2025-12-03T12:07:13","guid":{"rendered":"https:\/\/www.europesays.com\/es\/268946\/"},"modified":"2025-12-03T12:07:13","modified_gmt":"2025-12-03T12:07:13","slug":"guerra-entre-los-creadores-de-la-que-se-avecina-y-atresmedia-por-aqui-no-hay-quien-viva","status":"publish","type":"post","link":"https:\/\/www.europesays.com\/es\/268946\/","title":{"rendered":"\u00bfGuerra entre los creadores de &#8216;La que se avecina&#8217; y Atresmedia por &#8216;Aqu\u00ed no hay quien viva&#8217;?"},"content":{"rendered":"<p><img fetchpriority=\"high\" class=\"v-a-img\" src=\"https:\/\/www.europesays.com\/es\/wp-content\/uploads\/2025\/12\/la-que-se-avecina-atresmedia-aqui-no-hay-quien-viva-kiZF-U2404354093590pD-1200x840@El Correo.JPG\" loading=\"eager\" decoding=\"async\" alt=\"\u00bfGuerra entre los creadores de 'La que se avecina' y Atresmedia por 'Aqu\u00ed no hay quien viva'?\"  width=\"1200\" height=\"840\"\/><\/p>\n<p>La Justicia ordena al grupo audiovisual entregar un informe de la explotaci\u00f3n de la serie a sus creadores, que estudiar\u00e1n presentar una demanda<\/p>\n<p class=\"v-mdl-ath__p v-mdl-ath__p--6\">\nMi\u00e9rcoles, 3 de diciembre 2025, 10:26<\/p>\n<p class=\"v-p\">Los creadores de &#8216;Aqu\u00ed no hay quien viva&#8217; -Alberto Caballero, I\u00f1aki Ariztimu\u00f1o y Laura Caballero- presentaron en el Juzgado de lo Mercantil n\u00famero 18 de Madrid una solicitud donde exig\u00edan a Atresmedia, empresa poseedora de los derechos de la serie, un informe sobre la explotaci\u00f3n de la misma. La magistrada les ha dado la raz\u00f3n y el grupo audiovisual deber\u00e1 comunicarles ahora los ingresos obtenidos en los \u00faltimos cuatro a\u00f1os, donde la serie tambi\u00e9n se ha emitido en Netflix, Atresplayer, Amazon Prime Video o Movistar Plus+.<\/p>\n<p class=\"v-p\">Es en este punto donde los hermanos Caballeros -creadores despu\u00e9s de &#8216;La que se avecina&#8217;- y Ariztimu\u00f1o consideran que Atresmedia ha explotado la serie de forma \u00abindebida, no consentida y excesiva\u00bb, seg\u00fan avanza &#8216;dirmconfidencial&#8217; y confirman otros medios del \u00e1mbito televisivo, puesto que su emisi\u00f3n en abierto se limitaba a Antena 3.<\/p>\n<p class=\"v-p\">En la solicitud se pidi\u00f3 un informe detallado de la explotaci\u00f3n de &#8216;Aqu\u00ed no hay quien viva&#8217; desde 2003 aunque la magistrada lo limita a 2021, a\u00f1o en el que entr\u00f3 en vigor el art\u00edculo 75 del Real Decreto-Ley 24\/2021 que permite a los creadores de distintas obras solicitar informaci\u00f3n sobre la explotaci\u00f3n de los derechos. Tambi\u00e9n se solicita la identificaci\u00f3n de autorizados para explotar la serie.<\/p>\n<p class=\"v-p\">Atremedia aleg\u00f3 en el procedimiento que \u00abes el titular de los derechos de explotaci\u00f3n\u00bb de &#8216;Aqu\u00ed no hay quien viva&#8217; y que la cesi\u00f3n realizada por la productora Miram\u00f3n Mendi -extinta en 2009- fue \u00abtotal\u00bb. Para el grupo audiovisual de San Sebasti\u00e1n de los Reyes, la petici\u00f3n de los creadores de la serie es \u00abexcesiva y desproporcionada\u00bb y llega con \u00abmala fe\u00bb. Otro de los argumentos utilizados por Atresmedia fue que el art\u00edculo mencionado anteriormente es \u00abinaplicable\u00bb para ellos puesto que deber\u00eda destinarse a Miram\u00f3n Mendi, \u00abque fue absorbida por Cecaguma S.L.\u00bb. Es decir, Atresmedia considera que debe ser esta \u00faltima productora la que responda en caso de demanda de los creadores de la serie.<\/p>\n<p class=\"v-p\">El auto, al que ha tenido acceso &#8216;vertele&#8217;, apunta a que Atresmedia \u00abno ha atendido a los requerimientos de transparencia\u00bb pero se\u00f1ala que \u00abno se ha acreditado que incurriera en un exceso de los derechos que le fueron concedidos\u00bb. La decisi\u00f3n de obligar a Atresmedia a informar sobre la explotaci\u00f3n de la serie permite a los afectados reclamar una \u00abremuneraci\u00f3n adecuada y proporcionada\u00bb.<\/p>\n<p>Reporta un error<\/p>\n","protected":false},"excerpt":{"rendered":"La Justicia ordena al grupo audiovisual entregar un informe de la explotaci\u00f3n de la serie a sus creadores,&hellip;\n","protected":false},"author":2,"featured_media":268947,"comment_status":"","ping_status":"","sticky":false,"template":"","format":"standard","meta":{"footnotes":""},"categories":[171],"tags":[151,7746,10750,146,147,25,24,69,23,214,10748],"class_list":{"0":"post-268946","1":"post","2":"type-post","3":"status-publish","4":"format-standard","5":"has-post-thumbnail","7":"category-tv","8":"tag-atresmedia","9":"tag-avecina","10":"tag-creadores","11":"tag-entertainment","12":"tag-entretenimiento","13":"tag-es","14":"tag-espana","15":"tag-guerra","16":"tag-spain","17":"tag-tv","18":"tag-viva"},"share_on_mastodon":{"url":"https:\/\/pubeurope.com\/@es\/115655557096392724","error":""},"_links":{"self":[{"href":"https:\/\/www.europesays.com\/es\/wp-json\/wp\/v2\/posts\/268946","targetHints":{"allow":["GET"]}}],"collection":[{"href":"https:\/\/www.europesays.com\/es\/wp-json\/wp\/v2\/posts"}],"about":[{"href":"https:\/\/www.europesays.com\/es\/wp-json\/wp\/v2\/types\/post"}],"author":[{"embeddable":true,"href":"https:\/\/www.europesays.com\/es\/wp-json\/wp\/v2\/users\/2"}],"replies":[{"embeddable":true,"href":"https:\/\/www.europesays.com\/es\/wp-json\/wp\/v2\/comments?post=268946"}],"version-history":[{"count":0,"href":"https:\/\/www.europesays.com\/es\/wp-json\/wp\/v2\/posts\/268946\/revisions"}],"wp:featuredmedia":[{"embeddable":true,"href":"https:\/\/www.europesays.com\/es\/wp-json\/wp\/v2\/media\/268947"}],"wp:attachment":[{"href":"https:\/\/www.europesays.com\/es\/wp-json\/wp\/v2\/media?parent=268946"}],"wp:term":[{"taxonomy":"category","embeddable":true,"href":"https:\/\/www.europesays.com\/es\/wp-json\/wp\/v2\/categories?post=268946"},{"taxonomy":"post_tag","embeddable":true,"href":"https:\/\/www.europesays.com\/es\/wp-json\/wp\/v2\/tags?post=268946"}],"curies":[{"name":"wp","href":"https:\/\/api.w.org\/{rel}","templated":true}]}}