{"id":268950,"date":"2025-12-03T12:10:13","date_gmt":"2025-12-03T12:10:13","guid":{"rendered":"https:\/\/www.europesays.com\/es\/268950\/"},"modified":"2025-12-03T12:10:13","modified_gmt":"2025-12-03T12:10:13","slug":"dani-olmo-con-una-luxacion-en-el-hombro-izquierdo","status":"publish","type":"post","link":"https:\/\/www.europesays.com\/es\/268950\/","title":{"rendered":"Dani Olmo, con una luxaci\u00f3n en el hombro izquierdo"},"content":{"rendered":"<p>El jugador del primer equipo<strong> Dani Olmo<\/strong> sufri\u00f3 una luxaci\u00f3n en el hombro izquierdo en el partido contra el Atl\u00e9tico de Madrid. Tras las pruebas realizadas, se ha optado por un tratamiento conservador y el tiempo aproximado de recuperaci\u00f3n es de un mes.<\/p>\n<p>El jugador del Bar\u00e7a fue titular en el encuentro de este martes contra el Atl\u00e9tico. Olmo, que marc\u00f3 el 2-1 en el minuto 65, <strong>se lesion\u00f3 precisamente en el gol<\/strong>, cuando cay\u00f3 mal.<\/p>\n<p>Hasta ahora, el de Terrassa <strong>acumula 17 partidos<\/strong>, 13 en la Liga y 4 en la Champions. Adem\u00e1s, <strong>ha repartido dos asistencias y marcado cuatro goles<\/strong>. De estos cuatro, los tres \u00faltimos han sido en las dos \u00faltimas jornadas de Liga: hizo un doblete en la remontada contra el Alav\u00e9s (3-1) y anot\u00f3 el 2-1 en el triunfo por 3-1 frente al Atl\u00e9tico de Madrid.<\/p>\n","protected":false},"excerpt":{"rendered":"El jugador del primer equipo Dani Olmo sufri\u00f3 una luxaci\u00f3n en el hombro izquierdo en el partido contra&hellip;\n","protected":false},"author":2,"featured_media":268951,"comment_status":"","ping_status":"","sticky":false,"template":"","format":"standard","meta":{"footnotes":""},"categories":[93],"tags":[168,25,24,23,167,2288],"class_list":{"0":"post-268950","1":"post","2":"type-post","3":"status-publish","4":"format-standard","5":"has-post-thumbnail","7":"category-deportes","8":"tag-deportes","9":"tag-es","10":"tag-espana","11":"tag-spain","12":"tag-sports","13":"tag-text"},"share_on_mastodon":{"url":"https:\/\/pubeurope.com\/@es\/115655568531575993","error":""},"_links":{"self":[{"href":"https:\/\/www.europesays.com\/es\/wp-json\/wp\/v2\/posts\/268950","targetHints":{"allow":["GET"]}}],"collection":[{"href":"https:\/\/www.europesays.com\/es\/wp-json\/wp\/v2\/posts"}],"about":[{"href":"https:\/\/www.europesays.com\/es\/wp-json\/wp\/v2\/types\/post"}],"author":[{"embeddable":true,"href":"https:\/\/www.europesays.com\/es\/wp-json\/wp\/v2\/users\/2"}],"replies":[{"embeddable":true,"href":"https:\/\/www.europesays.com\/es\/wp-json\/wp\/v2\/comments?post=268950"}],"version-history":[{"count":0,"href":"https:\/\/www.europesays.com\/es\/wp-json\/wp\/v2\/posts\/268950\/revisions"}],"wp:featuredmedia":[{"embeddable":true,"href":"https:\/\/www.europesays.com\/es\/wp-json\/wp\/v2\/media\/268951"}],"wp:attachment":[{"href":"https:\/\/www.europesays.com\/es\/wp-json\/wp\/v2\/media?parent=268950"}],"wp:term":[{"taxonomy":"category","embeddable":true,"href":"https:\/\/www.europesays.com\/es\/wp-json\/wp\/v2\/categories?post=268950"},{"taxonomy":"post_tag","embeddable":true,"href":"https:\/\/www.europesays.com\/es\/wp-json\/wp\/v2\/tags?post=268950"}],"curies":[{"name":"wp","href":"https:\/\/api.w.org\/{rel}","templated":true}]}}