{"id":268954,"date":"2025-12-03T12:12:13","date_gmt":"2025-12-03T12:12:13","guid":{"rendered":"https:\/\/www.europesays.com\/es\/268954\/"},"modified":"2025-12-03T12:12:13","modified_gmt":"2025-12-03T12:12:13","slug":"carolina-yuste-desvela-su-talento-oculto-en-el-programa-de-marc-giro","status":"publish","type":"post","link":"https:\/\/www.europesays.com\/es\/268954\/","title":{"rendered":"Carolina Yuste desvela su talento &#8216;oculto&#8217; en el programa de Marc Gir\u00f3"},"content":{"rendered":"<p class=\"v-mdl-ath__p v-mdl-ath__p--6\">\nMi\u00e9rcoles, 3 de diciembre 2025, 12:26<\/p>\n<p class=\"v-p\">La reciente aparici\u00f3n de la <strong>actriz extreme\u00f1a Carolina Yuste <\/strong>en el programa <strong>&#8216;Late Xou&#8217; de Marc Gir\u00f3 <\/strong>ha sido una entrevista llena de buen rollo y risas. Entre divertidas an\u00e9cdotas, tambi\u00e9n aprovecharon para dar un <strong>repaso de sus \u00faltimas obras <\/strong>y los espectadores pudieron descubrir <strong>uno de los talentos m\u00e1s ocultos <\/strong>de Carolina.<\/p>\n<p class=\"v-p\">La <a href=\"https:\/\/www.hoy.es\/extremadura\/presencia-extremena-premios-forque-2025-carolina-yuste-20251106141016-nt.html\" data-voc-vtm-id=\"in-text-traffic\" title=\"tan reconocida actriz\" data-mrf-link=\"www.hoy.es\" rel=\"nofollow noopener\" target=\"_blank\">tan reconocida actriz<\/a> entr\u00f3 a plat\u00f3 presentando su primera novela &#8216;Toda mi violencia es tuya&#8217;, que present\u00f3 el <a href=\"https:\/\/www.hoy.es\/badajoz\/carolina-yuste-daba-rabia-realidad-badajoz-representada-20251017073423-nt.html\" data-voc-vtm-id=\"in-text-traffic\" title=\"pasado mes de octubre en su ciudad, Badajoz\" data-mrf-link=\"www.hoy.es\" rel=\"nofollow noopener\" target=\"_blank\">pasado mes de octubre en su ciudad, Badajoz<\/a>. En este debut literario, Carolina presenta al lector la vida de La Jara, una adolescente pacense de los a\u00f1os 2000 que experimenta en su historia <strong>todas las realidades que conoci\u00f3 la autora <\/strong>en esos tiempos de su juventud.<\/p>\n<p>&#8216;Filosof\u00eda choni&#8217;<\/p>\n<p class=\"v-p\">Pero en el libro sobre todo reivindica la &#8216;filosof\u00eda choni&#8217;. <strong>\u00abEsa filosof\u00eda que sale de los botellones, las ferias y los carnavales\u00bb<\/strong>, remarcaba la artista. Porque ese es el punto de vista de su generaci\u00f3n y del que se quejaba que nunca hab\u00eda visto representaci\u00f3n alguna, hasta ahora en su novela.<\/p>\n<p><a href=\"http:\/\/www.hoy.es\/extremadura\/pacense-carolina-yuste-entra-exclusiva-lista-forbes-20251023083010-nt.html#vtm_modulosEngag=mod-rel:extremadura:noticia:1:cmp:1-not\" class=\"v-a-link\" aria-label=\"Imagen\" rel=\"nofollow noopener\" target=\"_blank\"><\/p>\n<p><img decoding=\"async\" loading=\"lazy\" src=\"https:\/\/www.europesays.com\/es\/wp-content\/uploads\/2025\/12\/portada-forbes-k5fC--366x256@Hoy.jpg\" class=\"v-a-img\" width=\"258\" height=\"180\" alt=\"\" data-voc-vtm-id=\"in-text-traffic\"\/><\/p>\n<p><\/a><\/p>\n<p>Habilidad y destreza con el &#8216;pole dance&#8217;<\/p>\n<p class=\"v-p\">Y lleg\u00f3 el momento en el que Marc Gir\u00f3 hizo un repaso entre los hobbies m\u00e1s curiosos de Carolina. Entre ir al roc\u00f3dromo o hacer surf, le sigue el &#8216;pole dance&#8217;. <strong>\u00abSiempre quise ser gog\u00f3 en Ibiza\u00bb<\/strong>, confes\u00f3 la actriz, quien lleva el baile consigo desde bien peque\u00f1a.<\/p>\n<p class=\"v-p\">As\u00ed fue como la presentaci\u00f3n de su libro termin\u00f3 con un <strong>baile en una barra de &#8216;pole dance&#8217;<\/strong>. A ritmo de Beyonc\u00e9, Carolina hizo algunas demostraciones de este talento algo oculto que \u00abhac\u00eda tiempo que ya no lo practicaba\u00bb, admiti\u00f3. Pero es una actividad que ha conseguido enamorarla y, aunque &#8216;el pole&#8217; es <strong>una de las cosas \u00abm\u00e1s dolorosas\u00bb<\/strong> que ha experimentado en su vida, eso no ha impedido que se haya enamorado de hacer acrobacias sujeta a la barra.<\/p>\n<p><img decoding=\"async\" loading=\"lazy\" src=\"https:\/\/www.europesays.com\/es\/wp-content\/uploads\/2025\/12\/carolina-pole-dance.jpg\" class=\"v-a-img\" width=\"650\" height=\"455\" alt=\"Carolina Yuste demostrando sus habilidades con el 'pole dance' en el programa de Marc Gir\u00f3\" data-voc-vtm-id=\"in-text-traffic\"\/><\/p>\n<p>Carolina Yuste demostrando sus habilidades con el &#8216;pole dance&#8217; en el programa de Marc Gir\u00f3<\/p>\n<p>RTVE Play<\/p>\n<p><img loading=\"lazy\" decoding=\"async\" src=\"https:\/\/www.europesays.com\/es\/wp-content\/uploads\/2025\/12\/carolina-pole-dance.jpg\" class=\"v-mdl__img-z\" width=\"1920\" height=\"1344\" alt=\"\"\/><\/p>\n<p>M\u00e1s proyectos: ahora directora<\/p>\n<p class=\"v-p\">Adem\u00e1s de sus primeros pasos como escritora, Marc Gir\u00f3 tambi\u00e9n aprovech\u00f3 para comentar las <strong>primeras experiencias como directora <\/strong>de la actriz pacense. Una Carolina muy orgullosa habl\u00f3 de la pel\u00edcula documental <strong>&#8216;Este cuerpo m\u00edo&#8217;<\/strong> que dirige <strong>junto a Afioco Gnecco<\/strong>. En ella, tratan el periodo de transici\u00f3n de Gnecco e invitan al espectador a una profunda reflexi\u00f3n sobre el g\u00e9nero y la <strong>masculinidad trans<\/strong>, \u00abuna parte que est\u00e1 m\u00e1s invisibilizada todav\u00eda\u00bb, recalc\u00f3 Yuste.<\/p>\n<p>Reporta un error<\/p>\n","protected":false},"excerpt":{"rendered":"Mi\u00e9rcoles, 3 de diciembre 2025, 12:26 La reciente aparici\u00f3n de la actriz extreme\u00f1a Carolina Yuste en el programa&hellip;\n","protected":false},"author":2,"featured_media":268955,"comment_status":"","ping_status":"","sticky":false,"template":"","format":"standard","meta":{"footnotes":""},"categories":[91],"tags":[6456,14234,4083,8365,146,147,25,24,7957,36593,6489,1645,4125,36375,753,2145,23,16578,42544],"class_list":{"0":"post-268954","1":"post","2":"type-post","3":"status-publish","4":"format-standard","5":"has-post-thumbnail","7":"category-entretenimiento","8":"tag-actriz","9":"tag-carolina","10":"tag-desvela","11":"tag-directora","12":"tag-entertainment","13":"tag-entretenimiento","14":"tag-es","15":"tag-espana","16":"tag-giro","17":"tag-late-xou","18":"tag-marc","19":"tag-novela","20":"tag-obra","21":"tag-oculto","22":"tag-peliculas","23":"tag-programa","24":"tag-spain","25":"tag-talento","26":"tag-yuste"},"share_on_mastodon":{"url":"https:\/\/pubeurope.com\/@es\/115655577184633473","error":""},"_links":{"self":[{"href":"https:\/\/www.europesays.com\/es\/wp-json\/wp\/v2\/posts\/268954","targetHints":{"allow":["GET"]}}],"collection":[{"href":"https:\/\/www.europesays.com\/es\/wp-json\/wp\/v2\/posts"}],"about":[{"href":"https:\/\/www.europesays.com\/es\/wp-json\/wp\/v2\/types\/post"}],"author":[{"embeddable":true,"href":"https:\/\/www.europesays.com\/es\/wp-json\/wp\/v2\/users\/2"}],"replies":[{"embeddable":true,"href":"https:\/\/www.europesays.com\/es\/wp-json\/wp\/v2\/comments?post=268954"}],"version-history":[{"count":0,"href":"https:\/\/www.europesays.com\/es\/wp-json\/wp\/v2\/posts\/268954\/revisions"}],"wp:featuredmedia":[{"embeddable":true,"href":"https:\/\/www.europesays.com\/es\/wp-json\/wp\/v2\/media\/268955"}],"wp:attachment":[{"href":"https:\/\/www.europesays.com\/es\/wp-json\/wp\/v2\/media?parent=268954"}],"wp:term":[{"taxonomy":"category","embeddable":true,"href":"https:\/\/www.europesays.com\/es\/wp-json\/wp\/v2\/categories?post=268954"},{"taxonomy":"post_tag","embeddable":true,"href":"https:\/\/www.europesays.com\/es\/wp-json\/wp\/v2\/tags?post=268954"}],"curies":[{"name":"wp","href":"https:\/\/api.w.org\/{rel}","templated":true}]}}