{"id":268983,"date":"2025-12-03T12:36:08","date_gmt":"2025-12-03T12:36:08","guid":{"rendered":"https:\/\/www.europesays.com\/es\/268983\/"},"modified":"2025-12-03T12:36:08","modified_gmt":"2025-12-03T12:36:08","slug":"los-coreografos-eva-escudier-y-fernando-hurtado-inauguran-el-ciclo-mirador-escena","status":"publish","type":"post","link":"https:\/\/www.europesays.com\/es\/268983\/","title":{"rendered":"Los core\u00f3grafos Eva Escudier y Fernando Hurtado inauguran el ciclo &#8216;Mirador escena&#8217;"},"content":{"rendered":"<p style=\"\">Las actuaciones de los bailarines y core\u00f3grafos <strong>Eva Escudier, Fernando Hurtado y S\u00d6A C\u00eda<\/strong> inauguraron este martes la primera edici\u00f3n de &#8216;Mirador a escena&#8217; (Muestra Profesional de las Artes Esc\u00e9nicas), tres d\u00edas para conocer la creaci\u00f3n contempor\u00e1nea andaluza y fomentar el di\u00e1logo entre responsables  &#8230; de programaci\u00f3n, distribuidoras, compa\u00f1\u00edas y p\u00fablico.<\/p>\n<p class=\"voc-p\" style=\"\">&#8216;Mirador Sur a Escena&#8217; aspira a consolidarse como un espacio de referencia donde la distribuci\u00f3n esc\u00e9nica act\u00fae como puente entre la creaci\u00f3n y la programaci\u00f3n, y est\u00e1 organizado por la Asociaci\u00f3n de Distribuci\u00f3n Esc\u00e9nica Andaluza (ADEA), el Ayuntamiento de La Rinconada en colaboraci\u00f3n de la Diputaci\u00f3n de Sevilla.<\/p>\n<p class=\"voc-p\" style=\"\">Para una de las organizadoras de este ciclo, <strong> Elena Carrascal<\/strong>, \u00abla sostenibilidad de una compa\u00f1\u00eda no depende de cu\u00e1nto produce, sino de cu\u00e1nto gira. Mirador Sur a Escena busca precisamente eso: tender puentes para que los espect\u00e1culos viajen, crezcan y encuentren nuevos p\u00fablicos\u00bb.<\/p>\n<p class=\"voc-p\" style=\"\">La inauguraci\u00f3n corri\u00f3 a cargo de la bailarina y core\u00f3grafa <strong>Eva Escudier<\/strong> que realiz\u00f3 el estreno absoluto de &#8216;Sentadita me qued\u00e9&#8217;, una pieza \u00edntima y po\u00e9tica de danza a\u00e9rea y circo. Por la tarde fue el turno de <strong>S\u00d6A C\u00eda,<\/strong>que mostr\u00f3 su trabajo &#8216;Con la cabeza en las nubes&#8217;. La compa\u00f1\u00eda gallega, formada por artistas de circo contempor\u00e1neo y danza a\u00e9rea, ofreci\u00f3 un espect\u00e1culo po\u00e9tico y visual. Y finalmente, en el Centro Cultural de la Villa actu\u00f3 la compa\u00f1\u00eda del core\u00f3grafo y bailar\u00edn <strong>Fernando Hurtado<\/strong> con &#8216;El hilo del olvido&#8217;, una obra sobre la memoria y la p\u00e9rdida.<\/p>\n<p class=\"voc-p\" style=\"\">Este mi\u00e9rcoles 3 de diciembre actuar\u00e1 la compa\u00f1\u00eda granadina <strong>Titiritr\u00e1n Teatro<\/strong> con su espect\u00e1culo &#8216;Malena Ballena&#8217;. A las 17 horas en el Parque de los Pintores, la compa\u00f1\u00eda vasca <strong>Markeli\u00f1e<\/strong> presentar\u00e1 la obra &#8216;Artiluso&#8217; y, finalmente, a las 19 horas la compa\u00f1\u00eda granadina <strong>Histri\u00f3n Teatro<\/strong> presenta la obra &#8216;Dysphoria&#8217;, una propuesta sobre la identidad, el cuerpo y la libertad, una pieza de teatro contempor\u00e1neo que combina texto, interpretaci\u00f3n y est\u00e9tica audiovisual.<\/p>\n<p class=\"voc-p\" style=\"\">Mirador Sur a Escena concluir\u00e1 el jueves 4 de diciembre a las 12 horas, en el Centro Cultural Antonio Gala, con el estreno absoluto de la <strong>compa\u00f1\u00eda Silencio Danza<\/strong> y su obra, &#8216;Hambre: Anatom\u00eda de una revoluci\u00f3n&#8217;. Por la tarde, habr\u00e1 tres citas para cerrar la edici\u00f3n de la muestra: A las 17 horas en el Parque de los Pintores actuar\u00e1 la <strong>compa\u00f1\u00eda Laura Morales<\/strong> con la obra, &#8216;La nueva bestia&#8217;, una propuesta de danza contempor\u00e1nea donde a\u00fana el gesto y la palabra para reflexionar sobre lo salvaje y lo humano. A las18 horas en el hall del Centro Cultural de La Villa se pondr\u00e1 en escena, &#8216;Danzantes&#8217; del <strong>Proyecto Lanza de Cristi\u00e1n Mart\u00edn.<\/strong><\/p>\n<p class=\"voc-p\" style=\"\">Y como clausura de este ciclo, el \u00faltimo espect\u00e1culo programado es &#8216;Pa la boda&#8217;, de <strong>La Tirana Producciones<\/strong> que tendr\u00e1 lugar a las 19 horas en el Centro Cultural Antonio Gala. La compa\u00f1\u00eda gaditana con una s\u00f3lida trayectoria en el teatro contempor\u00e1neo, presenta este espect\u00e1culo donde se aborda con humor y ternura las tensiones familiares y los rituales sociales en torno al matrimonio.<\/p>\n","protected":false},"excerpt":{"rendered":"Las actuaciones de los bailarines y core\u00f3grafos Eva Escudier, Fernando Hurtado y S\u00d6A C\u00eda inauguraron este martes la&hellip;\n","protected":false},"author":2,"featured_media":268984,"comment_status":"","ping_status":"","sticky":false,"template":"","format":"standard","meta":{"footnotes":""},"categories":[91],"tags":[41209,146,147,25,4279,66233,24,519,2421,10080,39240,5983,23],"class_list":{"0":"post-268983","1":"post","2":"type-post","3":"status-publish","4":"format-standard","5":"has-post-thumbnail","7":"category-entretenimiento","8":"tag-coreografos","9":"tag-entertainment","10":"tag-entretenimiento","11":"tag-es","12":"tag-escena","13":"tag-escudier","14":"tag-espana","15":"tag-eva","16":"tag-fernando","17":"tag-hurtado","18":"tag-inauguran","19":"tag-mirador","20":"tag-spain"},"share_on_mastodon":{"url":"https:\/\/pubeurope.com\/@es\/115655670943080758","error":""},"_links":{"self":[{"href":"https:\/\/www.europesays.com\/es\/wp-json\/wp\/v2\/posts\/268983","targetHints":{"allow":["GET"]}}],"collection":[{"href":"https:\/\/www.europesays.com\/es\/wp-json\/wp\/v2\/posts"}],"about":[{"href":"https:\/\/www.europesays.com\/es\/wp-json\/wp\/v2\/types\/post"}],"author":[{"embeddable":true,"href":"https:\/\/www.europesays.com\/es\/wp-json\/wp\/v2\/users\/2"}],"replies":[{"embeddable":true,"href":"https:\/\/www.europesays.com\/es\/wp-json\/wp\/v2\/comments?post=268983"}],"version-history":[{"count":0,"href":"https:\/\/www.europesays.com\/es\/wp-json\/wp\/v2\/posts\/268983\/revisions"}],"wp:featuredmedia":[{"embeddable":true,"href":"https:\/\/www.europesays.com\/es\/wp-json\/wp\/v2\/media\/268984"}],"wp:attachment":[{"href":"https:\/\/www.europesays.com\/es\/wp-json\/wp\/v2\/media?parent=268983"}],"wp:term":[{"taxonomy":"category","embeddable":true,"href":"https:\/\/www.europesays.com\/es\/wp-json\/wp\/v2\/categories?post=268983"},{"taxonomy":"post_tag","embeddable":true,"href":"https:\/\/www.europesays.com\/es\/wp-json\/wp\/v2\/tags?post=268983"}],"curies":[{"name":"wp","href":"https:\/\/api.w.org\/{rel}","templated":true}]}}