{"id":268989,"date":"2025-12-03T12:39:13","date_gmt":"2025-12-03T12:39:13","guid":{"rendered":"https:\/\/www.europesays.com\/es\/268989\/"},"modified":"2025-12-03T12:39:13","modified_gmt":"2025-12-03T12:39:13","slug":"un-candidato-presidencial-de-peru-sobrevive-a-un-atentado-tras-ser-tiroteado-en-su-vehiculo","status":"publish","type":"post","link":"https:\/\/www.europesays.com\/es\/268989\/","title":{"rendered":"Un candidato presidencial de Per\u00fa sobrevive a un atentado tras ser tiroteado en su veh\u00edculo"},"content":{"rendered":"<p>El <strong>candidato presidencial<\/strong> del partido peruano Libertad Popular, <strong>Rafael Bela\u00fande<\/strong> Llosa, ha <strong>sobrevivido<\/strong> este martes a <strong>un atentado<\/strong> tras ser <strong>atacado a tiros<\/strong> cuando se desplazaba por el distrito de Cerro Azul, en el sur de Lima, seg\u00fan ha denunciado un portavoz de su movimiento pol\u00edtico.<\/p>\n<p>Bela\u00fande Llosa se trasladaba <strong>en su autom\u00f3vil <\/strong>por Cerro Azul cuando tres balas <strong>impactaron en el parabrisas<\/strong>, de acuerdo con las im\u00e1genes compartidas por su grupo pol\u00edtico en las redes sociales, donde se le ve con <strong>alguna mancha de sangre<\/strong> en la cabeza y la camisa. En el lugar de los hechos, una zona rural de la costa peruana, fueron hallados varios casquillos de proyectil presuntamente disparados por los atacantes.<\/p>\n<p>El pol\u00edtico, <strong>de centro derecha<\/strong>, es <strong>uno de los 39 candidatos <\/strong>presidenciales que se prev\u00e9 que tenga las elecciones para elegir a las autoridades nacionales para el periodo 2026-2031, en las que por primera vez tras m\u00e1s de 30 a\u00f1os<strong> el pa\u00eds volver\u00e1 a tener <\/strong>un<strong> Parlamento bicameral<\/strong> con Congreso y Senado. <\/p>\n<p>\u00abVivimos en una \u00e9poca convulsa, con mucha inseguridad ciudadana\u00bb, ha declarado Bela\u00fande tras el suceso. \u00abNosotros, como ciudadanos, no podemos aceptar ser v\u00edctimas, hay que actuar, organizarse, defenderse, no podemos normalizar [esta situaci\u00f3n]\u00bb, ha remarcado.<\/p>\n<p>El ex primer ministro y fundador de Libertad Popular, Pedro Cateriano, ha confirmado el atentado a la emisora RPP y ha declarado que se trataba de \u00abun<strong> mal inicio de la campa\u00f1a<\/strong>\u00ab, en referencia a los<strong> comicios generales<\/strong> que se realizar\u00e1n el <strong>12 de abril de 2026. <\/strong><\/p>\n<p>\u00abEstamos lamentablemente atravesando <strong>un contexto de actividad delincuencial activa,<\/strong> pero hay que rechazar con firmeza este ataque que ha sufrido a balazos en la ma\u00f1ana Rafael Bela\u00fande\u00bb, ha agregado Cateriano. <\/p>\n<p>El jefe de la Oficina Nacional de Procesos Electorales (ONPE), <strong>Piero<\/strong> <strong>Corvetto<\/strong>, ha condenado el ataque contra el dirigente pol\u00edtico. \u00abInvocamos a todos los actores pol\u00edticos y a ciudadan\u00eda en general a rechazar la violencia en la campa\u00f1a electoral. No a la violencia. Votar es tu poder de elegir\u00bb, ha compartido en su cuenta personal en X.<\/p>\n<p>As\u00ed ha quedado el veh\u00edculo en el que viajaba el candidato por la Presidencia de Per\u00fa, Rafael Bela\u00fande Llosa, herido despu\u00e9s de sufrir un atentado en su contra este martes en Lima\u00a0EFE\/ @costagino<\/p>\n<p>Tras el ataque, Bela\u00fande, <strong>nieto del expresidente Fernando Bela\u00fande Terry <\/strong>(1963-1968 y 1980-1985) ha acudido a la comisar\u00eda policial de Cerro Azul para presentar una denuncia. El <strong>comandante general de la Polic\u00eda <\/strong>Nacional del Per\u00fa, \u00d3scar Arriola, ha declarado a Canal N que el candidato estaba <strong>supervisando unos terrenos<\/strong> que son de su propiedad en la provincia de Ca\u00f1ete, donde se ubica Cerro Azul, y que <strong>al salir <\/strong>del lugar <strong>apareci\u00f3 una moto y le dispararon<\/strong>.<\/p>\n<p>El jefe policial ha confirmado que Bela\u00fande <strong>se encuentra ileso <\/strong>y que no ha recibido <strong>ninguna amenaza extorsiva<\/strong> ni de ning\u00fan tipo.<\/p>\n<p>Asimismo, ha se\u00f1alado que un <strong>equipo de la divisi\u00f3n de Homicidios y Criminal\u00edstica <\/strong>ha ido al lugar de los hechos para <strong>investigar el atentado.<\/strong><\/p>\n<p>La <strong>Polic\u00eda Nacional <\/strong>ha informado en su cuenta de la red social X que ha activado el <strong>Plan Cerco<\/strong> ante los disparos que recibi\u00f3 el veh\u00edculo del candidato y ha agregado que \u00ab<strong>no se presentaron heridos<\/strong>\u00bb y que sus unidades se encuentran en la zona para garantizar la seguridad y capturar a los responsables.<\/p>\n<p>Tras el suceso, las <strong>autoridades electorales <\/strong>de Per\u00fa <strong>han condenado el ataque<\/strong> y han <strong>reclamado<\/strong> al Gobierno que proporcione <strong>seguridad <\/strong>para los candidatos inscritos para los comicios.<\/p>\n<p>La inseguridad y el<strong> auge de la bandas del crimen organizado <\/strong>se han vuelto en la <strong>principal preocupaci\u00f3n de los peruanos<\/strong> para estas elecciones, ante el <strong>incremento de las extorsiones a negocios y empresas <\/strong>de diferentes sectores y los <strong>asesinatos<\/strong> contra quienes <strong>se niegan a pagar los cupos exigidos <\/strong>por las organizaciones criminales.<\/p>\n<p>El pasado viernes fue asesinado en la norte\u00f1a ciudad de Piura el abogado <strong>Percy Ipanaqu\u00e9<\/strong>, quien era precandidato a diputado por el izquierdista partido Juntos por el Per\u00fa (JP), cuando faltaban pocas horas para celebrarse las elecciones internas que definir\u00edan a los representantes de cada organizaci\u00f3n pol\u00edtica.<\/p>\n","protected":false},"excerpt":{"rendered":"El candidato presidencial del partido peruano Libertad Popular, Rafael Bela\u00fande Llosa, ha sobrevivido este martes a un atentado&hellip;\n","protected":false},"author":2,"featured_media":268990,"comment_status":"","ping_status":"","sticky":false,"template":"","format":"standard","meta":{"footnotes":""},"categories":[42],"tags":[17,18,13,14,11,61,62,63,64,19,20,9,10,15,16,12,21,22,65,66,67],"class_list":{"0":"post-268989","1":"post","2":"type-post","3":"status-publish","4":"format-standard","5":"has-post-thumbnail","7":"category-internacional","8":"tag-breaking-news","9":"tag-breakingnews","10":"tag-featured-news","11":"tag-featurednews","12":"tag-headlines","13":"tag-internacional","14":"tag-international","15":"tag-international-news","16":"tag-internationalnews","17":"tag-latest-news","18":"tag-latestnews","19":"tag-news","20":"tag-noticias","21":"tag-noticias-destacadas","22":"tag-noticiasdestacadas","23":"tag-titulares","24":"tag-ultimas-noticias","25":"tag-ultimasnoticias","26":"tag-world","27":"tag-world-news","28":"tag-worldnews"},"share_on_mastodon":{"url":"https:\/\/pubeurope.com\/@es\/115655682592530609","error":""},"_links":{"self":[{"href":"https:\/\/www.europesays.com\/es\/wp-json\/wp\/v2\/posts\/268989","targetHints":{"allow":["GET"]}}],"collection":[{"href":"https:\/\/www.europesays.com\/es\/wp-json\/wp\/v2\/posts"}],"about":[{"href":"https:\/\/www.europesays.com\/es\/wp-json\/wp\/v2\/types\/post"}],"author":[{"embeddable":true,"href":"https:\/\/www.europesays.com\/es\/wp-json\/wp\/v2\/users\/2"}],"replies":[{"embeddable":true,"href":"https:\/\/www.europesays.com\/es\/wp-json\/wp\/v2\/comments?post=268989"}],"version-history":[{"count":0,"href":"https:\/\/www.europesays.com\/es\/wp-json\/wp\/v2\/posts\/268989\/revisions"}],"wp:featuredmedia":[{"embeddable":true,"href":"https:\/\/www.europesays.com\/es\/wp-json\/wp\/v2\/media\/268990"}],"wp:attachment":[{"href":"https:\/\/www.europesays.com\/es\/wp-json\/wp\/v2\/media?parent=268989"}],"wp:term":[{"taxonomy":"category","embeddable":true,"href":"https:\/\/www.europesays.com\/es\/wp-json\/wp\/v2\/categories?post=268989"},{"taxonomy":"post_tag","embeddable":true,"href":"https:\/\/www.europesays.com\/es\/wp-json\/wp\/v2\/tags?post=268989"}],"curies":[{"name":"wp","href":"https:\/\/api.w.org\/{rel}","templated":true}]}}