{"id":268991,"date":"2025-12-03T12:40:08","date_gmt":"2025-12-03T12:40:08","guid":{"rendered":"https:\/\/www.europesays.com\/es\/268991\/"},"modified":"2025-12-03T12:40:08","modified_gmt":"2025-12-03T12:40:08","slug":"juanfran-perez-llorca-anuncia-su-nuevo-equipo-de-gobierno","status":"publish","type":"post","link":"https:\/\/www.europesays.com\/es\/268991\/","title":{"rendered":"Juanfran P\u00e9rez Llorca anuncia su nuevo equipo de gobierno"},"content":{"rendered":"<p>03\/12\/2025<br \/>\n<br \/><strong><br \/>\nActualizado a las 12:18h.<br \/>\n<\/strong><\/p>\n<p class=\"voc-save-news__paragraph\">Esta funcionalidad es s\u00f3lo para suscriptores<\/p>\n<p><a href=\"https:\/\/secure.abc.es\/suscripcion#vca=suscribete&amp;vso=abc&amp;vmc=on&amp;vli=comentarios-btn-flujo\" data-voc-vtm-id=\"comienzoSuscripcionON\" data-voc-vtm-info=\"btncomentar\" class=\"voc-btn voc-btn--w voc-btn--xs voc-save-news__btn\" rel=\"nofollow noopener\" target=\"_blank\"><br \/>\nSuscribete<br \/>\n<\/a><\/p>\n<p class=\"voc-p\" style=\"\">Este mi\u00e9rcoles se produce el anuncio del nuevo equipo de gobierno de Juanfran P\u00e9rez Llorca, presidente electo tras la dimisi\u00f3n de Carlos Maz\u00f3n.<\/p>\n<p class=\"voc-p\" style=\"\">Sigue en directo la comparecencia del President de la Generalitat Valenciana a partir de las 11:50h en esta noticia. Puede informarse  &#8230; de las \u00faltimas noticias en <a href=\"https:\/\/www.abc.es\/\" target=\"_self\" data-voc-vtm-id=\"in-text-traffic\" title=\"ABC.es\" data-mrf-link=\"www.abc.es\" rel=\"nofollow noopener\">ABC.es<\/a>.<\/p>\n<p>\nArt\u00edculo solo para suscriptores\n<\/p>\n<p>Reportar un error<\/p>\n<p class=\"voc-save-news__paragraph\">Esta funcionalidad es s\u00f3lo para suscriptores<\/p>\n<p><a href=\"https:\/\/secure.abc.es\/suscripcion#vca=suscribete&amp;vso=abc&amp;vmc=on&amp;vli=comentarios-btn-flujo\" data-voc-vtm-id=\"comienzoSuscripcionON\" data-voc-vtm-info=\"btncomentar\" class=\"voc-btn voc-btn--w voc-btn--xs voc-save-news__btn\" rel=\"nofollow noopener\" target=\"_blank\"><br \/>\nSuscribete<br \/>\n<\/a><\/p>\n","protected":false},"excerpt":{"rendered":"03\/12\/2025 Actualizado a las 12:18h. Esta funcionalidad es s\u00f3lo para suscriptores Suscribete Este mi\u00e9rcoles se produce el anuncio&hellip;\n","protected":false},"author":2,"featured_media":268992,"comment_status":"","ping_status":"","sticky":false,"template":"","format":"standard","meta":{"footnotes":""},"categories":[8],"tags":[4187,17,18,622,25,24,13,14,582,11,62863,19,20,58255,9,10,15,16,524,738,23,12,21,22],"class_list":{"0":"post-268991","1":"post","2":"type-post","3":"status-publish","4":"format-standard","5":"has-post-thumbnail","7":"category-espana","8":"tag-anuncia","9":"tag-breaking-news","10":"tag-breakingnews","11":"tag-equipo","12":"tag-es","13":"tag-espana","14":"tag-featured-news","15":"tag-featurednews","16":"tag-gobierno","17":"tag-headlines","18":"tag-juanfran","19":"tag-latest-news","20":"tag-latestnews","21":"tag-llorca","22":"tag-news","23":"tag-noticias","24":"tag-noticias-destacadas","25":"tag-noticiasdestacadas","26":"tag-nuevo","27":"tag-perez","28":"tag-spain","29":"tag-titulares","30":"tag-ultimas-noticias","31":"tag-ultimasnoticias"},"share_on_mastodon":{"url":"https:\/\/pubeurope.com\/@es\/115655686483294248","error":""},"_links":{"self":[{"href":"https:\/\/www.europesays.com\/es\/wp-json\/wp\/v2\/posts\/268991","targetHints":{"allow":["GET"]}}],"collection":[{"href":"https:\/\/www.europesays.com\/es\/wp-json\/wp\/v2\/posts"}],"about":[{"href":"https:\/\/www.europesays.com\/es\/wp-json\/wp\/v2\/types\/post"}],"author":[{"embeddable":true,"href":"https:\/\/www.europesays.com\/es\/wp-json\/wp\/v2\/users\/2"}],"replies":[{"embeddable":true,"href":"https:\/\/www.europesays.com\/es\/wp-json\/wp\/v2\/comments?post=268991"}],"version-history":[{"count":0,"href":"https:\/\/www.europesays.com\/es\/wp-json\/wp\/v2\/posts\/268991\/revisions"}],"wp:featuredmedia":[{"embeddable":true,"href":"https:\/\/www.europesays.com\/es\/wp-json\/wp\/v2\/media\/268992"}],"wp:attachment":[{"href":"https:\/\/www.europesays.com\/es\/wp-json\/wp\/v2\/media?parent=268991"}],"wp:term":[{"taxonomy":"category","embeddable":true,"href":"https:\/\/www.europesays.com\/es\/wp-json\/wp\/v2\/categories?post=268991"},{"taxonomy":"post_tag","embeddable":true,"href":"https:\/\/www.europesays.com\/es\/wp-json\/wp\/v2\/tags?post=268991"}],"curies":[{"name":"wp","href":"https:\/\/api.w.org\/{rel}","templated":true}]}}