{"id":268999,"date":"2025-12-03T12:50:13","date_gmt":"2025-12-03T12:50:13","guid":{"rendered":"https:\/\/www.europesays.com\/es\/268999\/"},"modified":"2025-12-03T12:50:13","modified_gmt":"2025-12-03T12:50:13","slug":"el-sevilla-lanza-una-camiseta-de-edicion-limitada-en-colaboracion-con-rocio-osorno","status":"publish","type":"post","link":"https:\/\/www.europesays.com\/es\/268999\/","title":{"rendered":"El Sevilla lanza una camiseta de edici\u00f3n limitada en colaboraci\u00f3n con Roc\u00edo Osorno"},"content":{"rendered":"<p>03\/12\/2025<br \/>\n<br \/><strong><br \/>\nActualizado a las 11:43h.<br \/>\n<\/strong><\/p>\n<p class=\"voc-p\" style=\"\">El <strong>Sevilla FC<\/strong> ha lanzado este mi\u00e9rcoles una camiseta de edici\u00f3n limitada junto a la influencer y dise\u00f1adora sevillana <strong>Roc\u00edo Osorno.<\/strong> El club nervionense ha publicado un v\u00eddeo a trav\u00e9s del cual muestra la prenda que ya se encuentra a la venta en  &#8230; la tienda oficial del club. <\/p>\n<p class=\"voc-p\" style=\"\">La camiseta tiene un precio de<strong> 85 euros<\/strong> y en ella el rojo, en dos tonalidades, es el color principal teniendo algunos detalles en dorado como el escudo sobre el pecho, el logo de la marca Adidas, las tres rayas caracter\u00edsticas de la firma alemana y las letras de Sevilla que se encuentran en la espalda junto al sello de Roc\u00edo Osorno. <\/p>\n<p><img decoding=\"async\" loading=\"lazy\" src=\"https:\/\/www.europesays.com\/es\/wp-content\/uploads\/2025\/12\/Vertical-U66646723102aaT-760x850@diario_abc.jpg\" class=\"voc-img\" width=\"760\" height=\"850\" alt=\"El Sevilla lanza una camiseta de edici\u00f3n limitada en colaboraci\u00f3n con Roc\u00edo Osorno\" data-voc-vtm-id=\"in-text-traffic\"\/><\/p>\n<p class=\"voc-p\" style=\"\">El principal detalle aparece en la parte frontal, en la que se aprecian <strong>motivos florales<\/strong> con los que la dise\u00f1adora ha intentado cargar la prenda de \u00absentimiendo, pasi\u00f3n y sevillismo\u00bb, tal y como ha indicado el club en sus redes sociales. <\/p>\n<p>\nArt\u00edculo solo para suscriptores\n<\/p>\n<p>Reportar un error<\/p>\n","protected":false},"excerpt":{"rendered":"03\/12\/2025 Actualizado a las 11:43h. El Sevilla FC ha lanzado este mi\u00e9rcoles una camiseta de edici\u00f3n limitada junto&hellip;\n","protected":false},"author":2,"featured_media":269000,"comment_status":"","ping_status":"","sticky":false,"template":"","format":"standard","meta":{"footnotes":""},"categories":[268],"tags":[4392,598,168,2197,25,24,280,282,2629,25310,7102,3152,1171,281,23,167],"class_list":{"0":"post-268999","1":"post","2":"type-post","3":"status-publish","4":"format-standard","5":"has-post-thumbnail","7":"category-futbol","8":"tag-camiseta","9":"tag-colaboracion","10":"tag-deportes","11":"tag-edicion","12":"tag-es","13":"tag-espana","14":"tag-football","15":"tag-futbol","16":"tag-lanza","17":"tag-limitada","18":"tag-osorno","19":"tag-rocio","20":"tag-sevilla","21":"tag-soccer","22":"tag-spain","23":"tag-sports"},"share_on_mastodon":{"url":"https:\/\/pubeurope.com\/@es\/115655726280054691","error":""},"_links":{"self":[{"href":"https:\/\/www.europesays.com\/es\/wp-json\/wp\/v2\/posts\/268999","targetHints":{"allow":["GET"]}}],"collection":[{"href":"https:\/\/www.europesays.com\/es\/wp-json\/wp\/v2\/posts"}],"about":[{"href":"https:\/\/www.europesays.com\/es\/wp-json\/wp\/v2\/types\/post"}],"author":[{"embeddable":true,"href":"https:\/\/www.europesays.com\/es\/wp-json\/wp\/v2\/users\/2"}],"replies":[{"embeddable":true,"href":"https:\/\/www.europesays.com\/es\/wp-json\/wp\/v2\/comments?post=268999"}],"version-history":[{"count":0,"href":"https:\/\/www.europesays.com\/es\/wp-json\/wp\/v2\/posts\/268999\/revisions"}],"wp:featuredmedia":[{"embeddable":true,"href":"https:\/\/www.europesays.com\/es\/wp-json\/wp\/v2\/media\/269000"}],"wp:attachment":[{"href":"https:\/\/www.europesays.com\/es\/wp-json\/wp\/v2\/media?parent=268999"}],"wp:term":[{"taxonomy":"category","embeddable":true,"href":"https:\/\/www.europesays.com\/es\/wp-json\/wp\/v2\/categories?post=268999"},{"taxonomy":"post_tag","embeddable":true,"href":"https:\/\/www.europesays.com\/es\/wp-json\/wp\/v2\/tags?post=268999"}],"curies":[{"name":"wp","href":"https:\/\/api.w.org\/{rel}","templated":true}]}}