{"id":269001,"date":"2025-12-03T12:51:12","date_gmt":"2025-12-03T12:51:12","guid":{"rendered":"https:\/\/www.europesays.com\/es\/269001\/"},"modified":"2025-12-03T12:51:12","modified_gmt":"2025-12-03T12:51:12","slug":"el-bautizo-del-hijo-de-fran-rivera-y-lourdes-montes-la-confesion-de-fabiola-martinez","status":"publish","type":"post","link":"https:\/\/www.europesays.com\/es\/269001\/","title":{"rendered":"el bautizo del hijo de Fran Rivera y Lourdes Montes la confesi\u00f3n de Fabiola Mart\u00ednez"},"content":{"rendered":"<p>Ya es mi\u00e9rcoles de revistas de nuevo. En este 3 de diciembre, el<a title=\" bautizo de Nicol\u00e1s, hijo de Fran Rivera y Lourdes Montes,\" href=\"https:\/\/www.larazon.es\/gente\/famosos\/francisco-rivera-lourdes-montes-bautizan-hijo-nicolas-arropados-amigos-familiares_202511286929aaef6e5e5012dcd25d26.html\" target=\"_blank\" rel=\"nofollow noopener\"> bautizo de Nicol\u00e1s, hijo de Fran Rivera y Lourdes Montes,<\/a> protagoniza todas las portadas del quiosco semanal. En \u00ab\u00a1Hola!\u00bb, la familia posa en exclusiva y abre las puertas a la celebraci\u00f3n \u00edntima y familiar que tuvo lugar el pasado viernes 28 de noviembre: <b>primero en la Iglesia de Santa Ana, en Triana, y despu\u00e9s en la Hacienda Santa Eufemia.<\/b><\/p>\n<p><img decoding=\"async\" loading=\"lazy\" src=\"https:\/\/www.europesays.com\/es\/wp-content\/uploads\/2025\/12\/portada-revista-hola_123.jpg\" alt=\"Portada de la revista &quot;\u00a1Hola!&quot;\" width=\"637\" height=\"836\"\/><b>Portada de la revista \u00ab\u00a1Hola!\u00bb<\/b>\u00a1Hola!<\/p>\n<p><b>En el medio citado, tambi\u00e9n acapara la portada el conocido Baile de Debutantes de Par\u00eds<\/b>. Eulalia de Orleans-Borb\u00f3n e Isabelle de Orleans brillaron con luz propia con sus tiaras el pasado s\u00e1bado 29 en el hotel Shangri-La de Par\u00eds, lugar que se convirti\u00f3 en el epicentro de las nuevas generaciones de la realeza y la alta sociedad europea.<\/p>\n<p>En \u00abSemana\u00bb, Fabiola Mart\u00ednez se sincera en exclusiva y desvela que tiene ganas de volver a enamorarse. Tras su separaci\u00f3n con Bert\u00edn Osborne a principios de 2021, a la modelo no se le conoce pareja. <b>Adem\u00e1s, contin\u00faa la preocupaci\u00f3n por el estado de salud de Charly, marido de Lydia Lozano, despu\u00e9s de m\u00e1s de 2 meses ingresado en el hospital. <\/b><\/p>\n<p>En \u00abLecturas\u00bb, Ana Rosa Quintana cuela a la revista en la fiesta privada de \u00abUnicorn\u00bb, su productora, en el Teatro Magno de Madrid.<b> Adem\u00e1s, el citado medio publica en exclusiva que Isabel Pantoja cobrar\u00e1 dos millones de euros por su pr\u00f3xima gira americana.<\/b><\/p>\n<p><b>Gabriela Guill\u00e9n protagoniza la \u00faltima portada de \u00abDiez Minutos\u00bb.<\/b> \u00abYa no aguanta m\u00e1s los desmanes de Bert\u00edn con el beb\u00e9 que tienen en com\u00fan, y le ha dado un ultim\u00e1tum con una demanda por el convenio\u00bb, explica la revista. Adem\u00e1s, el posado de Alejandro Sanz y Candela M\u00e1rquez tras los rumores de crisis.<\/p>\n","protected":false},"excerpt":{"rendered":"Ya es mi\u00e9rcoles de revistas de nuevo. En este 3 de diciembre, el bautizo de Nicol\u00e1s, hijo de&hellip;\n","protected":false},"author":2,"featured_media":269002,"comment_status":"","ping_status":"","sticky":false,"template":"","format":"standard","meta":{"footnotes":""},"categories":[174],"tags":[255,146,147,25,24,256,23],"class_list":{"0":"post-269001","1":"post","2":"type-post","3":"status-publish","4":"format-standard","5":"has-post-thumbnail","7":"category-famosos","8":"tag-celebrities","9":"tag-entertainment","10":"tag-entretenimiento","11":"tag-es","12":"tag-espana","13":"tag-famosos","14":"tag-spain"},"share_on_mastodon":{"url":"https:\/\/pubeurope.com\/@es\/115655729896501384","error":""},"_links":{"self":[{"href":"https:\/\/www.europesays.com\/es\/wp-json\/wp\/v2\/posts\/269001","targetHints":{"allow":["GET"]}}],"collection":[{"href":"https:\/\/www.europesays.com\/es\/wp-json\/wp\/v2\/posts"}],"about":[{"href":"https:\/\/www.europesays.com\/es\/wp-json\/wp\/v2\/types\/post"}],"author":[{"embeddable":true,"href":"https:\/\/www.europesays.com\/es\/wp-json\/wp\/v2\/users\/2"}],"replies":[{"embeddable":true,"href":"https:\/\/www.europesays.com\/es\/wp-json\/wp\/v2\/comments?post=269001"}],"version-history":[{"count":0,"href":"https:\/\/www.europesays.com\/es\/wp-json\/wp\/v2\/posts\/269001\/revisions"}],"wp:featuredmedia":[{"embeddable":true,"href":"https:\/\/www.europesays.com\/es\/wp-json\/wp\/v2\/media\/269002"}],"wp:attachment":[{"href":"https:\/\/www.europesays.com\/es\/wp-json\/wp\/v2\/media?parent=269001"}],"wp:term":[{"taxonomy":"category","embeddable":true,"href":"https:\/\/www.europesays.com\/es\/wp-json\/wp\/v2\/categories?post=269001"},{"taxonomy":"post_tag","embeddable":true,"href":"https:\/\/www.europesays.com\/es\/wp-json\/wp\/v2\/tags?post=269001"}],"curies":[{"name":"wp","href":"https:\/\/api.w.org\/{rel}","templated":true}]}}