{"id":269005,"date":"2025-12-03T12:54:10","date_gmt":"2025-12-03T12:54:10","guid":{"rendered":"https:\/\/www.europesays.com\/es\/269005\/"},"modified":"2025-12-03T12:54:10","modified_gmt":"2025-12-03T12:54:10","slug":"pisa-el-acelerador-y-expulsa-a-tres-concursantes","status":"publish","type":"post","link":"https:\/\/www.europesays.com\/es\/269005\/","title":{"rendered":"pisa el acelerador y expulsa a tres concursantes"},"content":{"rendered":"<p>\u2018Gran Hermano\u2019 ha abierto sus puertas de nuevo. Esta vez no las de la casa de Guadalix de la Sierra. Despu\u00e9s de 31 ediciones entre\u00a0versiones an\u00f3nimas, VIP, D\u00daOS y reencuentros, el reality show <a href=\"https:\/\/www.lecturas.com\/television\/organizacion-gran-hermano-anuncia-noticia-que-cambiara-todo_171984\" target=\"_self\" rel=\"nofollow noopener\">se ha mudado a Tres Cantos<\/a>. Buscaban un espacio mayor para adaptarse a las nuevas din\u00e1micas del formato. El concurso lleva en emisi\u00f3n 25 a\u00f1os, y sigue siendo una de las grandes apuestas de la cadena. Sin embargo, no todo parece estar saliendo como hab\u00edan planeado.\u00a0<\/p>\n<p>El reality show modifica su din\u00e1mica para afrontar una expulsi\u00f3n m\u00faltiple. Con el <a href=\"https:\/\/www.lecturas.com\/actualidad\/comunicado-oficial-gran-hermano-concursante-abandona-reality-inesperadamente_185232\" target=\"_self\" rel=\"nofollow noopener\">abandono de \u00cd\u00f1igo<\/a>\u00a0\u00abpor motivos personales\u00bb presente, la organizaci\u00f3n de &#8216;Gran Hermano&#8217; adelanta que un cami\u00f3n de la mudanza\u00a0visitar\u00e1 la casa de Tres Cantos \u00abpara <strong>llevarse a los que no convencen a la audiencia<\/strong>\u00ab.<\/p>\n<p>Esas palabras revelan que &#8216;Gran Hermano&#8217; podr\u00eda enfrentarse a una expulsi\u00f3n m\u00faltiple. Actualmente,\u00a0Jos\u00e9 Manuel, Patricia y Bel\u00e9n est\u00e1n nominados. Uno de ellos abandonar\u00e1 s\u00ed o s\u00ed la casa tras someterse al veredicto del p\u00fablico. El m\u00e1s votado para salir de la casa <strong>ser\u00e1 el eliminado definitivo<\/strong>. Tras esta votaci\u00f3n, el reality show tiene previsto poner en marcha un televoto en positivo. El menos o los menos votados de esta ser\u00e1n desalojados en el mencionado cami\u00f3n de la mudanza.<\/p>\n<p><img loading=\"lazy\" decoding=\"async\"   src=\"https:\/\/www.europesays.com\/es\/wp-content\/uploads\/2025\/12\/gran-hermano_a8126982_251203125229_1200x676.webp.webp\" alt=\"Gran Hermano\" class=\"lazyload\" width=\"1200\" height=\"676\" data-aspectratio=\"1200\/676\"\/><\/p>\n<p>El equipo de &#8216;Gran Hermano&#8217; invit\u00f3 a Edi, Violeta y Anabel Pantoja en un intento de mejorar los datos de audiencias de la vigente edici\u00f3n<\/p>\n<p>&#13;Mediaset<\/p>\n<p>Esta din\u00e1mica ya se vio en la \u00faltima edici\u00f3n de &#8216;Gran Hermano&#8217;. Sin embargo, en esa ocasi\u00f3n, el expulsado fue Luis tras ser el menos votado. Lo llamativo es que esta vez la voz en off del programa de Telecinco habla en plural:\u00a0\u00abY vuelve un cl\u00e1sico: llega el cami\u00f3n de la mudanza para llevarse <strong>a los que no convencen a la audiencia<\/strong>\u00ab. \u00abCada voto cuenta en &#8216;Gran Hermano'\u00bb, insiste el anuncio del concurso.\u00a0<\/p>\n<p>Estas palabras dan a entender que se espera\u00a0una expulsi\u00f3n m\u00faltiple, la de uno de los nominados y la o las salidas de quienes no cuenten con el apoyo de la audiencia. Con esta iniciativa se librar\u00e1n de aquellos se\u00f1alados de ser los \u00abmuebles\u00bb de la edici\u00f3n. En cualquier caso, la vigente edici\u00f3n de &#8216;Gran Hermano&#8217; ha pisado el acelerador. Esto est\u00e1 provocado por las audiencias cosechadas tanto en su gala principal \u201311% de share el pasado jueves\u2013 como en el \u00faltimo debate dominical \u20138,9% de cuota de pantalla\u2013. El formato no est\u00e1 cosechando los datos esperados. Con esta decisi\u00f3n, Mediaset adelanta su final.<\/p>\n<p><img loading=\"lazy\" decoding=\"async\"   src=\"https:\/\/www.europesays.com\/es\/wp-content\/uploads\/2025\/12\/inigo-gran-hermano-20_8a57f63d_251203124732_1200x679.webp.webp\" alt=\"\u00cd\u00f1igo Gran Hermano 20\" class=\"lazyload\" width=\"1200\" height=\"679\" data-aspectratio=\"1200\/679\"\/>&#13;Telecinco<br \/>\n<img loading=\"lazy\" decoding=\"async\"   src=\"https:\/\/www.europesays.com\/es\/wp-content\/uploads\/2025\/12\/inigo-gran-hermano-20_2f237fd4_251203124847_1200x673.webp.webp\" alt=\"\u00cd\u00f1igo Gran Hermano 20\" class=\"lazyload\" width=\"1200\" height=\"673\" data-aspectratio=\"1200\/673\"\/><\/p>\n<p>Las primeras hip\u00f3tesis apuntan a que su abandono podr\u00eda estar relacionado con alguna situaci\u00f3n familiar delicada.<\/p>\n<p>&#13;Telecinco<br \/>\nUn abandono repentino<\/p>\n<p>La posibilidad de una expulsi\u00f3n m\u00faltiple llega despu\u00e9s de que \u00cd\u00f1igo Tina abandonase el formato de manera voluntaria. La organizaci\u00f3n de &#8216;Gran Hermano&#8217; apunt\u00f3 que esta decisi\u00f3n <a href=\"https:\/\/www.lecturas.com\/actualidad\/comunicado-oficial-gran-hermano-concursante-abandona-reality-inesperadamente_185232\" target=\"_self\" rel=\"nofollow noopener\">se deb\u00eda a \u00abmotivos personales ajenos al programa\u00bb<\/a>.\u00a0Es decir, no se trata ni de una expulsi\u00f3n disciplinaria ni de ning\u00fan conflicto interno.\u00a0<\/p>\n<p>De momento, no se han conocido los\u00a0motivos de su salida. Ni la organizaci\u00f3n ni el propio concursante han dado m\u00e1s detalles. Las primeras hip\u00f3tesis apuntan a que su abandono podr\u00eda estar relacionado con alguna situaci\u00f3n familiar delicada, posiblemente una enfermedad o un problema grave que habr\u00eda requerido su presencia inmediata fuera del concurso. A la espera de una versi\u00f3n oficial, las redes se han llenado de mensajes de apoyo y preocupaci\u00f3n hacia el concursante.\u00a0<\/p>\n","protected":false},"excerpt":{"rendered":"\u2018Gran Hermano\u2019 ha abierto sus puertas de nuevo. Esta vez no las de la casa de Guadalix de&hellip;\n","protected":false},"author":2,"featured_media":269006,"comment_status":"","ping_status":"","sticky":false,"template":"","format":"standard","meta":{"footnotes":""},"categories":[171],"tags":[146,147,25,24,23,214],"class_list":{"0":"post-269005","1":"post","2":"type-post","3":"status-publish","4":"format-standard","5":"has-post-thumbnail","7":"category-tv","8":"tag-entertainment","9":"tag-entretenimiento","10":"tag-es","11":"tag-espana","12":"tag-spain","13":"tag-tv"},"share_on_mastodon":{"url":"https:\/\/pubeurope.com\/@es\/115655742114038305","error":""},"_links":{"self":[{"href":"https:\/\/www.europesays.com\/es\/wp-json\/wp\/v2\/posts\/269005","targetHints":{"allow":["GET"]}}],"collection":[{"href":"https:\/\/www.europesays.com\/es\/wp-json\/wp\/v2\/posts"}],"about":[{"href":"https:\/\/www.europesays.com\/es\/wp-json\/wp\/v2\/types\/post"}],"author":[{"embeddable":true,"href":"https:\/\/www.europesays.com\/es\/wp-json\/wp\/v2\/users\/2"}],"replies":[{"embeddable":true,"href":"https:\/\/www.europesays.com\/es\/wp-json\/wp\/v2\/comments?post=269005"}],"version-history":[{"count":0,"href":"https:\/\/www.europesays.com\/es\/wp-json\/wp\/v2\/posts\/269005\/revisions"}],"wp:featuredmedia":[{"embeddable":true,"href":"https:\/\/www.europesays.com\/es\/wp-json\/wp\/v2\/media\/269006"}],"wp:attachment":[{"href":"https:\/\/www.europesays.com\/es\/wp-json\/wp\/v2\/media?parent=269005"}],"wp:term":[{"taxonomy":"category","embeddable":true,"href":"https:\/\/www.europesays.com\/es\/wp-json\/wp\/v2\/categories?post=269005"},{"taxonomy":"post_tag","embeddable":true,"href":"https:\/\/www.europesays.com\/es\/wp-json\/wp\/v2\/tags?post=269005"}],"curies":[{"name":"wp","href":"https:\/\/api.w.org\/{rel}","templated":true}]}}