{"id":269007,"date":"2025-12-03T12:55:20","date_gmt":"2025-12-03T12:55:20","guid":{"rendered":"https:\/\/www.europesays.com\/es\/269007\/"},"modified":"2025-12-03T12:55:20","modified_gmt":"2025-12-03T12:55:20","slug":"estas-son-las-canciones-que-dua-lipa-ha-versionado-de-artistas-latinos-en-su-gira","status":"publish","type":"post","link":"https:\/\/www.europesays.com\/es\/269007\/","title":{"rendered":"Estas son las canciones que Dua Lipa ha versionado de artistas latinos en su gira"},"content":{"rendered":"<p>      CNN Espa\u00f1ol<br \/>\n        \u00a0\u2014\u00a0<\/p>\n<p class=\"paragraph inline-placeholder vossi-paragraph\" data-uri=\"es.cms.cnn.com\/_components\/paragraph\/instances\/cmiool7sa002v25ql3svh0xl4@published\" data-editable=\"text\" data-component-name=\"paragraph\" data-article-gutter=\"true\">\n            <a href=\"https:\/\/cnnespanol.cnn.com\/video\/dua-lipa-practica-espanol-en-mexico-showbiz\" rel=\"nofollow noopener\" target=\"_blank\">Dua Lipa<\/a> ha demostrado en su actual gira \u201cRadical Optimism Tour\u201d que la mejor manera de meterse al p\u00fablico en un bolsillo es <a href=\"https:\/\/cnnespanol.cnn.com\/2025\/11\/21\/entretenimiento\/dua-lipa-canciones-latinoamerica-conciertos-orix\" rel=\"nofollow noopener\" target=\"_blank\">versionando en su idioma original<\/a> una canci\u00f3n famosa del pa\u00eds en que se presenta. A la fecha, ya son m\u00e1s de 60 versiones o \u201ccovers\u201d que ha interpretado en sus shows de 2025.\n    <\/p>\n<p class=\"paragraph inline-placeholder vossi-paragraph\" data-uri=\"es.cms.cnn.com\/_components\/paragraph\/instances\/cmioro74x0005356nqlhyyflw@published\" data-editable=\"text\" data-component-name=\"paragraph\" data-article-gutter=\"true\">\n            El lunes, la cantante brit\u00e1nica ofreci\u00f3 el primero de sus tres conciertos en el Estadio GNP Seguros de Ciudad de M\u00e9xico. Y sorprendi\u00f3 al cantar \u201cB\u00e9same mucho\u201d, bolero mexicano compuesto por Consuelo Vel\u00e1squez y que ha sido interpretado por grantes cantantes y m\u00fasicos, como el tr\u00edo Los Panchos, Pedro Vargas, los Beatles y m\u00e1s recientemente Luis Miguel.\n    <\/p>\n<p class=\"paragraph inline-placeholder vossi-paragraph\" data-uri=\"es.cms.cnn.com\/_components\/paragraph\/instances\/cmioolcjg0000356nzbf49icm@published\" data-editable=\"text\" data-component-name=\"paragraph\" data-article-gutter=\"true\">\n            De esta manera, Dua Lipa cumpli\u00f3 su norma de \u201crendir tributo a cada pa\u00eds que visita con un \u2018cover\u2019 a alguna canci\u00f3n de un artista local\u201d, como explic\u00f3 Billboard en su rese\u00f1a del concierto.\n    <\/p>\n<p class=\"paragraph inline-placeholder vossi-paragraph\" data-uri=\"es.cms.cnn.com\/_components\/paragraph\/instances\/cmiort35l000b356n087s6s0d@published\" data-editable=\"text\" data-component-name=\"paragraph\" data-article-gutter=\"true\">\n            \u201cHoy quiero homenajear a una gran compositora mexicana, Consuelo Vel\u00e1zquez, cuya canci\u00f3n va ligada al coraz\u00f3n de tanta gente en el mundo. Esta canci\u00f3n me encanta, porque la historia dice que ella nunca hab\u00eda sido besada cuando la escribi\u00f3. Y creo que los compositores escribimos nuestros sue\u00f1os para hacerlos realidad\u201d, dijo Dua Lipa en espa\u00f1ol al <a href=\"https:\/\/www.billboard.com\/espanol\/musica\/dua-lipa-canta-besame-mucho-gira-radical-optimism-en-mexico-1236126258\/\" target=\"_blank\" rel=\"nofollow noopener\">momento de introducir su versi\u00f3n<\/a>.\n    <\/p>\n<p>       <img decoding=\"async\" src=\"https:\/\/www.europesays.com\/es\/wp-content\/uploads\/2025\/12\/dua-lipa-mexico-show.jpg\" alt=\"Dua Lipa  durante su concierto en el Estadio GNP Seguros en Ciudad de M\u00e9xico el 1 de diciembre de 2025.\" class=\"image_expandable__dam-img image_expandable__dam-img--loading\" onload=\"this.classList.remove('image_expandable__dam-img--loading')\" onerror=\"imageLoadError(this)\" height=\"396\" width=\"594\" loading=\"lazy\"\/><\/p>\n<p class=\"paragraph inline-placeholder vossi-paragraph\" data-uri=\"es.cms.cnn.com\/_components\/paragraph\/instances\/cmiort4dq000e356n9kuxmzg6@published\" data-editable=\"text\" data-component-name=\"paragraph\" data-article-gutter=\"true\">\n            Ha sido precisamente en los shows de la fase iberoamericana de la gira que Dua Lipa ha demostrado su aceptable dicci\u00f3n del espa\u00f1ol al cantar sus versiones de \u00e9xitos locales.\n    <\/p>\n<p class=\"paragraph inline-placeholder vossi-paragraph\" data-uri=\"es.cms.cnn.com\/_components\/paragraph\/instances\/cmiorye9m0015356ne04bamx1@published\" data-editable=\"text\" data-component-name=\"paragraph\" data-article-gutter=\"true\">\n            En Espa\u00f1a, por ejemplo, cant\u00f3 \u201cH\u00e9roe\u201d, de Enrique Iglesias. En Argentina, interpret\u00f3 \u201cDe m\u00fasica ligera\u201d, de Soda Stereo, y \u201cTu misterioso alguien\u201d, de Miranda! En Chile, sorprendi\u00f3 al cantar \u201cTu falta de querer\u201d, de Mon Laferte, y \u201cEl duelo\u201d, de La Ley.\n    <\/p>\n<p class=\"paragraph inline-placeholder vossi-paragraph\" data-uri=\"es.cms.cnn.com\/_components\/paragraph\/instances\/cmiosygs1001i356nqumy9tnt@published\" data-editable=\"text\" data-component-name=\"paragraph\" data-article-gutter=\"true\">\n            En Colombia, cant\u00f3 \u201cAntolog\u00eda\u201d, de Shakira. En Per\u00fa fue el turno de \u201cCari\u00f1ito\u201d, cantada a d\u00fao con Mauricio Mesones. Y en Brasil interpret\u00f3 \u201cMagalenha\u201d, de Sergio Mendes, junto con Carlinhos Brown. Resta saber cu\u00e1les \u2018covers\u2019 eligir\u00e1 para los shows restantes, de este martes y viernes en Ciudad de M\u00e9xico.\n    <\/p>\n<p class=\"paragraph inline-placeholder vossi-paragraph\" data-uri=\"es.cms.cnn.com\/_components\/paragraph\/instances\/cmiorz3k60018356nqylfp99o@published\" data-editable=\"text\" data-component-name=\"paragraph\" data-article-gutter=\"true\">\n            La cuenta SopitasFM en X ha llevado el <a href=\"https:\/\/x.com\/sopitasfm\/status\/1995637918380294452?s=20\" target=\"_blank\" rel=\"nofollow\">registro de todas las versiones<\/a> que Dua Lipa ha interpretado durante el \u201cRadical Optimism Tour\u201d.\n    <\/p>\n<ul data-editable=\"items\" class=\"list__items list__items--ul vossi-list__items vossi-list__items--ul\">\n<li data-editable=\"items.0.text\" class=\"list__item vossi-list__item inline-placeholder\">\n<p>            <strong>Ciudad de M\u00e9xico:<\/strong> \u201cB\u00e9same mucho\u201d, de Consuelo Vel\u00e1squez (1 de diciembre de 2025)<\/p>\n<\/li>\n<li data-editable=\"items.1.text\" class=\"list__item vossi-list__item inline-placeholder\">\n<p>            <strong>Bogot\u00e1:<\/strong> \u201cAntolog\u00eda\u201d, de Shakira (28 de noviembre de 2025)<\/p>\n<\/li>\n<li data-editable=\"items.2.text\" class=\"list__item vossi-list__item inline-placeholder\">\n<p>            <strong>Lima:<\/strong> \u201cCari\u00f1ito, de Los Hijos del Sol (25 de noviembre de 2025)<\/p>\n<\/li>\n<li data-editable=\"items.3.text\" class=\"list__item vossi-list__item inline-placeholder\">\n<p>            <strong>Rio de Janeiro:<\/strong> \u201cMas que nada\u201d, de Jorge Ben (22 de noviembre de 2025)<\/p>\n<\/li>\n<li data-editable=\"items.4.text\" class=\"list__item vossi-list__item inline-placeholder\">\n<p>            <strong>Sao Paulo:<\/strong> \u201cMargarida perfumada\u201d, de Timbalada (15 de noviembre de 2025)<\/p>\n<\/li>\n<li data-editable=\"items.5.text\" class=\"list__item vossi-list__item inline-placeholder\">\n<p>            <strong>Sao Paulo:<\/strong> \u201cMagalenha\u201d, de Carlinhos Brown (15 de noviembre de 2025)<\/p>\n<\/li>\n<li data-editable=\"items.6.text\" class=\"list__item vossi-list__item inline-placeholder\">\n<p>            <strong>Santiago de Chile:<\/strong> \u201cEl duelo\u201d, de La Ley (12 de noviembre de 2025)<\/p>\n<\/li>\n<li data-editable=\"items.7.text\" class=\"list__item vossi-list__item inline-placeholder\">\n<p>            <strong>Santiago de Chile:<\/strong> \u201cTu falta de querer\u201d, de Mon Laferte (11 de noviembre de 2025)<\/p>\n<\/li>\n<li data-editable=\"items.8.text\" class=\"list__item vossi-list__item inline-placeholder\">\n<p>            <strong>Buenos Aires:<\/strong> \u201cTu misterioso alguien\u201d, de Miranda! (8 de noviembre de 2025)<\/p>\n<\/li>\n<li data-editable=\"items.9.text\" class=\"list__item vossi-list__item inline-placeholder\">\n<p>            <strong>Buenos Aires:<\/strong> \u201cDe m\u00fasica ligera\u201d, de Soda Stereo (7 de noviembre de 2025)<\/p>\n<\/li>\n<\/ul>\n<p class=\"paragraph inline-placeholder vossi-paragraph\" data-uri=\"es.cms.cnn.com\/_components\/paragraph\/instances\/cmiorz6v2001b356nboy1wzja@published\" data-editable=\"text\" data-component-name=\"paragraph\" data-article-gutter=\"true\">\n            En la fase estadounidense de la gira, la lista de estrellas que se han subido al escenario con Dua Lipa para interpretar sus \u00e9xitos es sorprendente. He aqu\u00ed algunos de esos hitos.\n    <\/p>\n<ul data-editable=\"items\" class=\"list__items list__items--ul vossi-list__items vossi-list__items--ul\">\n<li data-editable=\"items.0.text\" class=\"list__item vossi-list__item inline-placeholder\">\n<p>            <strong>Los \u00c1ngeles:<\/strong> \u201cDon\u2019t Speak\u201d, de No Doubt, cantada con Gwen Stefani (8 de octubre de 2025)<\/p>\n<\/li>\n<li data-editable=\"items.1.text\" class=\"list__item vossi-list__item inline-placeholder\">\n<p>            <strong>Los \u00c1ngeles:<\/strong> \u201cAll Night Long (All Night)\u201d, de Lionel Ritchie, cantada con Lionel Ritchie (7 de octubre de 2025)<\/p>\n<\/li>\n<li data-editable=\"items.2.text\" class=\"list__item vossi-list__item inline-placeholder\">\n<p>            <strong>Los \u00c1ngeles:<\/strong> \u201cCalifornia Dreamin\u2019\u201d, de The Mamas &amp; The Papas (5 de octubre de 2025)<\/p>\n<\/li>\n<li data-editable=\"items.3.text\" class=\"list__item vossi-list__item inline-placeholder\">\n<p>            <strong>Los \u00c1ngeles:<\/strong> \u201cThe Chain\u201d, de Fleetwood Mac (4 de octubre de 2025)<\/p>\n<\/li>\n<li data-editable=\"items.4.text\" class=\"list__item vossi-list__item inline-placeholder\">\n<p>            <strong>Miami:<\/strong> \u201cConga\u201d, de Miami Sound Machine (26 de septiembre de 2025)<\/p>\n<\/li>\n<li data-editable=\"items.5.text\" class=\"list__item vossi-list__item inline-placeholder\">\n<p>            <strong>Nueva York:<\/strong> \u201cIt Ain\u2019t Over \u2018til It\u2019s Over\u201d, de Lenny Kravitz, cantada con Kravitz (21 de septiembre de 2025)<\/p>\n<\/li>\n<li data-editable=\"items.6.text\" class=\"list__item vossi-list__item inline-placeholder\">\n<p>            <strong>Nueva York:<\/strong> \u201cLe Freak\u201d, de Chic, cantada con Niles Rodgers (20 de septiembre de 2025)<\/p>\n<\/li>\n<li data-editable=\"items.7.text\" class=\"list__item vossi-list__item inline-placeholder\">\n<p>            <strong>Nueva York:<\/strong> \u201cOne Way or Another\u201d, de Blondie (18 de septiembre de 2025)<\/p>\n<\/li>\n<li data-editable=\"items.8.text\" class=\"list__item vossi-list__item inline-placeholder\">\n<p>            <strong>Atlanta:<\/strong> \u201cHey Ya!\u201d, de Outkast (13 de septiembre de 2025)<\/p>\n<\/li>\n<li data-editable=\"items.9.text\" class=\"list__item vossi-list__item inline-placeholder\">\n<p>            <strong>Chicago:<\/strong> \u201cSeptember\u201d, de Earth, Wind &amp; Fire (6 de septiembre de 2025)<\/p>\n<\/li>\n<li data-editable=\"items.10.text\" class=\"list__item vossi-list__item inline-placeholder\">\n<p>            <strong>Liverpool:<\/strong> \u201cHey Jude\u201d, de Los Beatles (25 de junio de 2025)<\/p>\n<\/li>\n<li data-editable=\"items.11.text\" class=\"list__item vossi-list__item inline-placeholder\">\n<p>            <strong>Londres:<\/strong> \u201c360\u201d, de Charli XCX, cantada con Charli XCX (21 de junio de 2025)<\/p>\n<\/li>\n<li data-editable=\"items.12.text\" class=\"list__item vossi-list__item inline-placeholder\">\n<p>            <strong>Mil\u00e1n:<\/strong> \u201cA far l\u2019amore comincia tu\u201d, de Raffaella Carr\u00e1 (7 de junio de 2025)<\/p>\n<\/li>\n<li data-editable=\"items.13.text\" class=\"list__item vossi-list__item inline-placeholder\">\n<p>            <strong>Munich:<\/strong> \u201cForever Young\u201d, de Alphaville (31 de mayo de 2025)<\/p>\n<\/li>\n<li data-editable=\"items.14.text\" class=\"list__item vossi-list__item inline-placeholder\">\n<p>            <strong>Hamburgo:<\/strong> \u201cWinds of Change\u201d, de Scorpions (20 de mayo de 2025)<\/p>\n<\/li>\n<li data-editable=\"items.15.text\" class=\"list__item vossi-list__item inline-placeholder\">\n<p>            <strong>Madrid:<\/strong> \u201cMe gustas t\u00fa\u201d, de Manu Chao (12 de mayo de 2025)<\/p>\n<\/li>\n<li data-editable=\"items.16.text\" class=\"list__item vossi-list__item inline-placeholder\">\n<p>            <strong>Madrid:<\/strong> \u201cH\u00e9roe\u201d, de Enrique Iglesias (11 de mayo de 2025)<\/p>\n<\/li>\n<li data-editable=\"items.17.text\" class=\"list__item vossi-list__item inline-placeholder\">\n<p>            <strong>Madrid:<\/strong> \u201cMe gustas t\u00fa\u201d, de Manu Chao (12 de mayo de 2025)<\/p>\n<\/li>\n<li data-editable=\"items.18.text\" class=\"list__item vossi-list__item inline-placeholder\">\n<p>            <strong>Melbourne:<\/strong> \u201cCan\u2019t Get You Out Of My Head\u201d, de Kylie Minogue (20 de marzo de 2025)<\/p>\n<\/li>\n<li data-editable=\"items.19.text\" class=\"list__item vossi-list__item inline-placeholder\">\n<p>            <strong>Melbourne:<\/strong> \u201cHighway to Hell\u201d, de AC\/DC (17 de marzo de 2025)<\/p>\n<\/li>\n<\/ul>\n<p>       <img loading=\"lazy\" decoding=\"async\" src=\"https:\/\/www.europesays.com\/es\/wp-content\/uploads\/2025\/12\/cnne-1639546-dua-lipa-aprovecha-su-visita-a-mexico-para-practicar-espanol.jpg\" alt=\"CNNE 1639546 - dua lipa aprovecha su visita a mexico para practicar espanol\" class=\"image__dam-img image__dam-img--loading\" onload=\"this.classList.remove('image__dam-img--loading')\" onerror=\"imageLoadError(this)\" height=\"900\" width=\"1600\"\/><\/p>\n<p>Dua Lipa aprovecha su visita a M\u00e9xico para practicar espa\u00f1ol\n                <\/p>\n<p>Dua Lipa aprovecha su visita a M\u00e9xico para practicar espa\u00f1ol<\/p>\n<p>01:06     <\/p>\n","protected":false},"excerpt":{"rendered":"CNN Espa\u00f1ol \u00a0\u2014\u00a0 Dua Lipa ha demostrado en su actual gira \u201cRadical Optimism Tour\u201d que la mejor manera&hellip;\n","protected":false},"author":2,"featured_media":269008,"comment_status":"","ping_status":"","sticky":false,"template":"","format":"standard","meta":{"footnotes":""},"categories":[170],"tags":[283,2047,208,14008,146,147,25,24,150,21163,1906,55866,184,185,66237,23],"class_list":{"0":"post-269007","1":"post","2":"type-post","3":"status-publish","4":"format-standard","5":"has-post-thumbnail","7":"category-musica","8":"tag-argentina","9":"tag-chile","10":"tag-conciertos","11":"tag-dua-lipa","12":"tag-entertainment","13":"tag-entretenimiento","14":"tag-es","15":"tag-espana","16":"tag-instanoticias","17":"tag-luis-miguel","18":"tag-mexico","19":"tag-mon-laferte","20":"tag-music","21":"tag-musica","22":"tag-soda-stereo","23":"tag-spain"},"share_on_mastodon":{"url":"https:\/\/pubeurope.com\/@es\/115655745674422618","error":""},"_links":{"self":[{"href":"https:\/\/www.europesays.com\/es\/wp-json\/wp\/v2\/posts\/269007","targetHints":{"allow":["GET"]}}],"collection":[{"href":"https:\/\/www.europesays.com\/es\/wp-json\/wp\/v2\/posts"}],"about":[{"href":"https:\/\/www.europesays.com\/es\/wp-json\/wp\/v2\/types\/post"}],"author":[{"embeddable":true,"href":"https:\/\/www.europesays.com\/es\/wp-json\/wp\/v2\/users\/2"}],"replies":[{"embeddable":true,"href":"https:\/\/www.europesays.com\/es\/wp-json\/wp\/v2\/comments?post=269007"}],"version-history":[{"count":0,"href":"https:\/\/www.europesays.com\/es\/wp-json\/wp\/v2\/posts\/269007\/revisions"}],"wp:featuredmedia":[{"embeddable":true,"href":"https:\/\/www.europesays.com\/es\/wp-json\/wp\/v2\/media\/269008"}],"wp:attachment":[{"href":"https:\/\/www.europesays.com\/es\/wp-json\/wp\/v2\/media?parent=269007"}],"wp:term":[{"taxonomy":"category","embeddable":true,"href":"https:\/\/www.europesays.com\/es\/wp-json\/wp\/v2\/categories?post=269007"},{"taxonomy":"post_tag","embeddable":true,"href":"https:\/\/www.europesays.com\/es\/wp-json\/wp\/v2\/tags?post=269007"}],"curies":[{"name":"wp","href":"https:\/\/api.w.org\/{rel}","templated":true}]}}