{"id":269021,"date":"2025-12-03T13:02:07","date_gmt":"2025-12-03T13:02:07","guid":{"rendered":"https:\/\/www.europesays.com\/es\/269021\/"},"modified":"2025-12-03T13:02:07","modified_gmt":"2025-12-03T13:02:07","slug":"la-ayuda-humanitaria-internacional-sufre-la-mayor-caida-de-financiacion-jamas-registrada","status":"publish","type":"post","link":"https:\/\/www.europesays.com\/es\/269021\/","title":{"rendered":"La ayuda humanitaria internacional sufre la mayor ca\u00edda de financiaci\u00f3n jam\u00e1s registrada"},"content":{"rendered":"<p>El mundo es cada vez m\u00e1s oscuro y registra el mayor n\u00famero de conflictos activos desde 1946. En otro orden, la ayuda humanitaria sufre el mayor desplome de financiaci\u00f3n en su historia. Es el titular que deja el informe <strong>&#8216;La acci\u00f3n humanitaria en 2024-2025: un sistema en crisis, entre recortes, b\u00fasqueda de legitimidad y necesidad de reformas urgentes&#8217;<\/strong>, realizado un a\u00f1o m\u00e1s por el Instituto de <strong>Estudios sobre Conflictos y Acci\u00f3n Humanitaria <\/strong>(IECAH) y <strong>M\u00e9dicos Sin Fronteras<\/strong> (MSF). <\/p>\n<p>El documento, presentado este mi\u00e9rcoles, dibuja un escenario internacional desolador en el que \u00abla ONU y otras instituciones multilaterales est\u00e1n perdiendo eficacia y legitimidad a pasos agigantados, <strong>los gastos en defensa baten r\u00e9cords a\u00f1o tras a\u00f1o<\/strong>, y el n\u00famero de personas desplazadas forzosamente de sus hogares ya duplica al que se registraba hace tan solo una d\u00e9cada\u00bb.<\/p>\n<p>\u00abEl panorama internacional sigue siendo turbio, con cada vez m\u00e1s tendencias negativas, y por primera vez hay un nombre propio que es el <strong>Donald Trump<\/strong>, que causa todo lo que analizamos en el informe\u00bb, afirma <strong>Jes\u00fas N\u00fa\u00f1ez<\/strong>, codirector del IECAH. \u00abHa puesto en jaque al ya deteriorado orden internacional y cualquier filtro como el derecho internacional y la ONU le molesta, por lo que colapsa <strong>los valores y principios propios de los sistemas democr\u00e1ticos\u00bb<\/strong>, a\u00f1ade N\u00fa\u00f1ez. Adem\u00e1s, destaca su capacidad para financiar e inspirar a otros l\u00edderes totalitarios repartidos por el planeta. Preocupa, especialmente, el regreso a \u00ab<strong>una apuesta militarista que ya se sabe en qu\u00e9 deriva\u00bb<\/strong>. \u00abVamos a una mayor oscuridad\u00bb, lamenta el codirector del IECAH.<\/p>\n<p>Esta realidad tiene un impacto directo en <strong>Ucrania, Gaza o Sud\u00e1n, <\/strong>que un a\u00f1o m\u00e1s, seg\u00fan el informe, son los<strong> escenarios m\u00e1s representativos de una violencia prolongada y desproporcionada.<\/strong> Las poblaciones de estos pa\u00edses sufren las consecuencias de las pol\u00edticas de dirigentes, grandes potencias, que siguen reforzando \u00absus pol\u00edticas exteriores agresivas, actuando con impunidad o mostrando escasa capacidad de reacci\u00f3n frente a flagrantes violaciones de derechos humanos\u00bb, a\u00f1ade N\u00fa\u00f1ez. El documento subraya y pone el foco en la invisibilidad del conflicto que atiza <strong>Sud\u00e1n <\/strong>desde el <a href=\"https:\/\/www.rtve.es\/noticias\/20240415\/sudan-guerra-violaciones-derechos-limpieza-etnica-lucha-poder\/16057441.shtml\" rel=\"nofollow noopener\" target=\"_blank\">15 de abril de 2023<\/a>, por los enfrentamientos entre los militares que gobiernan la naci\u00f3n desde <a href=\"https:\/\/www.rtve.es\/noticias\/20211025\/golpe-estado-sudan-militares\/2202120.shtml\" rel=\"nofollow noopener\" target=\"_blank\">el golpe de Estado de 2021<\/a>, lideradas por el general <strong>Abdelfatah al Burhan<\/strong>, y el general Mohamed <strong>Hamdan Dagalo<\/strong>, que encabeza el grupo paramilitar FAR.  En el pa\u00eds africano se libra una <strong>\u00abdescarnada lucha por el poder\u00bb<\/strong> que est\u00e1 provocando una crisis humanitaria sin precedentes a la que la comunidad internacional es incapaz de responder. <\/p>\n<p>2024, un punto de inflexi\u00f3n<\/p>\n<p>Este informe marca un punto de inflexi\u00f3n en el \u00e1mbito de la ayuda. \u00abEn 2024 se ha producido el retroceso m\u00e1s grande en la acci\u00f3n humanitaria\u00bb, destaca <strong>Francisco Rey<\/strong>, codirector del IECAH. El sistema humanitario enfrent\u00f3 <strong>en 2024 la mayor ca\u00edda de financiaci\u00f3n registrada: casi 5.000 millones de d\u00f3lares<\/strong> menos que en 2023, lo que equivale al 10% menos: se ha pasado de un total de <strong>45.700 millones en 2023 a 41.000 millones<\/strong> en 2024. <\/p>\n<p>Lo m\u00e1s llamativo del a\u00f1o pasado es que la mayor parte de la ca\u00edda proviene de los donantes p\u00fablicos: \u00ab<strong>Solo 4 de los 20 principales donantes internacionales aumentaron en m\u00e1s de un 5% sus aportaciones en el \u00faltimo a\u00f1o\u00bb. <\/strong>Tambi\u00e9n enfatiza, no tanto por porcentaje (un 10% menos), pero s\u00ed por volumen (1.700 millones menos), <strong>la reducci\u00f3n presupuestaria de Estados Unidos. <\/strong><\/p>\n<p>En 2025 todo indica que esa tendencia se mantiene.<strong> El recorte en 2025 podr\u00eda llegar al 34% con respecto a 2024 y al 45% con respecto a 2023<\/strong>, a\u00f1o en el que ya se hab\u00eda iniciado el descenso, aunque este fuera a\u00fan muy moderado y afectara sobre todo a fondos privados, no tanto a fondos p\u00fablicos.<strong> \u00abLo que agravar\u00e1 a\u00fan m\u00e1s la brecha entre necesidades crecientes y recursos disponibles, especialmente en contextos de crisis prolongadas\u00bb<\/strong>, recoge el informe<strong>.<\/strong> <\/p>\n<p>\u00abEl a\u00f1o que viene estaremos contando muertos\u00bb<\/p>\n<p>En el periodo analizado, los <strong>Territorios Palestinos Ocupados se convirtieron en el mayor receptor de fondos,<\/strong> con un total de <strong>2.900 millones de d\u00f3lares<\/strong> (un 51% m\u00e1s que en 2023). En el lado opuesto, <strong>Ucrania sufri\u00f3 una ca\u00edda de alrededor del 25% por segundo a\u00f1o <\/strong>consecutivo: de 3.700 a 2.800 millones de d\u00f3lares, mientras que la financiaci\u00f3n a Siria se redujo en una proporci\u00f3n a\u00fan mayor: de 3.500 millones en 2023 a 1.700 en 2024; es decir, menos de la mitad.<\/p>\n<p>\u00abEl a\u00f1o que viene estaremos contando muertos\u00bb, advierte<strong> Raquel Ayora<\/strong>, directora general de MSF Espa\u00f1a. El informe recoge ejemplos de c\u00f3mo esa <strong>falta de financiaci\u00f3n est\u00e1 teniendo graves repercusiones en el acceso a servicios m\u00e9dicos vitales<\/strong>, especialmente en contextos complejos. La directora general de MSF Espa\u00f1a pone ejemplos de los que ven su misi\u00f3n en Baidoa, el epicentro del hambre en Somalia. \u00abSe est\u00e1n viendo gravemente afectados programas esenciales para la prevenci\u00f3n y tratamiento de la malaria, la lucha contra el VIH y la tuberculosis o la desnutrici\u00f3n, y los servicios de salud sexual y reproductiva (SSR)\u00bb, explica Ayora.<\/p>\n<p>Ataques a las misiones m\u00e9dicas y humanitarias<\/p>\n<p><strong>\u00abLos ataques a las misiones m\u00e9dicas miden los ataques a las poblaciones civiles\u00bb<\/strong>, argumentan desde MSF. Es una tendencia que ha ido aumentando en Siria, Sud\u00e1n y Sud\u00e1n del Sur hasta llegar a Gaza, donde los <strong>ataques a las misiones m\u00e9dicas y humanitaria se han convertido en la nueva normalidad.<\/strong> \u00abEn la Franja se ha creado una nueva normalidad y un nuevo marco en el que todo es aceptable con estas pr\u00e1cticas militares descarnadas\u00bb, denuncia. \u00abEn los cualitativos hemos visto un cambio muy brusco que se ha visto en Gaza, el intento de romper con la distribuci\u00f3n de ayuda humanitaria\u00bb, coincide Francisco Rey. Ambas organizaciones denuncian que la <strong>politizaci\u00f3n y la instrumentalizaci\u00f3n de la ayuda<\/strong>, la <strong>violencia contra los trabajadores humanitarios<\/strong> y la <strong>falta de seguridad<\/strong> impiden desde hace a\u00f1os que las organizaciones puedan llegar a las poblaciones m\u00e1s afectadas, particularmente en los escenarios de guerra. <\/p>\n<p>El informe recoge tres tendencias cr\u00edticas y preocupantes: el papel creciente de <strong>actores estatales <\/strong>como principales perpetradores, la afectaci\u00f3n desproporcionada del personal nacional y local, y la escasa atenci\u00f3n al impacto de los ataques contra transportes m\u00e9dicos y humanitarios. \u00abQuienes sufren la mayor\u00eda de estos ataques son nuestros compa\u00f1eros nacionales-locales.<strong> Nadie hace las investigaciones y no hay un sistema de rendici\u00f3n de cuenta<\/strong>\u00ab, lamenta la directora general de MSF. <\/p>\n<p>\u00abEs imprescindible reconocer los condicionantes externos como las deficiencias del sistema, volcando los esfuerzos en diversificar la financiaci\u00f3n, reforzar la rendici\u00f3n de cuentas y descolonizar la ayuda, llevando a cabo cambios estructurales y conceptuales profundos. <strong>El futuro del sector depender\u00e1 de su capacidad para reenfocar sus prioridades hacia la esencia de su misi\u00f3n: salvar vidas y proteger la dignidad humana en los entornos m\u00e1s dif\u00edciles\u201d<\/strong>, concluye Francisco Rey, codirector del IECAH. <\/p>\n<p>Espa\u00f1a reduce los fondos destinados a la ayuda<\/p>\n<p>En el caso de Espa\u00f1a hay malas noticias. \u00abSe ha producido un <strong>descenso notable de los fondos p\u00fablicos destinados a ayuda humanitaria en nuestro pa\u00eds\u00bb<\/strong>, explica el codirector del Instituto sobre Conflictos y Acci\u00f3n Humanitaria. La acci\u00f3n humanitaria de la Administraci\u00f3n p\u00fablica central espa\u00f1ola experiment\u00f3 una reducci\u00f3n significativa respecto al a\u00f1o anterior, pasando de 171,29 millones en 2023 a 130,31 millones de euros, lo que supone un <strong>descenso del 23,92%<\/strong>.<\/p>\n<p>A pesar del descalabro, el panorama de financiaci\u00f3n fue en gran medida similar al de a\u00f1os anteriores, con <strong>los tres principales donantes aportando el 59% de toda la financiaci\u00f3n p\u00fablica<\/strong> y <strong>los diez principales el 84%<\/strong>, lo que, seg\u00fan los autores del Informe, da una buena muestra de la necesidad de acometer cambios profundos en el sistema.<\/p>\n<p><strong>A la acci\u00f3n humanitaria se destinaron 174,17 millones de euros, lo que supone una disminuci\u00f3n del 18,52 % <\/strong>respecto al a\u00f1o anterior. Este descenso, unido al incremento de la AOD neta total, sit\u00faa el <strong>peso relativo de la acci\u00f3n humanitaria dentro del conjunto de la AOD en un 4,33%<\/strong>, frente al 5,95% registrado en 2023, lo cual muestra un claro retroceso. <\/p>\n","protected":false},"excerpt":{"rendered":"El mundo es cada vez m\u00e1s oscuro y registra el mayor n\u00famero de conflictos activos desde 1946. En&hellip;\n","protected":false},"author":2,"featured_media":269022,"comment_status":"","ping_status":"","sticky":false,"template":"","format":"standard","meta":{"footnotes":""},"categories":[42],"tags":[17,18,13,14,11,61,62,63,64,19,20,9,10,15,16,12,21,22,65,66,67],"class_list":{"0":"post-269021","1":"post","2":"type-post","3":"status-publish","4":"format-standard","5":"has-post-thumbnail","7":"category-internacional","8":"tag-breaking-news","9":"tag-breakingnews","10":"tag-featured-news","11":"tag-featurednews","12":"tag-headlines","13":"tag-internacional","14":"tag-international","15":"tag-international-news","16":"tag-internationalnews","17":"tag-latest-news","18":"tag-latestnews","19":"tag-news","20":"tag-noticias","21":"tag-noticias-destacadas","22":"tag-noticiasdestacadas","23":"tag-titulares","24":"tag-ultimas-noticias","25":"tag-ultimasnoticias","26":"tag-world","27":"tag-world-news","28":"tag-worldnews"},"share_on_mastodon":{"url":"https:\/\/pubeurope.com\/@es\/115655773167611908","error":""},"_links":{"self":[{"href":"https:\/\/www.europesays.com\/es\/wp-json\/wp\/v2\/posts\/269021","targetHints":{"allow":["GET"]}}],"collection":[{"href":"https:\/\/www.europesays.com\/es\/wp-json\/wp\/v2\/posts"}],"about":[{"href":"https:\/\/www.europesays.com\/es\/wp-json\/wp\/v2\/types\/post"}],"author":[{"embeddable":true,"href":"https:\/\/www.europesays.com\/es\/wp-json\/wp\/v2\/users\/2"}],"replies":[{"embeddable":true,"href":"https:\/\/www.europesays.com\/es\/wp-json\/wp\/v2\/comments?post=269021"}],"version-history":[{"count":0,"href":"https:\/\/www.europesays.com\/es\/wp-json\/wp\/v2\/posts\/269021\/revisions"}],"wp:featuredmedia":[{"embeddable":true,"href":"https:\/\/www.europesays.com\/es\/wp-json\/wp\/v2\/media\/269022"}],"wp:attachment":[{"href":"https:\/\/www.europesays.com\/es\/wp-json\/wp\/v2\/media?parent=269021"}],"wp:term":[{"taxonomy":"category","embeddable":true,"href":"https:\/\/www.europesays.com\/es\/wp-json\/wp\/v2\/categories?post=269021"},{"taxonomy":"post_tag","embeddable":true,"href":"https:\/\/www.europesays.com\/es\/wp-json\/wp\/v2\/tags?post=269021"}],"curies":[{"name":"wp","href":"https:\/\/api.w.org\/{rel}","templated":true}]}}