{"id":269023,"date":"2025-12-03T13:03:09","date_gmt":"2025-12-03T13:03:09","guid":{"rendered":"https:\/\/www.europesays.com\/es\/269023\/"},"modified":"2025-12-03T13:03:09","modified_gmt":"2025-12-03T13:03:09","slug":"perez-llorca-nombra-un-consell-continuista-y-retira-la-portavocia-a-camarero-que-sigue-como-vicepresidenta","status":"publish","type":"post","link":"https:\/\/www.europesays.com\/es\/269023\/","title":{"rendered":"P\u00e9rez Llorca nombra un Consell continuista y retira la portavoc\u00eda a Camarero, que sigue como vicepresidenta"},"content":{"rendered":"<p class=\"L6-news-detail__text\">Primeros movimientos de <b>Juanfran P\u00e9rez Llorca<\/b> al frente de la Generalitat Valenciana. El flamante president ha anunciado este mi\u00e9rcoles la <b>composici\u00f3n de su<\/b><b>Consell<\/b>: un Ejecutivo con 11 carteras -dos m\u00e1s que hasta ahora-, en el que incorpora una Conselleria de Presidencia, separa competencias de algunos departamentos y <b>mantiene a ocho consellers<\/b> de su predecesor, <b><a title=\"Carlos Maz\u00f3n\" href=\"https:\/\/www.lasexta.com\/noticias\/nacional\/mazon-empieza-vida-como-expresident-oficina-nueva-dos-asesores-coche-oficial-8000-euros-mas-comision-que-reune-hace-5-anos_20251202692f34e19261f37ec739b224.html\" target=\"_blank\" rel=\"nofollow noopener\">Carlos Maz\u00f3n<\/a><\/b>.<\/p>\n<p class=\"L6-news-detail__text\">La <b>portavoc\u00eda <\/b>del nuevo Govern recaer\u00e1 en el conseller de Medio Ambiente, <b>Miguel Barrachina<\/b>, antiguo portavoz del PP en Les Corts. Retira as\u00ed de la portavoc\u00eda a <b><a title=\"Susana Camarero\" href=\"https:\/\/www.lasexta.com\/noticias\/nacional\/quien-pierde-poder-pierde-amigos-camarero-pone-perfil-meses-defendiendo-gestion-mazon_202511266927574d9261f37ec7312103.html\" target=\"_blank\" rel=\"nofollow noopener\">Susana Camarero<\/a><\/b>, que sin embargo seguir\u00e1 siendo la <b>vicepresidenta primera<\/b>, aunque sus competencias cambian ligeramente: adem\u00e1s de seguir siendo la responsable de Vivienda e Igualdad, como hasta ahora, lo ser\u00e1 tambi\u00e9n de Empleo y Juventud y dejar\u00e1 de ser consellera de Servicios Sociales.<\/p>\n<p class=\"L6-news-detail__text\">Por su parte, <b>Pepe D\u00edez Climent<\/b> ocupar\u00e1 la Vicepresidencia Segunda y la Conselleria de Presidencia, de nueva creaci\u00f3n, mientras que <b>Vicente Ordaz<\/b> dejar\u00e1 la presidencia del Consejo de Administraci\u00f3n de la televisi\u00f3n p\u00fablica valenciana, &#8216;\u00c1 Punt&#8217;, para convertirse en el nuevo secretario auton\u00f3mico de Comunicaci\u00f3n.<\/p>\n<p class=\"L6-news-detail__text\"><b>Ra\u00fal M\u00e9rida<\/b>, hasta ahora secretario auton\u00f3mico de Medio Ambiente, ser\u00e1 el nuevo comisionado para la Recuperaci\u00f3n, y<b> Jos\u00e9 Antonio Rovira <\/b>ser\u00e1 el conseller de Econom\u00eda. <b>Elena Albalat <\/b>ser\u00e1 la titular de Servicios Sociales, Familia e Infancia y <b>Mar\u00eda del Carmen Ortiz <\/b>ser\u00e1 la nueva consellera de Educaci\u00f3n.<\/p>\n<p class=\"L6-news-detail__text\">Los consellers que se mantienen en las competencias que ostentaban con Maz\u00f3n son<b> Marciano G\u00f3mez<\/b> en Sanidad; <b>Juan Carlos Valderrama<\/b> en Emergencias e Interior; <b>Marian Cano<\/b> en Industria, Turismo, Innovaci\u00f3n y Comercio; y <b>Nuria Mart\u00ednez<\/b> en Justicia, aunque a partir de ahora con las competencias de Transparencia y sin las de Administraci\u00f3n P\u00fablica.<\/p>\n<p class=\"L6-news-detail__text\">Cambios que P\u00e9rez Llorca ha anunciado un d\u00eda despu\u00e9s de <b><a title=\"tomar posesi\u00f3n\" href=\"https:\/\/www.lasexta.com\/noticias\/nacional\/perez-llorca-toma-posesion-como-president-pidiendo-perdon-victimas-dana-mientras-regala-cargo-mazon_20251202692ed1ed9261f37ec739298a.html\" target=\"_blank\" rel=\"nofollow noopener\">tomar posesi\u00f3n<\/a><\/b> del cargo de president en el parlamento auton\u00f3mico y un mes despu\u00e9s de la <b><a title=\"dimisi\u00f3n\" href=\"https:\/\/www.lasexta.com\/noticias\/nacional\/mazon-tira-victimismo-dimite-como-president-culpando-gobierno-sanchez-puedo-mas_2025110369086aaa513f437cb8f1cefd.html\" target=\"_blank\" rel=\"nofollow noopener\">dimisi\u00f3n<\/a><\/b>de Maz\u00f3n. El nuevo Govern cuenta con <b>tres vicepresidencias<\/b>, una m\u00e1s que el de Maz\u00f3n, y busca, seg\u00fan el nuevo president, abrir \u00abuna nueva etapa de di\u00e1logo, con el objetivo de trabajar por el conjunto de los ciudadanos de la Comunitat Valenciana\u00bb, recoge la agencia Efe.<\/p>\n<p class=\"L6-news-detail__text\"><b><a title=\"*Sigue a laSexta en Google. Toda la actualidad y el mejor contenido aqu\u00ed.\" href=\"https:\/\/profile.google.com\/cp\/CgkvbS8wZG5xejA\" target=\"_blank\" rel=\"nofollow noopener\">*Sigue a laSexta en Google. Toda la actualidad y el mejor contenido aqu\u00ed.<\/a><\/b><\/p>\n<p class=\"L6-support-news-video__title\">Invierno meteorol\u00f3gico<\/p>\n<p>            <a href=\"https:\/\/www.lasexta.com\/noticias\/el-tiempo\/mas-frio-nieve-nieblas-olas-nueve-metros-fuerte-temporal-pone-alerta-nueve-comunidades_20251203692ff28755584d48fb67a7b2.html\" class=\"L6-news__link\" rel=\"nofollow noopener\" target=\"_blank\"><br \/>\n                M\u00e1s fr\u00edo, nieve, nieblas y olas de hasta seis metros: el fuerte temporal pone en alerta nueve comunidades<\/p>\n<p class=\"recirculation-video-desc\">Los detalles La Comunidad de Madrid tiene alerta amarilla (riesgo) por nevadas que dejar\u00e1n una acumulaci\u00f3n de nieve de cinco cent\u00edmetros en 24 horas a partir de unos 1.100-1.200 metros. Castilla y Le\u00f3n ha activado el nivel amarillo en las provincias de Burgos, Palencia y Valladolid por densas nieblas que reducir\u00e1n la visibilidad a 100 metros.<\/p>\n<p>            <\/a><\/p>\n","protected":false},"excerpt":{"rendered":"Primeros movimientos de Juanfran P\u00e9rez Llorca al frente de la Generalitat Valenciana. El flamante president ha anunciado este&hellip;\n","protected":false},"author":2,"featured_media":269024,"comment_status":"","ping_status":"","sticky":false,"template":"","format":"standard","meta":{"footnotes":""},"categories":[8],"tags":[17,18,25,24,13,14,11,19,20,9,10,15,16,23,12,21,22],"class_list":{"0":"post-269023","1":"post","2":"type-post","3":"status-publish","4":"format-standard","5":"has-post-thumbnail","7":"category-espana","8":"tag-breaking-news","9":"tag-breakingnews","10":"tag-es","11":"tag-espana","12":"tag-featured-news","13":"tag-featurednews","14":"tag-headlines","15":"tag-latest-news","16":"tag-latestnews","17":"tag-news","18":"tag-noticias","19":"tag-noticias-destacadas","20":"tag-noticiasdestacadas","21":"tag-spain","22":"tag-titulares","23":"tag-ultimas-noticias","24":"tag-ultimasnoticias"},"share_on_mastodon":{"url":"https:\/\/pubeurope.com\/@es\/115655777000797155","error":""},"_links":{"self":[{"href":"https:\/\/www.europesays.com\/es\/wp-json\/wp\/v2\/posts\/269023","targetHints":{"allow":["GET"]}}],"collection":[{"href":"https:\/\/www.europesays.com\/es\/wp-json\/wp\/v2\/posts"}],"about":[{"href":"https:\/\/www.europesays.com\/es\/wp-json\/wp\/v2\/types\/post"}],"author":[{"embeddable":true,"href":"https:\/\/www.europesays.com\/es\/wp-json\/wp\/v2\/users\/2"}],"replies":[{"embeddable":true,"href":"https:\/\/www.europesays.com\/es\/wp-json\/wp\/v2\/comments?post=269023"}],"version-history":[{"count":0,"href":"https:\/\/www.europesays.com\/es\/wp-json\/wp\/v2\/posts\/269023\/revisions"}],"wp:featuredmedia":[{"embeddable":true,"href":"https:\/\/www.europesays.com\/es\/wp-json\/wp\/v2\/media\/269024"}],"wp:attachment":[{"href":"https:\/\/www.europesays.com\/es\/wp-json\/wp\/v2\/media?parent=269023"}],"wp:term":[{"taxonomy":"category","embeddable":true,"href":"https:\/\/www.europesays.com\/es\/wp-json\/wp\/v2\/categories?post=269023"},{"taxonomy":"post_tag","embeddable":true,"href":"https:\/\/www.europesays.com\/es\/wp-json\/wp\/v2\/tags?post=269023"}],"curies":[{"name":"wp","href":"https:\/\/api.w.org\/{rel}","templated":true}]}}