{"id":269033,"date":"2025-12-03T13:14:13","date_gmt":"2025-12-03T13:14:13","guid":{"rendered":"https:\/\/www.europesays.com\/es\/269033\/"},"modified":"2025-12-03T13:14:13","modified_gmt":"2025-12-03T13:14:13","slug":"rozalen-anuncia-un-paron-por-tiempo-indefinido-para-descansar-soy-un-meme-con-patas-musica","status":"publish","type":"post","link":"https:\/\/www.europesays.com\/es\/269033\/","title":{"rendered":"Rozal\u00e9n anuncia un par\u00f3n por tiempo indefinido para descansar: \u00abSoy un meme con patas\u00bb | M\u00fasica"},"content":{"rendered":"<p class=\"loc\">Madrid<\/p>\n<p><a href=\"https:\/\/cadenaser.com\/castillalamancha\/2024\/11\/01\/la-cantante-rozalen-con-sus-vecinos-en-letur-aqui-todos-somos-familia-radio-albacete\/\" target=\"_blank\" rel=\"noreferrer nofollow noopener\" title=\"https:\/\/cadenaser.com\/castillalamancha\/2024\/11\/01\/la-cantante-rozalen-con-sus-vecinos-en-letur-aqui-todos-somos-familia-radio-albacete\/\">Rozal\u00e9n<\/a> es una de las cantantes m\u00e1s queridas de nuestro pa\u00eds. Su voz inconfundible, su compromiso con diversas causas sociales y su amistad con muchos artistas le han convertido en indispensable en la escena musical, que le ha premiado en multitud de ocasiones.<\/p>\n<p>Despu\u00e9s de 15 a\u00f1os \u00abde productividad continua\u00bb, la cantante ha publicado un v\u00eddeo en sus redes sociales en el que anuncia que se va a dar un respiro: \u00abMe llega mi descanso de la guerrera. A partir de de este uno de enero voy a parar. Voy a descansar, a reflexionar, masticar y digerir todo lo que me ha ocurrido en todos estos a\u00f1os.<\/p>\n<p>Tras el par\u00f3n que han anunciado recientemente tambi\u00e9n <a href=\"https:\/\/cadenaser.com\/canarias\/2025\/10\/16\/valeria-castro-pausa-su-carrera-musical-para-cuidar-de-su-salud-mental-radio-la-palma\/\" target=\"_blank\" rel=\"noreferrer nofollow noopener\" title=\"https:\/\/cadenaser.com\/canarias\/2025\/10\/16\/valeria-castro-pausa-su-carrera-musical-para-cuidar-de-su-salud-mental-radio-la-palma\/\">Valeria Castro<\/a> o <a href=\"https:\/\/cadenaser.com\/nacional\/2025\/11\/21\/buenafuente-anuncia-un-paron-temporal-en-su-actividad-profesional-tengo-que-parar-un-poco-para-recuperarme-cadena-ser\/\" target=\"_blank\" rel=\"noreferrer nofollow noopener\" title=\"https:\/\/cadenaser.com\/nacional\/2025\/11\/21\/buenafuente-anuncia-un-paron-temporal-en-su-actividad-profesional-tengo-que-parar-un-poco-para-recuperarme-cadena-ser\/\">Andreu Buenafuente<\/a>, a Rozal\u00e9n le parece \u00abcurioso que hoy en d\u00eda anunciemos con importancia estas decisiones\u00bb pero cree que es l\u00f3gico \u00abdebido a la presi\u00f3n y a la velocidad\u00bb a la que se les empuja.<\/p>\n<p>\u00abNecesito apartarme de las redes sociales. Necesito estar en casa, en mi pueblo, con la gente que quiero y a la que no he dedicado el tiempo suficiente. Necesito viajar sin trabajar. Necesito silencio, devorar libros. Estoy que me escribo encima y componer al ritmo que dicten mis emociones\u00bb, explica en ese v\u00eddeo al \u00absolecito de oto\u00f1o\u00bb.<\/p>\n<p>\u00abSiento mucho agotamiento emocional\u00bb<\/p>\n<p>La cantante es consciente del \u00abverdadero privilegio\u00bb que supone poder parar pero tambi\u00e9n sabe que se lo ha ganado \u00aba pulso\u00bb. Se muestra \u00abfeliz\u00bb y \u00aborgullosa\u00bb pero reconoce que siente \u00abmucho agotamiento emocional\u00bb.<\/p>\n<p><img decoding=\"async\" src=\"https:\/\/www.europesays.com\/es\/wp-content\/uploads\/2025\/12\/TKKG7X3TTNGZRDDW3Y3BLIE47M.jpg\" alt=\"El amor prohibido entre Angelita y el cura del pueblo, los padres de Rozal\u00e9n: &quot;Sufrimos mucho, pero vali\u00f3 la pena&quot;\" width=\"240\" height=\"135\"  loading=\"lazy\"\/><\/p>\n<p>A continuaci\u00f3n, hace un escueto pero completo repaso por su carrera: \u00abEn estos 15 a\u00f1os he compuesto seis discos. Hemos ofrecido cerca de 700 conciertos en unos 20 pa\u00edses de todo el mundo, sobre todo en Espa\u00f1a, en nuestro pa\u00eds, en Europa y en Latinoam\u00e9rica. He cantado en bares para 20 y tambi\u00e9n en los festivales, teatros y recintos m\u00e1s importantes. He colaborado con aproximadamente 200 compa\u00f1eros. Soy un meme con patas\u00bb, cuenta ri\u00e9ndose, incidiendo en la diferencia de estilos. \u00abDesde Serrat a V\u00edctor Manuel a Kase O, Reincidentes pasando por Estopa, Raphael, Viva Suecia, Omara Portuondo&#8230; Es eterna la lista, por suerte\u00bb, resume.<\/p>\n<p>Tambi\u00e9n recuerda que ha escrito un libro, ha creado un festival contra la despoblaci\u00f3n rural en su pueblo, Letur, ha grabado un podcast y este a\u00f1o hasta ha hecho teatro por primera vez encarnando al mito de Chavela Vargas: \u00abLlevo unas 80 actuaciones este a\u00f1o solo\u00bb.<\/p>\n<p>M\u00e1s informaci\u00f3n<\/p>\n<p>Reconoce que si habla de los reconocimientos que ha recibido durante este tiempo \u00abes bastante abrumador\u00bb: \u00abTengo un Goya a mejor canci\u00f3n en el 2011, Premio Nacional de las M\u00fasicas Actuales del Ministerio de Cultura, tres premios de la Academia de la M\u00fasica Espa\u00f1ola, incluido este a\u00f1o a Artista del a\u00f1o, cinco nominaciones a los Latin Grammys, este a\u00f1o la Academia me otorg\u00f3 uno de sus Leading Ladies. Varios premios de Cadena Dial, Por Ellas de Cadena 100. \u00a1Tengo un sello de correos con la puerta violeta, vamos a ver!\u00bb, se sorprende a s\u00ed misma con el repaso, que va m\u00e1s all\u00e1 del plano musical. <\/p>\n<p>Sorpresas el viernes<\/p>\n<p>Antes de este \u00abhasta pronto\u00bb ha anunciado que tiene unas \u00absorpresitas\u00bb preparadas para el pr\u00f3ximo viernes, 5 de diciembre. \u00abMe queda por tanto este mes y despu\u00e9s no s\u00e9 qu\u00e9 va a pasar y me encanta no saber qu\u00e9 va a pasar\u00bb, confiesa.<\/p>\n<p>Termina dando las gracias a todos los que est\u00e1n ah\u00ed y sabe que muchos se van a alegrar por su descanso.<\/p>\n","protected":false},"excerpt":{"rendered":"Madrid Rozal\u00e9n es una de las cantantes m\u00e1s queridas de nuestro pa\u00eds. Su voz inconfundible, su compromiso con&hellip;\n","protected":false},"author":2,"featured_media":269034,"comment_status":"","ping_status":"","sticky":false,"template":"","format":"standard","meta":{"footnotes":""},"categories":[174],"tags":[255,146,147,25,24,256,23],"class_list":{"0":"post-269033","1":"post","2":"type-post","3":"status-publish","4":"format-standard","5":"has-post-thumbnail","7":"category-famosos","8":"tag-celebrities","9":"tag-entertainment","10":"tag-entretenimiento","11":"tag-es","12":"tag-espana","13":"tag-famosos","14":"tag-spain"},"share_on_mastodon":{"url":"https:\/\/pubeurope.com\/@es\/115655821651924578","error":""},"_links":{"self":[{"href":"https:\/\/www.europesays.com\/es\/wp-json\/wp\/v2\/posts\/269033","targetHints":{"allow":["GET"]}}],"collection":[{"href":"https:\/\/www.europesays.com\/es\/wp-json\/wp\/v2\/posts"}],"about":[{"href":"https:\/\/www.europesays.com\/es\/wp-json\/wp\/v2\/types\/post"}],"author":[{"embeddable":true,"href":"https:\/\/www.europesays.com\/es\/wp-json\/wp\/v2\/users\/2"}],"replies":[{"embeddable":true,"href":"https:\/\/www.europesays.com\/es\/wp-json\/wp\/v2\/comments?post=269033"}],"version-history":[{"count":0,"href":"https:\/\/www.europesays.com\/es\/wp-json\/wp\/v2\/posts\/269033\/revisions"}],"wp:featuredmedia":[{"embeddable":true,"href":"https:\/\/www.europesays.com\/es\/wp-json\/wp\/v2\/media\/269034"}],"wp:attachment":[{"href":"https:\/\/www.europesays.com\/es\/wp-json\/wp\/v2\/media?parent=269033"}],"wp:term":[{"taxonomy":"category","embeddable":true,"href":"https:\/\/www.europesays.com\/es\/wp-json\/wp\/v2\/categories?post=269033"},{"taxonomy":"post_tag","embeddable":true,"href":"https:\/\/www.europesays.com\/es\/wp-json\/wp\/v2\/tags?post=269033"}],"curies":[{"name":"wp","href":"https:\/\/api.w.org\/{rel}","templated":true}]}}