{"id":269045,"date":"2025-12-03T13:23:08","date_gmt":"2025-12-03T13:23:08","guid":{"rendered":"https:\/\/www.europesays.com\/es\/269045\/"},"modified":"2025-12-03T13:23:08","modified_gmt":"2025-12-03T13:23:08","slug":"creo-que-no-representa-a-la-mayor-parte-de-los-contribuyentes","status":"publish","type":"post","link":"https:\/\/www.europesays.com\/es\/269045\/","title":{"rendered":"\u00abCreo que no representa a la mayor parte de los contribuyentes\u00bb"},"content":{"rendered":"<p style=\"\">Apenas ocho meses dur\u00f3 la \u00faltima aventura de <strong>Jaime Cantizano<\/strong> en <a href=\"https:\/\/www.abc.es\/play\/television\/jaime-cantizano-hablar-sonrisa-convierte-imbecil-20230831164344-nt.html\" title=\"www.abc.es\" data-voc-vtm-id=\"in-text-traffic\" data-mrf-link=\"www.abc.es\" rel=\"nofollow noopener\" target=\"_blank\">Televisi\u00f3n Espa\u00f1ola<\/a>, que ya hab\u00eda pasado por la cadena p\u00fablica para programas como &#8216;\u00a1Mira qui\u00e9n baila!&#8217; o la gala de &#8216;Objetivo Eurovisi\u00f3n&#8217;. El pasado verano de 2024, el de Jerez de la  &#8230; Frontera decid\u00eda desligarse de su trabajo al frente de <strong>&#8216;Ma\u00f1aneros&#8217;<\/strong>, el magac\u00edn de las ma\u00f1anas de La 1, donde ser\u00eda reemplazado poco despu\u00e9s por <a href=\"https:\/\/www.abc.es\/gente\/vida-personal-adela-gonzalez-presentadora-mananeros-marido-muerte-hija-estudios-20241018154327-nt.html\" title=\"www.abc.es\" data-voc-vtm-id=\"in-text-traffic\" data-mrf-link=\"www.abc.es\" rel=\"nofollow noopener\" target=\"_blank\">Adela Gonz\u00e1lez<\/a> para afrontar un nuevo proyecto profesional: el de ponerse al frente de las <strong>nuevas tardes de Onda Cero<\/strong> con <strong>&#8216;Por fin&#8217;<\/strong>, el programa que recoger\u00eda el testigo de <a href=\"https:\/\/www.abc.es\/play\/television\/noticias\/abci-despedida-julia-otero-202304131045_noticia.html\" title=\"www.abc.es\" data-voc-vtm-id=\"in-text-traffic\" data-mrf-link=\"www.abc.es\" rel=\"nofollow noopener\" target=\"_blank\">Julia Otero<\/a>.<\/p>\n<p class=\"voc-p\" style=\"\">Despu\u00e9s de <a href=\"https:\/\/www.abc.es\/play\/television\/noticias\/jaime-cantizano-dejara-tve-tras-peticion-julia-20240416153319-nt.html\" title=\"www.abc.es\" data-voc-vtm-id=\"in-text-traffic\" data-mrf-link=\"www.abc.es\" rel=\"nofollow noopener\" target=\"_blank\">esta abrupta salida<\/a>, \u00e9l mismo admiti\u00f3 durante una entrevista en <strong>&#8216;Espejo P\u00fablico&#8217;<\/strong> con <strong>Susanna Griso<\/strong> que hab\u00eda pasado un momento muy dif\u00edcil durante su tiempo en RTVE. \u00ab<strong>No he estado tan cerca de la crisis personal como en el \u00faltimo a\u00f1o<\/strong>. En el mes de mayo ya estaba que no pod\u00eda m\u00e1s con el trabajo, <strong>estaba al l\u00edmite<\/strong>. Me molestaba todo, me enfadaba por todo. Hablar de depresi\u00f3n me parece un tema muy serio, pero <strong>estaba destruido<\/strong>\u00bb, le cont\u00f3 a la presentadora de Antena 3, poco despu\u00e9s de su regreso a la cadena de radio de Atresmedia. <\/p>\n<p class=\"voc-p\" style=\"\">Desde entonces, <a href=\"https:\/\/www.abc.es\/gente\/jaime-cantizano-celebra-boda-alto-detalles-20250720140106-nt.html\" title=\"www.abc.es\" data-voc-vtm-id=\"in-text-traffic\" data-mrf-link=\"www.abc.es\" rel=\"nofollow noopener\" target=\"_blank\">Cantizano<\/a> no se ha cortado a la hora de hablar de los momentos tensos que ha vivido durante su tiempo en televisi\u00f3n, que le han llevado a no querer regresar a este medio. As\u00ed lo ha hecho recientemente en una entrevista para <a href=\"https:\/\/www.eleconomista.es\/informalia\/television\/noticias\/13659545\/11\/25\/jaime-cantizano-locutor-la-politica-salvame-nos-distrae-con-las-amigas-de-abalos-para-que-no-hablemos-de-la-corrupcion-sistemica-de-este-pais.html\" title=\"www.eleconomista.es\" data-voc-vtm-id=\"in-text-traffic\" data-mrf-link=\"www.eleconomista.es\" rel=\"nofollow noopener\" target=\"_blank\">el portal Informalia, de El Economista<\/a>, donde se ha sincerado sobre c\u00f3mo fue su etapa en la televisi\u00f3n p\u00fablica y donde ha hecho hincapi\u00e9 en los motivos que le han hecho estar descontento con la peque\u00f1a pantalla.<\/p>\n<p>\nJaime Cantizano habla alto y claro sobre su salida de TVE y explica por qu\u00e9 no quiere volver a la televisi\u00f3n\n<\/p>\n<p class=\"voc-p\" style=\"\">Seg\u00fan ha desvelado el andaluz en esta charla, se dio cuenta de que en televisi\u00f3n <strong>\u00abes m\u00e1s f\u00e1cil encontrar situaciones controvertidas\u00bb<\/strong> que en la radio, donde ahora ha encontrado la estabilidad. Para \u00e9l, hab\u00eda <strong>cosas que no eran negociables<\/strong>, especialmente tras a\u00f1os de experiencia. As\u00ed, durante esta etapa como presentador se dio cuenta que <strong>no estaba dispuesto a que le impusieran \u00abuna manera de contar determinadas noticias<\/strong> o aceptar que un caso de corrupci\u00f3n sea enfocado o explicado de una manera que se aleja un tanto de la realidad\u00bb. <\/p>\n<p class=\"voc-p\" style=\"\">Cantizano ha insistido en que ahora mismo existe un gran peligro: el de que la verdad se maneje \u00abde manera interesada por unos y por otros\u00bb. Sin embargo, \u00abesta manipulaci\u00f3n de la informaci\u00f3n\u00bb no es algo que, a ojos del locutor radiof\u00f3nico, suceda en todos los medios: \u00ab<strong>En Atresmedia es donde m\u00e1s libertad he encontrado<\/strong> a la hora de confeccionar un programa, y no lo digo porque est\u00e9 trabajando aqu\u00ed\u00bb.<\/p>\n<p class=\"voc-p\" style=\"\">Una de las tentaciones en las que muchos compa\u00f1eros de profesi\u00f3n caen es en la de \u00abseleccionar equipos porque te caigan bien\u00bb. No obstante, durante sus m\u00e1s de 30 a\u00f1os de experiencia, el que fuera presentador de &#8216;\u00bfD\u00f3nde est\u00e1s coraz\u00f3n?&#8217; se dio cuenta de que la clave es \u00abestar rodeado de gente mucho m\u00e1s inteligente que yo, <strong>gente que no piense como yo y que contribuya al debate social<\/strong>, no que lleguen con una bandera y con una consigna\u00bb: <strong>\u00abMis colaboradores no destacan por ser la voz de un amo\u00bb<\/strong>.<\/p>\n<p class=\"voc-p\" style=\"\">Respecto a la oferta para regresar a TVE para ponerse al frente de las ma\u00f1anas, Jaime Cantizano ha insistido en que sinti\u00f3 que <strong>era una oportunidad que no pod\u00eda rechazar<\/strong>. \u00abDespu\u00e9s de tanto tiempo sin hacer televisi\u00f3n, <strong>quer\u00eda saber c\u00f3mo de engrasada estaba mi maquinaria<\/strong>, y con satisfacci\u00f3n tengo que decirte que estaba bien engrasada\u00bb, ha desvelado el conductor de programas. <\/p>\n<p>\nJaime Cantizano, tajante sobre si los contribuyentes se sienten representados en TVE\n<\/p>\n<p class=\"voc-p\" style=\"\">Para \u00e9l, que hab\u00eda trabajado buena parte de su trayectoria en la empresa privada, el reto era el <strong>\u00abintentar que el mayor n\u00famero de espectadores, de contribuyentes, se sintieran representados\u00bb<\/strong>: \u00abEsa fue mi posici\u00f3n. No puedo llegar y, por mi manera de entender c\u00f3mo debo presentar un programa, <strong>dar una patada a unos o rechazar a otros<\/strong>\u00bb.<\/p>\n<p class=\"voc-p\" style=\"\">A pesar de esta posici\u00f3n del actual locutor de Onda Cero, lo cierto es que no siempre se cumple este objetivo, como sucede ahora. Preguntado por si la mayor parte de <strong>contribuyentes con Televisi\u00f3n Espa\u00f1ola se sienten representados<\/strong>, el de Jerez ha sentenciado que <strong>\u00abcree que no\u00bb<\/strong> a ra\u00edz de los contenidos que se han elegido.<\/p>\n<p class=\"voc-p\" style=\"\">\u00abYo creo que no. <strong>Se ha apostado por un tipo de programaci\u00f3n<\/strong>, esta f\u00f3rmula en la que el <strong>infoentretenimiento permite jugar con la con la informaci\u00f3n y con la opini\u00f3n<\/strong>\u00bb, ha admitido el presentador al hablar de los nuevos espacios de TVE.<\/p>\n","protected":false},"excerpt":{"rendered":"Apenas ocho meses dur\u00f3 la \u00faltima aventura de Jaime Cantizano en Televisi\u00f3n Espa\u00f1ola, que ya hab\u00eda pasado por&hellip;\n","protected":false},"author":2,"featured_media":269046,"comment_status":"","ping_status":"","sticky":false,"template":"","format":"standard","meta":{"footnotes":""},"categories":[91],"tags":[66245,66246,10345,6727,146,147,25,24,11907,17213,31,863,20972,4212,1089,57,23,3156],"class_list":{"0":"post-269045","1":"post","2":"type-post","3":"status-publish","4":"format-standard","5":"has-post-thumbnail","7":"category-entretenimiento","8":"tag-cantizano","9":"tag-contribuyentes","10":"tag-creo","11":"tag-dice","12":"tag-entertainment","13":"tag-entretenimiento","14":"tag-es","15":"tag-espana","16":"tag-espanoles","17":"tag-jaime","18":"tag-mayor","19":"tag-parte","20":"tag-piensan","21":"tag-representa","22":"tag-rumbo","23":"tag-sobre","24":"tag-spain","25":"tag-tve"},"share_on_mastodon":{"url":"https:\/\/pubeurope.com\/@es\/115655855682231414","error":""},"_links":{"self":[{"href":"https:\/\/www.europesays.com\/es\/wp-json\/wp\/v2\/posts\/269045","targetHints":{"allow":["GET"]}}],"collection":[{"href":"https:\/\/www.europesays.com\/es\/wp-json\/wp\/v2\/posts"}],"about":[{"href":"https:\/\/www.europesays.com\/es\/wp-json\/wp\/v2\/types\/post"}],"author":[{"embeddable":true,"href":"https:\/\/www.europesays.com\/es\/wp-json\/wp\/v2\/users\/2"}],"replies":[{"embeddable":true,"href":"https:\/\/www.europesays.com\/es\/wp-json\/wp\/v2\/comments?post=269045"}],"version-history":[{"count":0,"href":"https:\/\/www.europesays.com\/es\/wp-json\/wp\/v2\/posts\/269045\/revisions"}],"wp:featuredmedia":[{"embeddable":true,"href":"https:\/\/www.europesays.com\/es\/wp-json\/wp\/v2\/media\/269046"}],"wp:attachment":[{"href":"https:\/\/www.europesays.com\/es\/wp-json\/wp\/v2\/media?parent=269045"}],"wp:term":[{"taxonomy":"category","embeddable":true,"href":"https:\/\/www.europesays.com\/es\/wp-json\/wp\/v2\/categories?post=269045"},{"taxonomy":"post_tag","embeddable":true,"href":"https:\/\/www.europesays.com\/es\/wp-json\/wp\/v2\/tags?post=269045"}],"curies":[{"name":"wp","href":"https:\/\/api.w.org\/{rel}","templated":true}]}}