{"id":269051,"date":"2025-12-03T13:26:10","date_gmt":"2025-12-03T13:26:10","guid":{"rendered":"https:\/\/www.europesays.com\/es\/269051\/"},"modified":"2025-12-03T13:26:10","modified_gmt":"2025-12-03T13:26:10","slug":"tras-anos-de-ataques-de-trump-contra-somalies-en-minnesota-ice-se-centra-en-las-ciudades-gemelas","status":"publish","type":"post","link":"https:\/\/www.europesays.com\/es\/269051\/","title":{"rendered":"Tras a\u00f1os de ataques de Trump contra somal\u00edes en Minnesota, ICE se centra en las Ciudades Gemelas"},"content":{"rendered":"<p>      CNN<br \/>\n        \u00a0\u2014\u00a0<\/p>\n<p class=\"paragraph inline-placeholder vossi-paragraph\" data-uri=\"es.cms.cnn.com\/_components\/paragraph\/instances\/cmiptag41004p28p6c8baengu@published\" data-editable=\"text\" data-component-name=\"paragraph\" data-article-gutter=\"true\">\n            Cuando se le pregunt\u00f3 al presidente Donald Trump sobre c\u00f3mo se sentir\u00edan los afganos que se encuentran legalmente en Estados Unidos sobre su decisi\u00f3n de pausar la emisi\u00f3n de visas para ellos despu\u00e9s de que el presunto atacante de los miembros de la Guardia Nacional fuera identificado como un ciudadano afgano, apunt\u00f3 a otro pa\u00eds en el mismo tono: Somalia.\n    <\/p>\n<p class=\"paragraph inline-placeholder vossi-paragraph\" data-uri=\"es.cms.cnn.com\/_components\/paragraph\/instances\/cmiptca340004356nz0xufsdj@published\" data-editable=\"text\" data-component-name=\"paragraph\" data-article-gutter=\"true\">\n            \u201cNo pueden estar contentos por lo que est\u00e1 sucediendo  y, si nos fijamos en Somalia, est\u00e1n tomando el control de Minnesota\u201d, dijo Trump en comentarios a los periodistas despu\u00e9s de su llamado a los miembros del servicio en el D\u00eda de Acci\u00f3n de Gracias.\n    <\/p>\n<p class=\"paragraph inline-placeholder vossi-paragraph\" data-uri=\"es.cms.cnn.com\/_components\/paragraph\/instances\/cmiptca340005356nlvp9ekn5@published\" data-editable=\"text\" data-component-name=\"paragraph\" data-article-gutter=\"true\">\n            Momentos despu\u00e9s, aclar\u00f3 que el presunto atacante no ten\u00eda nada que ver con Somalia. Sin embargo, el presidente continu\u00f3 con su ret\u00f3rica hostil hacia la poblaci\u00f3n somal\u00ed en Minneapolis desde entonces.\n    <\/p>\n<p class=\"paragraph inline-placeholder vossi-paragraph\" data-uri=\"es.cms.cnn.com\/_components\/paragraph\/instances\/cmiptca340006356ne4j5d773@published\" data-editable=\"text\" data-component-name=\"paragraph\" data-article-gutter=\"true\">\n            En los \u00faltimos meses, la administraci\u00f3n Trump sigui\u00f3 su <a href=\"https:\/\/www.cnn.com\/2025\/10\/16\/us\/ice-tactics-raids-arrests-dhs\" rel=\"nofollow noopener\" target=\"_blank\">amplia ofensiva de deportaci\u00f3n<\/a> de inmigrantes, con un aumento de agentes federales inundando las calles de ciudades dem\u00f3cratas como Los \u00c1ngeles, Washington, <a href=\"https:\/\/www.cnn.com\/2025\/10\/17\/us\/chicago-immigration-crackdown\" rel=\"nofollow noopener\" target=\"_blank\">Chicago<\/a> , <a href=\"https:\/\/www.cnn.com\/2025\/11\/17\/us\/charlotte-north-carolina-immigration-border-patrol\" rel=\"nofollow noopener\" target=\"_blank\">Charlotte<\/a> y Nueva Orleans, donde se espera que agentes del Departamento de Seguridad Nacional lleguen esta semana.\n    <\/p>\n<p class=\"paragraph inline-placeholder vossi-paragraph\" data-uri=\"es.cms.cnn.com\/_components\/paragraph\/instances\/cmiptal940000356nsuhzrzuy@published\" data-editable=\"text\" data-component-name=\"paragraph\" data-article-gutter=\"true\">\n            Pero un nuevo operativo del Servicio de Inmigraci\u00f3n y Control de Aduanas (ICE), seg\u00fan declar\u00f3 un funcionario federal a CNN el martes, se centrar\u00e1 espec\u00edficamente en los inmigrantes somal\u00edes indocumentados en Minneapolis y St. Paul, Minnesota. Esta comunidad, una de las m\u00e1s grandes de Estados Unidos, es una de las pocas en las que el presidente se ha centrado directamente durante a\u00f1os.\n    <\/p>\n<p class=\"paragraph inline-placeholder vossi-paragraph\" data-uri=\"es.cms.cnn.com\/_components\/paragraph\/instances\/cmiptd6jn000c356nfzrqeh8b@published\" data-editable=\"text\" data-component-name=\"paragraph\" data-article-gutter=\"true\">\n            As\u00ed es como llegamos aqu\u00ed:\n    <\/p>\n<p>        Trump critica a somal\u00edes tras tiroteo en la Guardia Nacional y esc\u00e1ndalo de financiaci\u00f3n<\/p>\n<p class=\"paragraph inline-placeholder vossi-paragraph\" data-uri=\"es.cms.cnn.com\/_components\/paragraph\/instances\/cmiptd6jo000d356nus574dgu@published\" data-editable=\"text\" data-component-name=\"paragraph\" data-article-gutter=\"true\">\n            En ataques recientes contra la comunidad somal\u00ed, el presidente y sus aliados han citado con frecuencia un esc\u00e1ndalo de fraude de  US$ 300 millones que se centr\u00f3 en Feeding Our Future, una organizaci\u00f3n sin fines de lucro, y un programa de Covid-19 destinado a proporcionar comidas gratuitas a ni\u00f1os necesitados.\n    <\/p>\n<p class=\"paragraph inline-placeholder vossi-paragraph\" data-uri=\"es.cms.cnn.com\/_components\/paragraph\/instances\/cmiptd6jo000e356n7yos3lgu@published\" data-editable=\"text\" data-component-name=\"paragraph\" data-article-gutter=\"true\">\n            La gran mayor\u00eda de las <a href=\"https:\/\/www.justice.gov\/usao-mn\/pr\/78th-defendant-charged-feeding-our-future-fraud-scheme\" target=\"_blank\" rel=\"nofollow noopener\">aproximadamente 70 personas<\/a> acusadas en el caso son miembros de la comunidad somal\u00ed del estado, inform\u00f3 CNN.\n    <\/p>\n<p class=\"paragraph inline-placeholder vossi-paragraph\" data-uri=\"es.cms.cnn.com\/_components\/paragraph\/instances\/cmiptd6jo000f356naibytc7n@published\" data-editable=\"text\" data-component-name=\"paragraph\" data-article-gutter=\"true\">\n            Los fiscales alegaron que los acusados \u200b\u200bcrearon una red de empresas fantasma vinculadas a Feeding Our Future para explotar el programa federal de nutrici\u00f3n infantil, afirmando que alimentaban a miles de ni\u00f1os por d\u00eda, pero en cambio utilizaban el dinero para comprar veh\u00edculos de lujo y bienes ra\u00edces.\n    <\/p>\n<p class=\"paragraph inline-placeholder vossi-paragraph\" data-uri=\"es.cms.cnn.com\/_components\/paragraph\/instances\/cmiptd6jo000g356n8y0ho0vi@published\" data-editable=\"text\" data-component-name=\"paragraph\" data-article-gutter=\"true\">\n            Treinta y siete acusados \u200b\u200bse han declarado culpables, <a href=\"https:\/\/nam11.safelinks.protection.outlook.com\/?url=https%3A%2F%2Fapnews.com%2Farticle%2Ffeeding-our-future-pandemic-fraud-trial-847f42be252ecd373c60125fd4fae6e9&amp;data=05%7C02%7Cemma.tucker%40cnn.com%7C0319cf33cf604d77d42308de31fd7886%7C0eb48825e8714459bc72d0ecd68f1f39%7C0%7C0%7C639003162079869677%7CUnknown%7CTWFpbGZsb3d8eyJFbXB0eU1hcGkiOnRydWUsIlYiOiIwLjAuMDAwMCIsIlAiOiJXaW4zMiIsIkFOIjoiTWFpbCIsIldUIjoyfQ%3D%3D%7C0%7C%7C%7C&amp;sdata=hFkmtWv%2BwZO8TVmS%2BywTh8dJMdyQ69E4KnXte5OWtz8%3D&amp;reserved=0\" target=\"_blank\" rel=\"nofollow noopener\">seg\u00fan AP<\/a>. <a href=\"https:\/\/nam11.safelinks.protection.outlook.com\/?url=https%3A%2F%2Fapnews.com%2Farticle%2Fminnesota-food-fraud-bag-of-cash-8752231fd8c74762209bac8f35a592e4&amp;data=05%7C02%7Cemma.tucker%40cnn.com%7C0319cf33cf604d77d42308de31fd7886%7C0eb48825e8714459bc72d0ecd68f1f39%7C0%7C0%7C639003162079891878%7CUnknown%7CTWFpbGZsb3d8eyJFbXB0eU1hcGkiOnRydWUsIlYiOiIwLjAuMDAwMCIsIlAiOiJXaW4zMiIsIkFOIjoiTWFpbCIsIldUIjoyfQ%3D%3D%7C0%7C%7C%7C&amp;sdata=Fws2r2y3Zm9gaCRAd%2FIoty8Ug%2BL%2FOl4ryVS97tr7%2B1w%3D&amp;reserved=0\" target=\"_blank\" rel=\"nofollow noopener\">Cinco de ellos fueron condenados<\/a> en un grupo de acusados \u200b\u200bque fueron juzgados el a\u00f1o pasado, inform\u00f3 AP.\n    <\/p>\n<p class=\"paragraph inline-placeholder vossi-paragraph\" data-uri=\"es.cms.cnn.com\/_components\/paragraph\/instances\/cmiptd6jo000h356n8hs1jiu3@published\" data-editable=\"text\" data-component-name=\"paragraph\" data-article-gutter=\"true\">\n            Trump hizo referencia al esc\u00e1ndalo una semana antes del D\u00eda de Acci\u00f3n de Gracias, calificando a Minnesota de \u201ccentro de actividad fraudulenta de lavado de dinero\u201d mientras anunciaba planes para terminar el Estatus de Protecci\u00f3n Temporal para los residentes somal\u00edes en el estado.\n    <\/p>\n<p class=\"paragraph inline-placeholder vossi-paragraph\" data-uri=\"es.cms.cnn.com\/_components\/paragraph\/instances\/cmiptd2g7000a356nf6e06arj@published\" data-editable=\"text\" data-component-name=\"paragraph\" data-article-gutter=\"true\">\n            \u201cLas bandas somal\u00edes est\u00e1n aterrorizando a la gente de ese gran Estado, y miles de millones de d\u00f3lares han desaparecido. Devu\u00e9lvanlos a sus lugares de origen\u201d, declar\u00f3 Trump en Truth Social.\n    <\/p>\n<p class=\"paragraph inline-placeholder vossi-paragraph\" data-uri=\"es.cms.cnn.com\/_components\/paragraph\/instances\/cmiptdpu2000n356njhwju4mg@published\" data-editable=\"text\" data-component-name=\"paragraph\" data-article-gutter=\"true\">\n            Luego, el d\u00eda del tiroteo de la Guardia Nacional, Trump prometi\u00f3 intensificar su agenda antiinmigratoria despu\u00e9s de que el sospechoso fuera identificado como un ciudadano afgano, y afirm\u00f3 que el incidente \u201csubraya la mayor amenaza a la seguridad nacional que enfrenta nuestra naci\u00f3n\u201d.\n    <\/p>\n<p class=\"paragraph inline-placeholder vossi-paragraph\" data-uri=\"es.cms.cnn.com\/_components\/paragraph\/instances\/cmiptdpu2000o356n50e0xga7@published\" data-editable=\"text\" data-component-name=\"paragraph\" data-article-gutter=\"true\">\n            Arremetiendo contra los inmigrantes somal\u00edes en Minnesota, Trump afirm\u00f3 que estaban \u201crobando a nuestro pa\u00eds y destrozando ese otrora gran estado\u201d. Describi\u00f3 a Somalia como un pa\u00eds \u201csin leyes, sin agua, sin ej\u00e9rcito, sin nada\u201d.\n    <\/p>\n<p class=\"paragraph inline-placeholder vossi-paragraph\" data-uri=\"es.cms.cnn.com\/_components\/paragraph\/instances\/cmiptdpu2000p356n1r0leodj@published\" data-editable=\"text\" data-component-name=\"paragraph\" data-article-gutter=\"true\">\n            D\u00edas despu\u00e9s, Trump concluy\u00f3 su reuni\u00f3n de gabinete el martes afirmando que no quiere inmigrantes somal\u00edes en Estados Unidos. Se refiri\u00f3 a la comunidad y a la representante dem\u00f3crata estadounidense Ilhan Omar, inmigrante somal\u00ed que representa a Minnesota, como \u201cbasura\u201d que deber\u00eda \u201cregresar a sus lugares de origen\u201d.\n    <\/p>\n<p>        Trump lleva a\u00f1os manifest\u00e1ndose contra los somal\u00edes<\/p>\n<p class=\"paragraph inline-placeholder vossi-paragraph\" data-uri=\"es.cms.cnn.com\/_components\/paragraph\/instances\/cmiptdpu2000r356njosmrvat@published\" data-editable=\"text\" data-component-name=\"paragraph\" data-article-gutter=\"true\">\n            Pero Trump ha puesto su mira en la poblaci\u00f3n somal\u00ed de Minnesota y se ha manifestado durante a\u00f1os contra Omar, que se convirti\u00f3 en la primera somal\u00ed-estadounidense elegida para el Congreso en 2018.\n    <\/p>\n<p class=\"paragraph inline-placeholder vossi-paragraph\" data-uri=\"es.cms.cnn.com\/_components\/paragraph\/instances\/cmiptdpu2000s356n02r5l57t@published\" data-editable=\"text\" data-component-name=\"paragraph\" data-article-gutter=\"true\">\n            Somalia tambi\u00e9n estuvo en la <a href=\"https:\/\/www.cnn.com\/2017\/01\/29\/politics\/how-the-trump-administration-chose-the-7-countries\/index.html\" rel=\"nofollow noopener\" target=\"_blank\">lista de pa\u00edses con prohibici\u00f3n de viaje<\/a> durante el primer mandato presidencial de Trump. Bajo la administraci\u00f3n de Obama, varios pa\u00edses de mayor\u00eda musulmana, incluyendo Somalia, fueron identificados como \u201cpa\u00edses de preocupaci\u00f3n\u201d y sujetos a restricciones de viaje. Somalia se hab\u00eda a\u00f1adido para abordar \u201cla creciente amenaza de combatientes terroristas extranjeros\u201d, seg\u00fan un <a href=\"https:\/\/www.dhs.gov\/archive\/news\/2016\/02\/18\/dhs-announces-further-travel-restrictions-visa-waiver-program\" target=\"_blank\" rel=\"nofollow noopener\">comunicado del Departamento de Seguridad Nacional<\/a> .\n    <\/p>\n<p class=\"paragraph inline-placeholder vossi-paragraph\" data-uri=\"es.cms.cnn.com\/_components\/paragraph\/instances\/cmiptdpu2000t356n9t97syr7@published\" data-editable=\"text\" data-component-name=\"paragraph\" data-article-gutter=\"true\">\n            Cuando Trump asumi\u00f3 el cargo, las restricciones se convirtieron en una prohibici\u00f3n de viajar.\n    <\/p>\n<p class=\"paragraph inline-placeholder vossi-paragraph\" data-uri=\"es.cms.cnn.com\/_components\/paragraph\/instances\/cmiptdpu2000u356nr8marane@published\" data-editable=\"text\" data-component-name=\"paragraph\" data-article-gutter=\"true\">\n            En <a href=\"https:\/\/www.cnn.com\/2019\/10\/10\/politics\/donald-trump-campaign-rally-minnesota\" rel=\"nofollow noopener\" target=\"_blank\">un mitin en Minneapolis<\/a> en 2019, Trump cuestion\u00f3 la justificaci\u00f3n para permitir que los refugiados somal\u00edes se establecieran en el Estado de la Estrella del Norte mientras promocionaba su prohibici\u00f3n de viajes. \u201cDurante muchos a\u00f1os, los l\u00edderes de Washington trajeron grandes cantidades de refugiados a su estado desde Somalia sin considerar el impacto en las escuelas, las comunidades y los contribuyentes\u201d, declar\u00f3.\n    <\/p>\n<p class=\"paragraph inline-placeholder vossi-paragraph\" data-uri=\"es.cms.cnn.com\/_components\/paragraph\/instances\/cmiptdpu2000v356n2muwi56q@published\" data-editable=\"text\" data-component-name=\"paragraph\" data-article-gutter=\"true\">\n            Luego atac\u00f3 a Omar, que representa al distrito donde se realiz\u00f3 la manifestaci\u00f3n, calific\u00e1ndolo de \u201cverg\u00fcenza\u201d.\n    <\/p>\n<p class=\"paragraph inline-placeholder vossi-paragraph\" data-uri=\"es.cms.cnn.com\/_components\/paragraph\/instances\/cmiptdpu2000w356n63ep6bj7@published\" data-editable=\"text\" data-component-name=\"paragraph\" data-article-gutter=\"true\">\n            Minnesota <a href=\"https:\/\/www.cnn.com\/interactive\/2017\/02\/us\/somali-minnesota-photos\/\" rel=\"nofollow noopener\" target=\"_blank\">es el hogar<\/a> de m\u00e1s de 79.000 somal\u00edes, aproximadamente el 80 % de los cuales residen en las Ciudades Gemelas, seg\u00fan <a href=\"https:\/\/www.mncompass.org\/topics\/demographics\/cultural-communities\/somali\" target=\"_blank\" rel=\"nofollow noopener\">Minnesota Compas<\/a>.\n    <\/p>\n<p class=\"paragraph inline-placeholder vossi-paragraph\" data-uri=\"es.cms.cnn.com\/_components\/paragraph\/instances\/cmiptdpu2000x356nd0lav9vc@published\" data-editable=\"text\" data-component-name=\"paragraph\" data-article-gutter=\"true\">\n            Los ciudadanos de Somalia obtuvieron por primera vez el Estatus de Protecci\u00f3n Temporal en 1991, cuando el pa\u00eds se sumi\u00f3 en el caos tras el derrocamiento del dictador Mohamed Siad Barre. En 2013, Estados Unidos reconoci\u00f3 oficialmente al gobierno somal\u00ed en Mogadiscio por primera vez en dos d\u00e9cadas, <a href=\"https:\/\/www.cnn.com\/2013\/01\/17\/us\/somalia-recognition\" rel=\"nofollow noopener\" target=\"_blank\">seg\u00fan inform\u00f3 CNN.<\/a>\n    <\/p>\n<p>       <img decoding=\"async\" src=\"https:\/\/www.europesays.com\/es\/wp-content\/uploads\/2025\/12\/ice-1-20251203094218483.jpg\" alt=\"El alcalde de Minneapolis, Jacob Frey, habla durante una conferencia de prensa dirigida a los medios tras los informes de que la administraci\u00f3n Trump perseguir\u00e1 a los inmigrantes somal\u00edes en las Ciudades Gemelas. El evento se llev\u00f3 a cabo en el Ayuntamiento de Minneapolis el martes 2 de diciembre de 2025. (Leila Navidi\/Star Tribune v\u00eda AP)\" class=\"image__dam-img image__dam-img--loading\" onload=\"this.classList.remove('image__dam-img--loading')\" onerror=\"imageLoadError(this)\" height=\"574\" width=\"860\" loading=\"lazy\"\/><\/p>\n<p class=\"paragraph inline-placeholder vossi-paragraph\" data-uri=\"es.cms.cnn.com\/_components\/paragraph\/instances\/cmiptdmdc000l356n62np0i6f@published\" data-editable=\"text\" data-component-name=\"paragraph\" data-article-gutter=\"true\">\n            Somalia mantuvo el TPS \u201cdebido a la inseguridad y al conflicto armado en curso que representan graves amenazas para la seguridad de los retornados\u201d, seg\u00fan <a href=\"https:\/\/www.congress.gov\/crs-product\/RS20844#fn176\" target=\"_blank\" rel=\"nofollow noopener\">la<\/a> legislaci\u00f3n\n    <\/p>\n<p class=\"paragraph inline-placeholder vossi-paragraph\" data-uri=\"es.cms.cnn.com\/_components\/paragraph\/instances\/cmiptjqqy0014356nj2vvljm4@published\" data-editable=\"text\" data-component-name=\"paragraph\" data-article-gutter=\"true\">\n            Omar conden\u00f3 el anuncio de Trump en una conferencia de prensa la semana pasada y habl\u00f3 sobre el impacto en su comunidad: \u201cMuchas de estas personas de las que hablamos han forjado sus vidas\u201d, dijo. \u201cTienen casas, negocios, son una parte vital de nuestras comunidades, y queremos asegurarnos de que su nuevo hogar siga siendo su hogar definitivo\u201d.\n    <\/p>\n<p class=\"paragraph inline-placeholder vossi-paragraph\" data-uri=\"es.cms.cnn.com\/_components\/paragraph\/instances\/cmiptjqqz0015356n7obkyf98@published\" data-editable=\"text\" data-component-name=\"paragraph\" data-article-gutter=\"true\">\n            Somalia es uno de los 19 pa\u00edses incluidos en la amplia prohibici\u00f3n de viajes de Trump, implementada este verano, que impone restricciones totales o parciales. Muchos de los pa\u00edses de la lista son estados fallidos o est\u00e1n bajo reg\u00edmenes represivos, y algunos est\u00e1n gobernados por grupos que tomaron el control tras a\u00f1os de intervenci\u00f3n estadounidense, seg\u00fan inform\u00f3 CNN.\n    <\/p>\n<p class=\"paragraph inline-placeholder vossi-paragraph\" data-uri=\"es.cms.cnn.com\/_components\/paragraph\/instances\/cmiptjqqz0016356ndzw94lb3@published\" data-editable=\"text\" data-component-name=\"paragraph\" data-article-gutter=\"true\">\n            A ra\u00edz del tiroteo de la Guardia Nacional, Trump dijo que <a href=\"https:\/\/www.cnn.com\/2025\/11\/27\/politics\/us-reexamining-green-card-holders-19-countries\" rel=\"nofollow noopener\" target=\"_blank\">Estados Unidos reexaminar\u00e1<\/a> todas las tarjetas verdes emitidas a personas de los 19 pa\u00edses \u201cde preocupaci\u00f3n\u201d.\n    <\/p>\n<p class=\"paragraph inline-placeholder vossi-paragraph\" data-uri=\"es.cms.cnn.com\/_components\/paragraph\/instances\/cmiptjqqz0018356nd74hhmoh@published\" data-editable=\"text\" data-component-name=\"paragraph\" data-article-gutter=\"true\">\n            La nueva operaci\u00f3n de ICE dirigida a inmigrantes somal\u00edes indocumentados se centrar\u00e1 en Minneapolis y St. Paul, dijo un funcionario federal a CNN el martes.\n    <\/p>\n<p class=\"paragraph inline-placeholder vossi-paragraph\" data-uri=\"es.cms.cnn.com\/_components\/paragraph\/instances\/cmiptjqqz0019356nx5ldg3jj@published\" data-editable=\"text\" data-component-name=\"paragraph\" data-article-gutter=\"true\">\n            El New York Times, <a href=\"https:\/\/www.nytimes.com\/2025\/12\/02\/us\/politics\/ice-somali-migrants-minneapolis-st-paul.html\" target=\"_blank\" rel=\"nofollow noopener\">que cit\u00f3 documentos<\/a> y a un funcionario que habl\u00f3 an\u00f3nimamente, fue el primero en informar sobre la operaci\u00f3n en Minneapolis.\n    <\/p>\n<p class=\"paragraph inline-placeholder vossi-paragraph\" data-uri=\"es.cms.cnn.com\/_components\/paragraph\/instances\/cmiptjqqz001a356neerh9o8e@published\" data-editable=\"text\" data-component-name=\"paragraph\" data-article-gutter=\"true\">\n            En respuesta al informe del Times, el gobernador de Minnesota, Tim Walz, dem\u00f3crata, calific\u00f3 la operaci\u00f3n propuesta como un \u201ctruco de relaciones p\u00fablicas\u201d.\n    <\/p>\n<p class=\"paragraph inline-placeholder vossi-paragraph\" data-uri=\"es.cms.cnn.com\/_components\/paragraph\/instances\/cmiptjqqz001b356nv7p9zapm@published\" data-editable=\"text\" data-component-name=\"paragraph\" data-article-gutter=\"true\">\n            Pero los detalles siguen siendo vagos, ya que los l\u00edderes de las Ciudades Gemelas dijeron que no recibieron aviso previo ni informaci\u00f3n sobre el plan mientras realizaban una conferencia de prensa para responder a los informes de la nueva operaci\u00f3n.\n    <\/p>\n<p class=\"paragraph inline-placeholder vossi-paragraph\" data-uri=\"es.cms.cnn.com\/_components\/paragraph\/instances\/cmiptjqqz001c356nc9dnan62@published\" data-editable=\"text\" data-component-name=\"paragraph\" data-article-gutter=\"true\">\n            \u201cNo comprometeremos nuestros valores aqu\u00ed en Minneapolis\u201d, declar\u00f3 el alcalde de Minneapolis, Jacob Frey. \u201cNuestros valores y nuestro compromiso con la comunidad somal\u00ed, con cada comunidad de inmigrantes y con la gente de nuestra ciudad son s\u00f3lidos y ser\u00e1n inquebrantables\u201d. Frey confirm\u00f3 que la polic\u00eda de Minneapolis no participar\u00e1 en operativos de control migratorio.\n    <\/p>\n<p class=\"paragraph inline-placeholder vossi-paragraph\" data-uri=\"es.cms.cnn.com\/_components\/paragraph\/instances\/cmiptjqqz001d356nega9cto4@published\" data-editable=\"text\" data-component-name=\"paragraph\" data-article-gutter=\"true\">\n            Tanto Frey como el alcalde de St. Paul, Melvin Carter, reiteraron que sus ciudadanos tienen derechos y promocionaron los recursos legales de inmigraci\u00f3n disponibles para la comunidad.\n    <\/p>\n<p class=\"paragraph inline-placeholder vossi-paragraph\" data-uri=\"es.cms.cnn.com\/_components\/paragraph\/instances\/cmiptjqqz001e356nx62ko6l4@published\" data-editable=\"text\" data-component-name=\"paragraph\" data-article-gutter=\"true\">\n            Jamal Osman, miembro del Concejo Municipal de Minneapolis, un inmigrante somal\u00ed que representa a muchos migrantes en su distrito, dijo que su comunidad \u201cha vivido el miedo en el pasado y no vamos a permitir que eso nos divida\u201d.\n    <\/p>\n<p class=\"paragraph inline-placeholder vossi-paragraph\" data-uri=\"es.cms.cnn.com\/_components\/paragraph\/instances\/cmiptjqqz001f356n0btq1zfh@published\" data-editable=\"text\" data-component-name=\"paragraph\" data-article-gutter=\"true\">\n            \u201cS\u00e9 que muchas familias tienen miedo esta noche, pero quiero que sepan que la ciudad de Minneapolis los apoya\u201d, dijo Osman.\n    <\/p>\n","protected":false},"excerpt":{"rendered":"CNN \u00a0\u2014\u00a0 Cuando se le pregunt\u00f3 al presidente Donald Trump sobre c\u00f3mo se sentir\u00edan los afganos que se&hellip;\n","protected":false},"author":2,"featured_media":269052,"comment_status":"","ping_status":"","sticky":false,"template":"","format":"standard","meta":{"footnotes":""},"categories":[42],"tags":[17,18,13,14,11,16531,61,62,63,64,19,20,30100,9,10,15,16,66247,12,936,21,22,65,66,67],"class_list":{"0":"post-269051","1":"post","2":"type-post","3":"status-publish","4":"format-standard","5":"has-post-thumbnail","7":"category-internacional","8":"tag-breaking-news","9":"tag-breakingnews","10":"tag-featured-news","11":"tag-featurednews","12":"tag-headlines","13":"tag-ice","14":"tag-internacional","15":"tag-international","16":"tag-international-news","17":"tag-internationalnews","18":"tag-latest-news","19":"tag-latestnews","20":"tag-minnesota","21":"tag-news","22":"tag-noticias","23":"tag-noticias-destacadas","24":"tag-noticiasdestacadas","25":"tag-somalies","26":"tag-titulares","27":"tag-trump","28":"tag-ultimas-noticias","29":"tag-ultimasnoticias","30":"tag-world","31":"tag-world-news","32":"tag-worldnews"},"share_on_mastodon":{"url":"https:\/\/pubeurope.com\/@es\/115655868038018663","error":""},"_links":{"self":[{"href":"https:\/\/www.europesays.com\/es\/wp-json\/wp\/v2\/posts\/269051","targetHints":{"allow":["GET"]}}],"collection":[{"href":"https:\/\/www.europesays.com\/es\/wp-json\/wp\/v2\/posts"}],"about":[{"href":"https:\/\/www.europesays.com\/es\/wp-json\/wp\/v2\/types\/post"}],"author":[{"embeddable":true,"href":"https:\/\/www.europesays.com\/es\/wp-json\/wp\/v2\/users\/2"}],"replies":[{"embeddable":true,"href":"https:\/\/www.europesays.com\/es\/wp-json\/wp\/v2\/comments?post=269051"}],"version-history":[{"count":0,"href":"https:\/\/www.europesays.com\/es\/wp-json\/wp\/v2\/posts\/269051\/revisions"}],"wp:featuredmedia":[{"embeddable":true,"href":"https:\/\/www.europesays.com\/es\/wp-json\/wp\/v2\/media\/269052"}],"wp:attachment":[{"href":"https:\/\/www.europesays.com\/es\/wp-json\/wp\/v2\/media?parent=269051"}],"wp:term":[{"taxonomy":"category","embeddable":true,"href":"https:\/\/www.europesays.com\/es\/wp-json\/wp\/v2\/categories?post=269051"},{"taxonomy":"post_tag","embeddable":true,"href":"https:\/\/www.europesays.com\/es\/wp-json\/wp\/v2\/tags?post=269051"}],"curies":[{"name":"wp","href":"https:\/\/api.w.org\/{rel}","templated":true}]}}