{"id":269053,"date":"2025-12-03T13:27:09","date_gmt":"2025-12-03T13:27:09","guid":{"rendered":"https:\/\/www.europesays.com\/es\/269053\/"},"modified":"2025-12-03T13:27:09","modified_gmt":"2025-12-03T13:27:09","slug":"perez-llorca-mantiene-a-la-vicepresidenta-de-mazon-pero-le-quita-la-portavocia-y-la-competencia-vinculada-a-la-dana-noticias-de-la-comunidad-valenciana","status":"publish","type":"post","link":"https:\/\/www.europesays.com\/es\/269053\/","title":{"rendered":"P\u00e9rez Llorca mantiene a la vicepresidenta de Maz\u00f3n pero le quita la portavoc\u00eda y la competencia vinculada a la dana | Noticias de la Comunidad Valenciana"},"content":{"rendered":"<p class=\"\">El nuevo presidente de la Generalitat Valenciana, Juanfran P\u00e9rez Llorca, ha anunciado este mi\u00e9rcoles la composici\u00f3n de su gabinete, en el que mantiene a todos los consejeros de su antecesor, <a href=\"https:\/\/elpais.com\/noticias\/carlos-mazon-guixot\/\" target=\"_self\" rel=\"nofollow noopener\" title=\"https:\/\/elpais.com\/noticias\/carlos-mazon-guixot\/\">Carlos Maz\u00f3n<\/a>, salvo a la responsable de Hacienda, Ruth Merino. El president crea las consejer\u00edas de Presidencia, muy reforzada, y la de Servicios Sociales, Infancia y Familia, adem\u00e1s de desmontar la estructura de la sala de m\u00e1quinas de su antecesor en el Palau de la Generalitat.<\/p>\n<p class=\"\">El nuevo jefe del Consell mantiene en el Gobierno valenciano a los dos consejeros m\u00e1s criticados por los familiares de las v\u00edctimas de la dana, pero les quita las competencias directamente vinculadas a <a href=\"https:\/\/elpais.com\/espana\/comunidad-valenciana\/2025-12-02\/la-jueza-reconoce-a-la-victima-mortal-230-de-la-dana.html\" target=\"_self\" rel=\"nofollow noopener\" title=\"https:\/\/elpais.com\/espana\/comunidad-valenciana\/2025-12-02\/la-jueza-reconoce-a-la-victima-mortal-230-de-la-dana.html\">las inundaciones que causaron 230 muertos en la provincia de Valencia el 29 de octubre del pasado a\u00f1o<\/a>. Susana Camarero seguir\u00e1 siendo vicepresidenta, pero no ejercer\u00e1 de portavoz del Consell, como lo era con el anterior president. Camarero ha acusado un gran desgaste durante el a\u00f1o que ha estado ejerciendo de parapeto de la muy controvertida gesti\u00f3n de la dana de Maz\u00f3n, que le llev\u00f3 finalmente a presentar su dimisi\u00f3n el pasado 3 de noviembre. <\/p>\n<p class=\"\">A Camarero le sustituir\u00e1 en este cometido el veterano pol\u00edtico que fue el portavoz parlamentario del PP antes de asumir la consejer\u00eda de Agricultura, Miguel Barrachina. Se trata de un perfil duro y de probada lealtad al partido, que contrasta con las llamadas a la moderaci\u00f3n y al di\u00e1logo que invoca con reiteraci\u00f3n P\u00e9rez Llorca desde que fue investido presidente el pasado jueves.<\/p>\n<p class=\"\"><a href=\"https:\/\/elpais.com\/noticias\/susana-camarero-benitez\/\" target=\"_self\" rel=\"nofollow noopener\" title=\"https:\/\/elpais.com\/noticias\/susana-camarero-benitez\/\">Camarero<\/a> tampoco continuar\u00e1 con las competencias de Servicios Sociales, que incluye a las personas mayores y dependientes. La vicepresidenta ha sido citada como testigo por la magistrada instructora de la causa penal de la dana por la muerte de 37 dependientes conectados al servicio de teleasistencia de la Generalitat. En cambio, mantendr\u00e1 las carteras de Vivienda e Igualdad y, adem\u00e1s, incorpora Empleo y Juventud. <\/p>\n<p class=\"\">P\u00e9rez Llorca mantiene tambi\u00e9n en el Consell a uno de los consejeros m\u00e1s pol\u00e9micos, y amigo personal de Maz\u00f3n, Jos\u00e9 Antonio Rovira, pero le cambia las carteras de Educaci\u00f3n, Cultura y Universidades que hasta ahora desempe\u00f1aba por la de Econom\u00eda y Hacienda. Rovira se march\u00f3 a su casa de Alicante durante la ma\u00f1ana de la dana y su gesti\u00f3n es objeto de numerosas cr\u00edticas por parte de las v\u00edctimas. <\/p>\n<p class=\"\">De la consejer\u00eda de Hacienda sale Ruth Merino, la \u00fanica consejera del Consell que no proseguir\u00e1 en el cargo. Fue un fichaje de Maz\u00f3n que pesc\u00f3 en el caladero de Ciudadanos. Mari Carmen Ortiz, inspectora educativa y directora de la Universitat Popular de Val\u00e8ncia, ser\u00e1 su relevo al frente de Educaci\u00f3n, Cultura y Universidades.<\/p>\n<p class=\"\">El president ha creados dos consejer\u00edas nuevas con respecto al Gobierno anterior: la de Presidencia, donde ha desmontado y prescindido de los cargos de Maz\u00f3n, y la de Servicios Sociales, Infancia y Familia. Pepe D\u00edez ocupar\u00e1 la primera con rango de vicepresidente. Licenciado en Derecho, hasta ahora era director general de Proyectos Estrat\u00e9gicas y anteriormente fue abogado de la Generalitat. La segunda, estar\u00e1 dirigida por Elena Albalat, hasta ahora secretaria auton\u00f3mica del Sistema Sociosanitario. <\/p>\n<p class=\"\">Habr\u00e1 tres vicepresidentes: Pepe D\u00edez, Susana Camarero y Vicente Mart\u00ednez Mus, uno de los consejeros mejor valorados, que seguir\u00e1 con las carteras de Recuperaci\u00f3n, Medio Ambiente y Territorio, a las que incorpora Energ\u00eda.<\/p>\n<p class=\"\">Adem\u00e1s, los consejeros que se mantienen en las competencias que ostentaban en el gobierno saliente de Maz\u00f3n son Marciano G\u00f3mez en Sanidad; Juan Carlos Valderrama en Emergencias e Interior; Marian Cano en Industria, Turismo, Innovaci\u00f3n y Comercio, y Nuria Mart\u00ednez en Justicia, aunque a partir de ahora con las competencias de Transparencia y sin las de Administraci\u00f3n P\u00fablica. Tambi\u00e9n conserva sus competencias en Agricultura Miguel Barrachina.<\/p>\n<p class=\"\">P\u00e9rez Llorca tambi\u00e9n ha anunciado la designaci\u00f3n de un Comisionado para la recuperaci\u00f3n tras la dana, adscrito a la vicepresidencia de Mus, que ser\u00e1 Ra\u00fal M\u00e9rida, hasta ahora secretario auton\u00f3mico de Medio Ambiente. \u201cQuiero que haya un mando claro y una coordinaci\u00f3n real y reforzar la recuperaci\u00f3n con los ayuntamientos, los sectores afectados y tambi\u00e9n con el Gobierno\u201d, ha explicado el nuevo jefe del Consell en su primera comparecencia en el Palau de la Generalitat.<\/p>\n<p class=\"\">El president ha reiterado su intenci\u00f3n de poner \u201cmucho \u00e9nfasis\u201d durante su gobierno a las pol\u00edticas de vivienda, juventud y empleo, que \u201cson transversales a toda la Generalitat\u201d. \u201cPor eso quiero reforzar el papel de esta Vicepresidencia y de Susana Camarero en estas competencias, que para m\u00ed van a ser muy prioritarias\u201d, ha recalcado. <\/p>\n<p class=\"\">Llorca ha avanzado que Presidencia asumir\u00e1 las competencias de pol\u00edtica ling\u00fc\u00edstica, que hasta ahora depend\u00edan de Educaci\u00f3n. \u201cDesde aqu\u00ed reforzaremos el uso y la promoci\u00f3n del valenciano\u201d, ha aseverado sobre una materia de la que Vox, su socio parlamentario, ha hecho caballo de batalla en contra de la Acad\u00e8mia Valenciana de la Llengua. El presidente la defiende, pero tiene que incluir cambios en su funcionamiento, ha repetido en numerosas ocasiones.<\/p>\n<p class=\"\">Tambi\u00e9n ha anunciado la incorporaci\u00f3n \u201cen los pr\u00f3ximos d\u00edas\u201d de tres secretarios auton\u00f3micos: Henar Molinero como secretaria de Presidencia (que ya ejerci\u00f3 un cargo muy similar durante el mandato de Francisco Camps); Jacobo Navarro como secretario auton\u00f3mico de An\u00e1lisis Estrat\u00e9gico y Pol\u00edtica P\u00fablicas y Vicente Ordaz como secretario auton\u00f3mico de Comunicaci\u00f3n. Por tanto, Ordaz, antiguo jefe de informativos de la Cope en Valencia, dejar\u00e1 de presidir el consejo de administraci\u00f3n de \u00c0 Punt, la radiotelevisi\u00f3n p\u00fablica valenciana, que ha dirigido menos de un a\u00f1o. <\/p>\n","protected":false},"excerpt":{"rendered":"El nuevo presidente de la Generalitat Valenciana, Juanfran P\u00e9rez Llorca, ha anunciado este mi\u00e9rcoles la composici\u00f3n de su&hellip;\n","protected":false},"author":2,"featured_media":269054,"comment_status":"","ping_status":"","sticky":false,"template":"","format":"standard","meta":{"footnotes":""},"categories":[8],"tags":[17,18,242,25,24,13,14,11,19,20,9,10,15,16,23,12,21,22],"class_list":{"0":"post-269053","1":"post","2":"type-post","3":"status-publish","4":"format-standard","5":"has-post-thumbnail","7":"category-espana","8":"tag-breaking-news","9":"tag-breakingnews","10":"tag-comunidad-valenciana","11":"tag-es","12":"tag-espana","13":"tag-featured-news","14":"tag-featurednews","15":"tag-headlines","16":"tag-latest-news","17":"tag-latestnews","18":"tag-news","19":"tag-noticias","20":"tag-noticias-destacadas","21":"tag-noticiasdestacadas","22":"tag-spain","23":"tag-titulares","24":"tag-ultimas-noticias","25":"tag-ultimasnoticias"},"share_on_mastodon":{"url":"https:\/\/pubeurope.com\/@es\/115655871474216735","error":""},"_links":{"self":[{"href":"https:\/\/www.europesays.com\/es\/wp-json\/wp\/v2\/posts\/269053","targetHints":{"allow":["GET"]}}],"collection":[{"href":"https:\/\/www.europesays.com\/es\/wp-json\/wp\/v2\/posts"}],"about":[{"href":"https:\/\/www.europesays.com\/es\/wp-json\/wp\/v2\/types\/post"}],"author":[{"embeddable":true,"href":"https:\/\/www.europesays.com\/es\/wp-json\/wp\/v2\/users\/2"}],"replies":[{"embeddable":true,"href":"https:\/\/www.europesays.com\/es\/wp-json\/wp\/v2\/comments?post=269053"}],"version-history":[{"count":0,"href":"https:\/\/www.europesays.com\/es\/wp-json\/wp\/v2\/posts\/269053\/revisions"}],"wp:featuredmedia":[{"embeddable":true,"href":"https:\/\/www.europesays.com\/es\/wp-json\/wp\/v2\/media\/269054"}],"wp:attachment":[{"href":"https:\/\/www.europesays.com\/es\/wp-json\/wp\/v2\/media?parent=269053"}],"wp:term":[{"taxonomy":"category","embeddable":true,"href":"https:\/\/www.europesays.com\/es\/wp-json\/wp\/v2\/categories?post=269053"},{"taxonomy":"post_tag","embeddable":true,"href":"https:\/\/www.europesays.com\/es\/wp-json\/wp\/v2\/tags?post=269053"}],"curies":[{"name":"wp","href":"https:\/\/api.w.org\/{rel}","templated":true}]}}